{"id":690147,"date":"2026-04-30T18:06:03","date_gmt":"2026-04-30T18:06:03","guid":{"rendered":"https:\/\/microscopemedia.com\/?p=690147"},"modified":"2026-04-30T18:06:03","modified_gmt":"2026-04-30T18:06:03","slug":"presedintele-psd-promite-masuri-sociale-daca-social-democratii-revin-in-noul-guvern-dar-nu-imediat","status":"publish","type":"post","link":"https:\/\/microscopemedia.com\/?p=690147","title":{"rendered":"Pre\u0219edintele PSD promite m\u0103suri sociale dac\u0103 social-democra\u021bii revin \u00een noul guvern. Dar nu imediat"},"content":{"rendered":"<div><img decoding=\"async\" src=\"https:\/\/microscopemedia.com\/wp-content\/uploads\/2026\/04\/presedintele-psd-promite-masuri-sociale-daca-social-democratii-revin-in-noul-guvern-dar-nu-imediat.jpg\" class=\"ff-og-image-inserted\"><\/div>\n<p id=\"p-0\">Sorin Grindeanu a fost \u00eentrebat, joi seara, la Antena 3 CNN, dac\u0103 PSD va scoate contribu\u021biile la s\u0103n\u0103tate de la mame \u0219i pensionari \u00een cazul \u00een care revine la masa guvern\u0103rii.<\/p>\n<p id=\"p-1\">\u201eEste propunerea noastr\u0103, a\u0219a cum bine \u0219ti\u021bi. Este o chestiune pe care, \u0219i aici trebuie s\u0103 fim corec\u021bi, Comisia European\u0103 a cerut urm\u0103torul lucru: ca la pensionari, de la o numit\u0103 pensie \u00een sus, s\u0103 existe contribu\u021bii asigur\u0103rile de s\u0103n\u0103tate. \u0218i este un lucru pe care trebuie s\u0103 \u00eel spunem direct. Ce e adev\u0103rat, adev\u0103rat, ce nu, nu. Unde s-au f\u0103cut excese? S-au f\u0103cut la mame, la veterani de r\u0103zboi, la de\u021binu\u021bi politici. (\u2026) Cele care \u021bin de mame, cred c\u0103 e un lucru de bun sim\u021b s\u0103-l facem, cele legate de pensionari\u2026 de la o numit\u0103 pensie \u00een sus. Aceste cerin\u021be au venit de la Comisie. Ce nu s-a f\u0103cut, \u00een schimb, dac\u0103 tot s-a spus c\u0103 de la 3.000 de lei \u00een sus trebuie s\u0103 facem aceast\u0103 contribu\u021bie\u2026 nu \u00een\u021beleg de ce nu s-a f\u0103cut odat\u0103 cu infla\u021bia asta de 10% de la 3.300 \u00een plus. Pentru c\u0103 a\u0219a ar trebui s\u0103 se calculeze\u201d, a r\u0103spuns Sorin Grindeanu.<\/p>\n<p id=\"p-2\">\u00centrebat dac\u0103 va reduce PSD \u0219i TVA la 19%, a\u0219a cum a spus primarul Craiovei, Lia Olgu\u021ba Vasilescu, Sorin Grindeanu a spus c\u0103 acest lucru se va \u00eent\u00e2mplat \u201e\u00een momentul \u00een care politicile economice vor fi unele care \u00ee\u0219i vor atinge \u021binta, pentru c\u0103 noi trebuie s\u0103 repornim economia, trebuie s\u0103 repornim investi\u021biile. Fie c\u0103 vorbim de investi\u021bii na\u021bionale, fie c\u0103 vorbim de cele locale\u201d.<\/p>\n<p id=\"p-3\">\u201eTrebuie s\u0103 repornim programe na\u021bionale. S-a redus \u201ede-a proasta\u201d, f\u0103r\u0103 niciun\u2026 V\u0103 dau un exemplu. F\u0103r\u0103 niciun fel de justificare, programul RABLA, prin care, de fapt, tu ca stat c\u00e2\u0219tigai, dincolo de faptul c\u0103 d\u0103deai de munc\u0103 \u00eentr-o uzin\u0103 din Rom\u00e2nia. V\u0103 dau un exemplu care mi-a venit \u00een minte. \u00cen momentul \u00een care aceste lucruri \u00ee\u0219i vor vedea efectul \u00een economie, evident c\u0103 toat\u0103 lumea \u00ee\u0219i dore\u0219te s\u0103 fac\u0103 reduceri de taxe. Nimeni nu este nebun. Doar c\u0103 trebuie s\u0103 le dai \u00eencrederea. Trebuie s\u0103 le dai \u00eencrederea \u0219i cet\u0103\u021benilor. Pentru c\u0103, \u00een acest moment, lumea este speriat\u0103 \u0219i nu consum\u0103 \u0219i drept dovad\u0103 c\u0103, \u00een ultimele \u0219apte luni, consumul a sc\u0103zut de la lun\u0103 la lun\u0103. Trebuie s\u0103 dai \u00eencredere \u0219i investitorilor \u0219i tuturor celor care \u00eencearc\u0103 s\u0103 reporneasc\u0103 economia. Nu dai \u00eencredere dac\u0103 nu dai speran\u021b\u0103. Iar \u00een acest moment, acest guvern nu mai d\u0103 speran\u021b\u0103. Nu mai livreaz\u0103 acest lucru. \u0218i atunci trebuie s\u0103 plece\u201d, a mai spus pre\u0219edintele PSD.<\/p>\n","protected":false},"excerpt":{"rendered":"<p>Sorin Grindeanu a fost \u00eentrebat, joi seara, la Antena 3 CNN, dac\u0103 PSD va scoate contribu\u021biile la s\u0103n\u0103tate de la mame \u0219i pensionari \u00een cazul \u00een care revine la masa &hellip; <a href=\"https:\/\/microscopemedia.com\/?p=690147\" class=\"more-link\">Read More<\/a><\/p>\n","protected":false},"author":1,"featured_media":690148,"comment_status":"closed","ping_status":"closed","sticky":false,"template":"Default","format":"standard","meta":[],"categories":[1],"tags":[],"_links":{"self":[{"href":"https:\/\/microscopemedia.com\/index.php?rest_route=\/wp\/v2\/posts\/690147"}],"collection":[{"href":"https:\/\/microscopemedia.com\/index.php?rest_route=\/wp\/v2\/posts"}],"about":[{"href":"https:\/\/microscopemedia.com\/index.php?rest_route=\/wp\/v2\/types\/post"}],"author":[{"embeddable":true,"href":"https:\/\/microscopemedia.com\/index.php?rest_route=\/wp\/v2\/users\/1"}],"replies":[{"embeddable":true,"href":"https:\/\/microscopemedia.com\/index.php?rest_route=%2Fwp%2Fv2%2Fcomments&post=690147"}],"version-history":[{"count":0,"href":"https:\/\/microscopemedia.com\/index.php?rest_route=\/wp\/v2\/posts\/690147\/revisions"}],"wp:featuredmedia":[{"embeddable":true,"href":"https:\/\/microscopemedia.com\/index.php?rest_route=\/wp\/v2\/media\/690148"}],"wp:attachment":[{"href":"https:\/\/microscopemedia.com\/index.php?rest_route=%2Fwp%2Fv2%2Fmedia&parent=690147"}],"wp:term":[{"taxonomy":"category","embeddable":true,"href":"https:\/\/microscopemedia.com\/index.php?rest_route=%2Fwp%2Fv2%2Fcategories&post=690147"},{"taxonomy":"post_tag","embeddable":true,"href":"https:\/\/microscopemedia.com\/index.php?rest_route=%2Fwp%2Fv2%2Ftags&post=690147"}],"curies":[{"name":"wp","href":"https:\/\/api.w.org\/{rel}","templated":true}]}}