{"id":690149,"date":"2026-04-30T18:16:04","date_gmt":"2026-04-30T18:16:04","guid":{"rendered":"https:\/\/microscopemedia.com\/?p=690149"},"modified":"2026-04-30T18:16:04","modified_gmt":"2026-04-30T18:16:04","slug":"sorin-grindeanu-bolojan-are-un-limbaj-fascist","status":"publish","type":"post","link":"https:\/\/microscopemedia.com\/?p=690149","title":{"rendered":"Sorin Grindeanu: \u201eBolojan are un limbaj fascist\u201d"},"content":{"rendered":"<div><img decoding=\"async\" src=\"https:\/\/microscopemedia.com\/wp-content\/uploads\/2026\/04\/sorin-grindeanu-bolojan-are-un-limbaj-fascist.jpg\" class=\"ff-og-image-inserted\"><\/div>\n<div readability=\"23.097077244259\">\n<p id=\"p-0\">Invitat, joi, la Antena 3 CNN, pre\u0219edintele PSD a declarat c\u0103 limbajul folosit de premierul Ilie Bolojan \u201eeste un limbaj fascist\u201d \u0219i c\u0103 este un exemplu din perioada propagandei fasciste al lui Goebbels, dinainte \u0219i din timpul celui de-al Doilea R\u0103zboi Mondial.<\/p>\n<p id=\"p-1\">Liderul PSD a declarat c\u0103 el nu \u00ee\u0219i permite s\u0103 vorbeasc\u0103 a\u0219a \u0219i s\u0103 \u00eei eticheteze pe al\u021bii, \u0219i c\u0103 premierul are un feti\u0219 politic: \u201ea g\u0103sit dintr-o dat\u0103 \u0219i a aprins lumina, c\u0103 tot a\u0219a spune, v\u0103d c\u0103 e un feti\u0219 din \u0103sta politic, cu c\u0103m\u0103ri, cu lumini aprinse, cu \u0219obolani\u201d.<\/p>\n<p id=\"p-2\">De asemenea, Grindeanu a ad\u0103ugat c\u0103 dac\u0103 tot a f\u0103cut Bolojan descoperiri, de ce nu a f\u0103cut vreo pl\u00e2ngere la institu\u021biile statului, deoarece \u201es-ar putea s\u0103 fie acuzat de t\u0103inuire\u201d.<\/p>\n<\/p><\/div>\n","protected":false},"excerpt":{"rendered":"<p>Invitat, joi, la Antena 3 CNN, pre\u0219edintele PSD a declarat c\u0103 limbajul folosit de premierul Ilie Bolojan \u201eeste un limbaj fascist\u201d \u0219i c\u0103 este un exemplu din perioada propagandei fasciste &hellip; <a href=\"https:\/\/microscopemedia.com\/?p=690149\" class=\"more-link\">Read More<\/a><\/p>\n","protected":false},"author":1,"featured_media":690150,"comment_status":"closed","ping_status":"closed","sticky":false,"template":"Default","format":"standard","meta":[],"categories":[1],"tags":[],"_links":{"self":[{"href":"https:\/\/microscopemedia.com\/index.php?rest_route=\/wp\/v2\/posts\/690149"}],"collection":[{"href":"https:\/\/microscopemedia.com\/index.php?rest_route=\/wp\/v2\/posts"}],"about":[{"href":"https:\/\/microscopemedia.com\/index.php?rest_route=\/wp\/v2\/types\/post"}],"author":[{"embeddable":true,"href":"https:\/\/microscopemedia.com\/index.php?rest_route=\/wp\/v2\/users\/1"}],"replies":[{"embeddable":true,"href":"https:\/\/microscopemedia.com\/index.php?rest_route=%2Fwp%2Fv2%2Fcomments&post=690149"}],"version-history":[{"count":0,"href":"https:\/\/microscopemedia.com\/index.php?rest_route=\/wp\/v2\/posts\/690149\/revisions"}],"wp:featuredmedia":[{"embeddable":true,"href":"https:\/\/microscopemedia.com\/index.php?rest_route=\/wp\/v2\/media\/690150"}],"wp:attachment":[{"href":"https:\/\/microscopemedia.com\/index.php?rest_route=%2Fwp%2Fv2%2Fmedia&parent=690149"}],"wp:term":[{"taxonomy":"category","embeddable":true,"href":"https:\/\/microscopemedia.com\/index.php?rest_route=%2Fwp%2Fv2%2Fcategories&post=690149"},{"taxonomy":"post_tag","embeddable":true,"href":"https:\/\/microscopemedia.com\/index.php?rest_route=%2Fwp%2Fv2%2Ftags&post=690149"}],"curies":[{"name":"wp","href":"https:\/\/api.w.org\/{rel}","templated":true}]}}