{"id":690151,"date":"2026-04-30T18:26:03","date_gmt":"2026-04-30T18:26:03","guid":{"rendered":"https:\/\/microscopemedia.com\/?p=690151"},"modified":"2026-04-30T18:26:03","modified_gmt":"2026-04-30T18:26:03","slug":"grindeanu-daca-va-fi-nominalizat-premier-nu-am-niciun-fel-de-ezitare","status":"publish","type":"post","link":"https:\/\/microscopemedia.com\/?p=690151","title":{"rendered":"Grindeanu, dac\u0103 va fi nominalizat premier: \u201eNu am niciun fel de ezitare\u201d"},"content":{"rendered":"<div><img decoding=\"async\" src=\"https:\/\/microscopemedia.com\/wp-content\/uploads\/2026\/04\/grindeanu-daca-va-fi-nominalizat-premier-nu-am-niciun-fel-de-ezitare.jpg\" class=\"ff-og-image-inserted\"><\/div>\n<div readability=\"24\">\n<p id=\"p-0\">Invitat la Antena 3 CNN, joi seara, pre\u0219edintele PSD Sorin Grindeanu a fost \u00eentrebat care este op\u021biunea Partidului Social Democrat pentru prim-ministrul Rom\u00e2niei.<\/p>\n<p id=\"p-1\">\u201ePartidul Social Democrat va nominaliza un prim-ministru dac\u0103 asta va fi solu\u021bia \u00een urma consult\u0103rilor\u201d, a r\u0103spuns Grindeanu.<\/p>\n<p id=\"p-2\">\u00centrebat dac\u0103 ezit\u0103 \u00een a fi propus premier, liderul PSD a r\u0103spuns \u201eDac\u0103 ai mei colegi, vor vrea acest lucru, nu am niciun fel de ezitare\u201d.<\/p>\n<p id=\"p-3\">\u00cens\u0103, Sorin Grindeanu a ad\u0103ugat c\u0103 PSD este deschis la orice variant\u0103 \u0219i c\u0103 vrea s\u0103 g\u0103seasc\u0103 rapid o solu\u021bie\u201d.<\/p>\n<\/p><\/div>\n","protected":false},"excerpt":{"rendered":"<p>Invitat la Antena 3 CNN, joi seara, pre\u0219edintele PSD Sorin Grindeanu a fost \u00eentrebat care este op\u021biunea Partidului Social Democrat pentru prim-ministrul Rom\u00e2niei. \u201ePartidul Social Democrat va nominaliza un prim-ministru &hellip; <a href=\"https:\/\/microscopemedia.com\/?p=690151\" class=\"more-link\">Read More<\/a><\/p>\n","protected":false},"author":1,"featured_media":690152,"comment_status":"closed","ping_status":"closed","sticky":false,"template":"Default","format":"standard","meta":[],"categories":[1],"tags":[],"_links":{"self":[{"href":"https:\/\/microscopemedia.com\/index.php?rest_route=\/wp\/v2\/posts\/690151"}],"collection":[{"href":"https:\/\/microscopemedia.com\/index.php?rest_route=\/wp\/v2\/posts"}],"about":[{"href":"https:\/\/microscopemedia.com\/index.php?rest_route=\/wp\/v2\/types\/post"}],"author":[{"embeddable":true,"href":"https:\/\/microscopemedia.com\/index.php?rest_route=\/wp\/v2\/users\/1"}],"replies":[{"embeddable":true,"href":"https:\/\/microscopemedia.com\/index.php?rest_route=%2Fwp%2Fv2%2Fcomments&post=690151"}],"version-history":[{"count":0,"href":"https:\/\/microscopemedia.com\/index.php?rest_route=\/wp\/v2\/posts\/690151\/revisions"}],"wp:featuredmedia":[{"embeddable":true,"href":"https:\/\/microscopemedia.com\/index.php?rest_route=\/wp\/v2\/media\/690152"}],"wp:attachment":[{"href":"https:\/\/microscopemedia.com\/index.php?rest_route=%2Fwp%2Fv2%2Fmedia&parent=690151"}],"wp:term":[{"taxonomy":"category","embeddable":true,"href":"https:\/\/microscopemedia.com\/index.php?rest_route=%2Fwp%2Fv2%2Fcategories&post=690151"},{"taxonomy":"post_tag","embeddable":true,"href":"https:\/\/microscopemedia.com\/index.php?rest_route=%2Fwp%2Fv2%2Ftags&post=690151"}],"curies":[{"name":"wp","href":"https:\/\/api.w.org\/{rel}","templated":true}]}}