{"id":690175,"date":"2026-04-30T21:46:04","date_gmt":"2026-04-30T21:46:04","guid":{"rendered":"https:\/\/microscopemedia.com\/?p=690175"},"modified":"2026-04-30T21:46:04","modified_gmt":"2026-04-30T21:46:04","slug":"protest-al-sustinatorilor-dianei-sosoaca-la-otopeni-dupa-ridicarea-imunitatii-in-parlamentul-european","status":"publish","type":"post","link":"https:\/\/microscopemedia.com\/?p=690175","title":{"rendered":"Protest al sus\u021bin\u0103torilor Dianei \u0218o\u0219oac\u0103 la Otopeni, dup\u0103 ridicarea imunit\u0103\u021bii \u00een Parlamentul European"},"content":{"rendered":"<div><img decoding=\"async\" src=\"https:\/\/microscopemedia.com\/wp-content\/uploads\/2026\/04\/protest-al-sustinatorilor-dianei-sosoaca-la-otopeni-dupa-ridicarea-imunitatii-in-parlamentul-european.png\" class=\"ff-og-image-inserted\"><\/div>\n<p id=\"p-0\">Europarlamentara Diana \u0218o\u0219oac\u0103, pre\u0219edinta S.O.S. Rom\u00e2nia, a revenit joi sear\u0103 de la Strasbourg, unde a participat la plenara Parlamentului European.<\/p>\n<p id=\"p-1\">La Aeroportul Otopeni, a fost \u00eent\u00e2mpinat\u0103 de mai mul\u021bi simpatizan\u021bi, care au venit s\u0103-\u0219i dovedeasc\u0103 sus\u021binerea \u0219i s\u0103 protesteze fa\u021b\u0103 de decizia de ridicare a imunit\u0103\u021bii de c\u0103tre Parlamentul European.<\/p>\n<h2 id=\"chapter-0\">Despre salariile mici, printre scand\u0103ri<\/h2>\n<p id=\"p-2\">C\u00e2teva zeci de persoane au fluturat steaguri tricolore \u0219i flori, scand\u00e2nd mesaje de sus\u021binere. \u201eDiana, Diana\u201d, \u201eDiana te iubim\u201d \u0219i \u201eDiana pre\u0219edinte\u201d s-a auzit pe tot parcursul protestului. Participan\u021bii purtau pancarte cu mesajul \u201eSolidari cu Diana \u0218o\u0219oac\u0103\u201d \u0219i multe steaguri ale partidului SOS Rom\u00e2nia.<\/p>\n<p id=\"p-3\">\u00centre scand\u0103ri, oamenii discutau despre salariile mici, pl\u00e2ng\u00e2ndu-se c\u0103 sunt pl\u0103ti\u021bi \u201ela minim pe economie\u201d.<\/p>\n<h2 id=\"chapter-1\">\u0218o\u0219oac\u0103: Nu au ei pu\u0219c\u0103rii s\u0103 m\u0103 \u00eengenuncheze<\/h2>\n<p id=\"p-4\">Diana \u0218o\u0219oac\u0103 s-a al\u0103turat grupului, d\u00e2nd tonul unor lozinci cu mesaj protestatar. \u201eLa lupt\u0103!\u201d, \u201eRevolu\u021bie!\u201d, \u201eAdev\u0103rul, adev\u0103rul!\u201d, \u201eRom\u00e2nia liber\u0103\u201d, \u201eJos tr\u0103d\u0103torii\u201d \u0219i \u201eTr\u0103d\u0103torii la canal\u201d au fost strigate de aceasta \u0219i preluate imediat de mul\u021bime.<\/p>\n<p id=\"p-5\">\u201eNu mi-e fric\u0103. Nu au ei pu\u0219c\u0103rii \u0219i aresturi ca s\u0103 m\u0103 poat\u0103 \u00eengenunchea\u201d, le-a spus europarlamentara S.O.S. Rom\u00e2nia celor aduna\u021bi la aeroport.<\/p>\n<h2 id=\"chapter-2\">Und\u0103 verde pentru continuarea anchetei<\/h2>\n<p id=\"p-6\">La solicitarea autorit\u0103\u021bilor rom\u00e2ne, <a href=\"https:\/\/www.mediafax.ro\/politic\/breaking-news-parlamentul-european-a-votat-pentru-ridicarea-imunitatii-dianei-sosoaca-23727838\">plenul Parlamentului European a votat mar\u021bi pentru ridicarea imunit\u0103\u021bii Dianei \u0218o\u0219oac\u0103<\/a>, dup\u0103 ce Comisia juridic\u0103 \u0219i-a dat avizul favorabil.<\/p>\n<p id=\"p-7\">Decizia permite procurorilor s\u0103 continue cercet\u0103rile \u00eentr-un dosar penal care vizeaz\u0103 mai multe mai multe presupuse infrac\u021biuni care ar fi fost comise \u00een perioada 10 decembrie 2021 \u2013 11 februarie 2025. Printre acuza\u021biile men\u021bionate se num\u0103r\u0103 propagand\u0103 legionar\u0103, promovarea cultului unor persoane condamnate pentru crime de r\u0103zboi, declara\u021bii cu caracter antisemit, dar \u0219i lipsire de libertate \u00een mod ilegal \u0219i ultraj.<\/p>\n<p id=\"p-8\">Ridicarea imunit\u0103\u021bii elimin\u0103 un obstacol procedural \u00een calea anchetei.<\/p>\n","protected":false},"excerpt":{"rendered":"<p>Europarlamentara Diana \u0218o\u0219oac\u0103, pre\u0219edinta S.O.S. Rom\u00e2nia, a revenit joi sear\u0103 de la Strasbourg, unde a participat la plenara Parlamentului European. La Aeroportul Otopeni, a fost \u00eent\u00e2mpinat\u0103 de mai mul\u021bi simpatizan\u021bi, &hellip; <a href=\"https:\/\/microscopemedia.com\/?p=690175\" class=\"more-link\">Read More<\/a><\/p>\n","protected":false},"author":1,"featured_media":690176,"comment_status":"closed","ping_status":"closed","sticky":false,"template":"Default","format":"standard","meta":[],"categories":[1],"tags":[],"_links":{"self":[{"href":"https:\/\/microscopemedia.com\/index.php?rest_route=\/wp\/v2\/posts\/690175"}],"collection":[{"href":"https:\/\/microscopemedia.com\/index.php?rest_route=\/wp\/v2\/posts"}],"about":[{"href":"https:\/\/microscopemedia.com\/index.php?rest_route=\/wp\/v2\/types\/post"}],"author":[{"embeddable":true,"href":"https:\/\/microscopemedia.com\/index.php?rest_route=\/wp\/v2\/users\/1"}],"replies":[{"embeddable":true,"href":"https:\/\/microscopemedia.com\/index.php?rest_route=%2Fwp%2Fv2%2Fcomments&post=690175"}],"version-history":[{"count":0,"href":"https:\/\/microscopemedia.com\/index.php?rest_route=\/wp\/v2\/posts\/690175\/revisions"}],"wp:featuredmedia":[{"embeddable":true,"href":"https:\/\/microscopemedia.com\/index.php?rest_route=\/wp\/v2\/media\/690176"}],"wp:attachment":[{"href":"https:\/\/microscopemedia.com\/index.php?rest_route=%2Fwp%2Fv2%2Fmedia&parent=690175"}],"wp:term":[{"taxonomy":"category","embeddable":true,"href":"https:\/\/microscopemedia.com\/index.php?rest_route=%2Fwp%2Fv2%2Fcategories&post=690175"},{"taxonomy":"post_tag","embeddable":true,"href":"https:\/\/microscopemedia.com\/index.php?rest_route=%2Fwp%2Fv2%2Ftags&post=690175"}],"curies":[{"name":"wp","href":"https:\/\/api.w.org\/{rel}","templated":true}]}}