{"id":690177,"date":"2026-04-30T22:57:03","date_gmt":"2026-04-30T22:57:03","guid":{"rendered":"https:\/\/microscopemedia.com\/?p=690177"},"modified":"2026-04-30T22:57:03","modified_gmt":"2026-04-30T22:57:03","slug":"sosoaca-americanii-si-rusii-mi-au-spus-ca-nu-au-inchisori-care-sa-mi-faca-fata","status":"publish","type":"post","link":"https:\/\/microscopemedia.com\/?p=690177","title":{"rendered":"\u0218o\u0219oac\u0103: Americanii \u0219i ru\u0219ii mi-au spus c\u0103 nu au \u00eenchisori care s\u0103-mi fac\u0103 fa\u021b\u0103"},"content":{"rendered":"<div><img decoding=\"async\" src=\"https:\/\/microscopemedia.com\/wp-content\/uploads\/2026\/04\/sosoaca-americanii-si-rusii-mi-au-spus-ca-nu-au-inchisori-care-sa-mi-faca-fata.jpg\" class=\"ff-og-image-inserted\"><\/div>\n<p id=\"p-0\">\u00cen discursul sus\u021binut \u00een fa\u021ba simpatizan\u021bilor aduna\u021bi la Otopeni, Diana \u0218o\u0219oac\u0103 a afirmat c\u0103 nu se teme de anchetele \u00een care este vizat\u0103 \u0219i de eventuale m\u0103suri judiciare, sus\u021bin\u00e2nd c\u0103 nu exist\u0103 \u00eenchisori care s\u0103 o poat\u0103 \u201e\u00eengenunchea\u201d.<\/p>\n<p id=\"p-1\">\u201eNu mi-e fric\u0103. Nu au ei pu\u0219c\u0103rii \u0219i aresturi ca s\u0103 m\u0103 poat\u0103 \u00eengenunchea. \u0218i americanii \u0219i ru\u0219ii mi-au zis la fel: Nici m\u0103car noi nu avem \u00eenchisori care s\u0103 v\u0103 fac\u0103 fa\u021b\u0103\u201d, a spus europarlamentara.<\/p>\n<h2 id=\"chapter-0\">Avertismente pentru \u0219efii penitenciarelor<\/h2>\n<p id=\"p-2\">\u201eV\u0103 da\u021bi seama c\u0103 Rom\u00e2nia e vai de mama ei, ce \u00eenchisori avem. Se poate \u0219i evada\u201d, a spus europarlamentara.<\/p>\n<p id=\"p-3\">Ea a ad\u0103ugat c\u0103, dac\u0103 ar ajunge \u00een deten\u021bie, va face pl\u00e2ngeri \u00eempotriva autorit\u0103\u021bilor: \u201eDac\u0103 m\u0103 duc acolo, \u00eei avertizez pe to\u021bi directorii de \u00eenchisoare \u0219i pe \u0219eful penitenciarelor \u0219i pe ministrul Justi\u021biei c\u0103 le voi face pl\u00e2ngeri na\u021bionale \u0219i interna\u021bionale pentru toate crimele \u0219i violurile care se petrec \u00een pu\u0219c\u0103rie \u0219i pentru toat\u0103 mafia cu magazinele care apar\u021bin oamenilor politici.\u201d<\/p>\n<h2 id=\"chapter-1\">\u0218o\u0219oac\u0103 critic\u0103 motivele pentru ridicarea imunit\u0103\u021bii<\/h2>\n<p id=\"p-4\">Potrivit Dianei \u0218o\u0219oac\u0103, \u00een aceea\u0219i zi au mai r\u0103mas f\u0103r\u0103 imunitate \u0219i al\u021bi europarlamentari. \u201eOdat\u0103 cu mine, s-a ridicat \u0219i imunitatea a \u00eenc\u0103 cinci colegi. Este pentru prima dat\u0103 \u00een istorie c\u00e2nd, \u00eentr-o legislatur\u0103 a Parlamentului European, \u00eentr-un an \u0219i zece luni se ridic\u0103 50 de imunit\u0103\u021bi. Cei mai mul\u021bi sunt polonezii\u201d, a spus europarlamentara.<\/p>\n<p id=\"p-5\">\u0218o\u0219oac\u0103 sus\u021bine c\u0103 motivele invocate \u00een astfel de cazuri ar viza fapte minore. \u201eC\u0103 l-a \u00eenjurat pe un judec\u0103tor, c\u0103 i-a smuls microfonul uneia din opozi\u021bie, \u00een timp ce vorbea la un protest, c\u0103 a \u00eenjurat un procuror sau c\u0103 a scris nu \u0219tiu ce pe Facebook, nu \u0219tiu ce pe TikTok\u201d, a spus europarlamentara.<\/p>\n<h2 id=\"chapter-2\">\u0218o\u0219oac\u0103: s-ar putea s\u0103 c\u00e2\u0219tige Rusia<\/h2>\n<p id=\"p-6\">\u0218o\u0219oac\u0103 s-a adresat celor veni\u021bi s\u0103 o \u00eent\u00e2mpine, spun\u00e2ndu-le c\u0103 Rom\u00e2nia este \u201eo multicolonie\u201d. \u201eSuntem colonie american\u0103, israelian\u0103, francez\u0103, UE, austriac\u0103, german\u0103, suntem o multicolonie, a\u0219a ne place nou\u0103. \u0218i acum se bat to\u021bi pe putere\u201d, a afirmat europarlamentara.<\/p>\n<p id=\"p-7\">Ea a ad\u0103ugat c\u0103, \u00een opinia sa, conflictul dintre marile puteri ar putea avea un deznod\u0103m\u00e2nt favorabil Rusiei. \u201e\u0218i s-ar putea, \u0219ti\u021bi cum e, c\u00e2nd to\u021bi (\u2026) se ceart\u0103, s-ar putea s\u0103 c\u00e2\u0219tige Rusia, cum c\u00e2\u0219tig\u0103 de obicei\u201d, a spus aceasta.<\/p>\n<h2 id=\"chapter-3\">\u0218efa S.O.S. Rom\u00e2nia: scenariu despre UE<\/h2>\n<p id=\"p-8\">Vorbind despre Uniunea European\u0103, \u0218o\u0219oac\u0103 le-a transmis celor prezen\u021bi la Otopeni c\u0103 ar exista discu\u021bii privind destr\u0103marea acesteia. \u201eDeja sunt discu\u021bii foarte mari. \u00cen 2028, cred c\u0103 va \u00eencepe dezintegrarea Uniunii Europene, iar \u00een 2030 nu cred c\u0103 va mai exista\u201d, a spus europarlamentara.<\/p>\n","protected":false},"excerpt":{"rendered":"<p>\u00cen discursul sus\u021binut \u00een fa\u021ba simpatizan\u021bilor aduna\u021bi la Otopeni, Diana \u0218o\u0219oac\u0103 a afirmat c\u0103 nu se teme de anchetele \u00een care este vizat\u0103 \u0219i de eventuale m\u0103suri judiciare, sus\u021bin\u00e2nd c\u0103 &hellip; <a href=\"https:\/\/microscopemedia.com\/?p=690177\" class=\"more-link\">Read More<\/a><\/p>\n","protected":false},"author":1,"featured_media":690178,"comment_status":"closed","ping_status":"closed","sticky":false,"template":"Default","format":"standard","meta":[],"categories":[1],"tags":[],"_links":{"self":[{"href":"https:\/\/microscopemedia.com\/index.php?rest_route=\/wp\/v2\/posts\/690177"}],"collection":[{"href":"https:\/\/microscopemedia.com\/index.php?rest_route=\/wp\/v2\/posts"}],"about":[{"href":"https:\/\/microscopemedia.com\/index.php?rest_route=\/wp\/v2\/types\/post"}],"author":[{"embeddable":true,"href":"https:\/\/microscopemedia.com\/index.php?rest_route=\/wp\/v2\/users\/1"}],"replies":[{"embeddable":true,"href":"https:\/\/microscopemedia.com\/index.php?rest_route=%2Fwp%2Fv2%2Fcomments&post=690177"}],"version-history":[{"count":0,"href":"https:\/\/microscopemedia.com\/index.php?rest_route=\/wp\/v2\/posts\/690177\/revisions"}],"wp:featuredmedia":[{"embeddable":true,"href":"https:\/\/microscopemedia.com\/index.php?rest_route=\/wp\/v2\/media\/690178"}],"wp:attachment":[{"href":"https:\/\/microscopemedia.com\/index.php?rest_route=%2Fwp%2Fv2%2Fmedia&parent=690177"}],"wp:term":[{"taxonomy":"category","embeddable":true,"href":"https:\/\/microscopemedia.com\/index.php?rest_route=%2Fwp%2Fv2%2Fcategories&post=690177"},{"taxonomy":"post_tag","embeddable":true,"href":"https:\/\/microscopemedia.com\/index.php?rest_route=%2Fwp%2Fv2%2Ftags&post=690177"}],"curies":[{"name":"wp","href":"https:\/\/api.w.org\/{rel}","templated":true}]}}