{"id":690179,"date":"2026-04-30T23:27:03","date_gmt":"2026-04-30T23:27:03","guid":{"rendered":"https:\/\/microscopemedia.com\/?p=690179"},"modified":"2026-04-30T23:27:03","modified_gmt":"2026-04-30T23:27:03","slug":"dupa-germania-trump-spune-ca-ar-putea-retrage-trupe-din-italia-si-spania","status":"publish","type":"post","link":"https:\/\/microscopemedia.com\/?p=690179","title":{"rendered":"Dup\u0103 Germania, Trump spune c\u0103 ar putea retrage trupe din Italia \u0219i Spania"},"content":{"rendered":"<div><img decoding=\"async\" src=\"https:\/\/microscopemedia.com\/wp-content\/uploads\/2026\/04\/dupa-germania-trump-spune-ca-ar-putea-retrage-trupe-din-italia-si-spania.jpg\" class=\"ff-og-image-inserted\"><\/div>\n<p id=\"p-0\">Anun\u021bul lui Trump intervine \u00eentr-un moment de tensiuni \u00eentre Washington \u0219i mai mul\u021bi alia\u021bi europeni, legate de r\u0103zboiul din Iran, relateaz\u0103 <a href=\"https:\/\/www.lefigaro.fr\/international\/donald-trump-envisage-aussi-un-probable-retrait-de-militaires-americains-stationnes-en-italie-et-en-espagne-20260430\" target=\"_blank\" rel=\"noopener\">Le Figaro<\/a>. \u201eO decizie va fi luat\u0103 foarte cur\u00e2nd\u201d, a scris Trump pe platforma sa Truth Social, f\u0103r\u0103 s\u0103 ofere detalii despre amploarea sau calendarul unei eventuale retrageri.<\/p>\n<h2 id=\"chapter-0\">Nemul\u021bumiri fa\u021b\u0103 de alia\u021bi<\/h2>\n<p id=\"p-1\">Declara\u021biile liderului de la Casa Alb\u0103 sugereaz\u0103 o posibil\u0103 recalibrare a prezen\u021bei militare americane \u00een Europa, \u00een contextul \u00een care Washingtonul acuz\u0103 lipsa de implicare a unor alia\u021bi \u00een conflictul cu Iranul.<\/p>\n<p id=\"p-2\">Miercuri, Trump a spus c\u0103 analizeaz\u0103 \u0219i reducerea trupelor americane din Germania, dup\u0103 un schimb dur de replici cu cancelarul german Friedrich Merz.<\/p>\n<p id=\"p-3\">Acesta afirmase c\u0103 \u201eamericanii nu au, \u00een mod evident, nicio strategie\u201d \u00een Iran \u0219i c\u0103 Teheranul \u201eumile\u0219te\u201d prima putere mondial\u0103 \u2013 declara\u021bii care au provocat reac\u021bia dur\u0103 a liderului american.<\/p>\n<p id=\"p-4\">Merz nu a r\u0103spuns direct amenin\u021b\u0103rilor liderului american privind retragerea militar\u0103, dar a pledat pentru men\u021binerea unui \u201eparteneriat transatlantic de \u00eencredere\u201d \u00een cadrul NATO.<\/p>\n<h2 id=\"chapter-1\">Impact asupra reac\u021biei NATO<\/h2>\n<p id=\"p-5\">Italia, Spania \u0219i Germania g\u0103zduiesc baze importante ale armatei americane, folosite pentru opera\u021biuni aeriene, navale \u0219i logistice, dar \u0219i ca puncte-cheie pentru desf\u0103\u0219ur\u0103ri militare \u00een alte regiuni.<\/p>\n<p id=\"p-6\">O eventual\u0103 reducere a acestor efective ar marca o schimbare semnificativ\u0103 \u00een postura militar\u0103 a Statelor Unite \u00een Europa \u0219i ar putea afecta capacitatea de reac\u021bie rapid\u0103 a alian\u021bei NATO.<\/p>\n<h2 id=\"chapter-2\"><strong>Presiuni asupra alia\u021bilor NATO<\/strong><\/h2>\n<p id=\"p-7\">Potrivit unor informa\u021bii anterioare, Washingtonul analizeaz\u0103 \u0219i alte m\u0103suri de presiune asupra alia\u021bilor occidentali. Printre acestea s-ar num\u0103ra inclusiv suspendarea Spaniei din NATO \u0219i reconsiderarea pozi\u021biei SUA privind Insulele Falkland, ca reac\u021bie la lipsa de sprijin a unor parteneri \u00een conflictul cu Iranul.<\/p>\n<p id=\"p-8\">Teritoriul britanic de peste m\u0103ri, situat \u00een Atlanticul de Sud, este revendicat de Argentina, disput\u0103 care a dus la un conflict militar \u00een 1982. Statele Unite au sus\u021binut \u00een mod tradi\u021bional pozi\u021bia Regatului Unit, iar o eventual\u0103 schimbare de atitudine ar avea implica\u021bii diplomatice sensibile \u00een rela\u021bia cu Londra.<\/p>\n","protected":false},"excerpt":{"rendered":"<p>Anun\u021bul lui Trump intervine \u00eentr-un moment de tensiuni \u00eentre Washington \u0219i mai mul\u021bi alia\u021bi europeni, legate de r\u0103zboiul din Iran, relateaz\u0103 Le Figaro. \u201eO decizie va fi luat\u0103 foarte cur\u00e2nd\u201d, &hellip; <a href=\"https:\/\/microscopemedia.com\/?p=690179\" class=\"more-link\">Read More<\/a><\/p>\n","protected":false},"author":1,"featured_media":690180,"comment_status":"closed","ping_status":"closed","sticky":false,"template":"Default","format":"standard","meta":[],"categories":[1],"tags":[],"_links":{"self":[{"href":"https:\/\/microscopemedia.com\/index.php?rest_route=\/wp\/v2\/posts\/690179"}],"collection":[{"href":"https:\/\/microscopemedia.com\/index.php?rest_route=\/wp\/v2\/posts"}],"about":[{"href":"https:\/\/microscopemedia.com\/index.php?rest_route=\/wp\/v2\/types\/post"}],"author":[{"embeddable":true,"href":"https:\/\/microscopemedia.com\/index.php?rest_route=\/wp\/v2\/users\/1"}],"replies":[{"embeddable":true,"href":"https:\/\/microscopemedia.com\/index.php?rest_route=%2Fwp%2Fv2%2Fcomments&post=690179"}],"version-history":[{"count":0,"href":"https:\/\/microscopemedia.com\/index.php?rest_route=\/wp\/v2\/posts\/690179\/revisions"}],"wp:featuredmedia":[{"embeddable":true,"href":"https:\/\/microscopemedia.com\/index.php?rest_route=\/wp\/v2\/media\/690180"}],"wp:attachment":[{"href":"https:\/\/microscopemedia.com\/index.php?rest_route=%2Fwp%2Fv2%2Fmedia&parent=690179"}],"wp:term":[{"taxonomy":"category","embeddable":true,"href":"https:\/\/microscopemedia.com\/index.php?rest_route=%2Fwp%2Fv2%2Fcategories&post=690179"},{"taxonomy":"post_tag","embeddable":true,"href":"https:\/\/microscopemedia.com\/index.php?rest_route=%2Fwp%2Fv2%2Ftags&post=690179"}],"curies":[{"name":"wp","href":"https:\/\/api.w.org\/{rel}","templated":true}]}}