{"id":690195,"date":"2026-05-01T04:26:03","date_gmt":"2026-05-01T04:26:03","guid":{"rendered":"https:\/\/microscopemedia.com\/?p=690195"},"modified":"2026-05-01T04:26:03","modified_gmt":"2026-05-01T04:26:03","slug":"alerta-aeriana-in-nordul-judetului-tulcea-dupa-un-atac-cu-drone-in-proximitatea-granitei-cu-romania-a-fost-emis-ro-alert","status":"publish","type":"post","link":"https:\/\/microscopemedia.com\/?p=690195","title":{"rendered":"Alert\u0103 aerian\u0103 \u00een nordul jude\u021bului Tulcea dup\u0103 un atac cu drone \u00een proximitatea grani\u021bei cu Rom\u00e2nia. A fost emis RO-Alert"},"content":{"rendered":"<div><img decoding=\"async\" src=\"https:\/\/microscopemedia.com\/wp-content\/uploads\/2026\/05\/alerta-aeriana-in-nordul-judetului-tulcea-dupa-un-atac-cu-drone-in-proximitatea-granitei-cu-romania-a-fost-emis-ro-alert.jpg\" class=\"ff-og-image-inserted\"><\/div>\n<div readability=\"19.551645856981\">\n<p class=\"isSelectedEnd\" id=\"p-0\">Ca urmare a detect\u0103rii unui grup de 9 drone ce se \u00eendrepta c\u0103tre spa\u021biul aerian al Ucrainei, Centrul Na\u021bional Militar de Comand\u0103 a notificat Inspectoratul General pentru Situa\u021bii de Urgen\u021b\u0103 privind instituirea m\u0103surilor de alertare a popula\u021biei din Nordul jude\u021bului Tulcea, fiind transmis, la ora 03.36, mesaj RO-Alert.<\/p>\n<p class=\"isSelectedEnd\" id=\"p-1\">Sistemele de supraveghere nu au depistat semnale radar \u00een spa\u021biul aerian na\u021bional.<\/p>\n<p class=\"isSelectedEnd\" id=\"p-2\">Au fost raportate explozii pe malul ucrainean al Dun\u0103rii, \u00een zonele Izmail si Kilia.<\/p>\n<p class=\"isSelectedEnd\" id=\"p-3\">Alerta aerian\u0103 a \u00eencetat la ora 4.03.<\/p>\n<p id=\"p-4\">MApN informeaz\u0103 \u00een timp real structurile aliate cu privire la situa\u021biile generate de atacuri, r\u0103m\u00e2n\u00e2nd \u00een contact permanent cu acestea.<\/p>\n<\/p><\/div>\n","protected":false},"excerpt":{"rendered":"<p>Ca urmare a detect\u0103rii unui grup de 9 drone ce se \u00eendrepta c\u0103tre spa\u021biul aerian al Ucrainei, Centrul Na\u021bional Militar de Comand\u0103 a notificat Inspectoratul General pentru Situa\u021bii de Urgen\u021b\u0103 &hellip; <a href=\"https:\/\/microscopemedia.com\/?p=690195\" class=\"more-link\">Read More<\/a><\/p>\n","protected":false},"author":1,"featured_media":690196,"comment_status":"closed","ping_status":"closed","sticky":false,"template":"Default","format":"standard","meta":[],"categories":[1],"tags":[],"_links":{"self":[{"href":"https:\/\/microscopemedia.com\/index.php?rest_route=\/wp\/v2\/posts\/690195"}],"collection":[{"href":"https:\/\/microscopemedia.com\/index.php?rest_route=\/wp\/v2\/posts"}],"about":[{"href":"https:\/\/microscopemedia.com\/index.php?rest_route=\/wp\/v2\/types\/post"}],"author":[{"embeddable":true,"href":"https:\/\/microscopemedia.com\/index.php?rest_route=\/wp\/v2\/users\/1"}],"replies":[{"embeddable":true,"href":"https:\/\/microscopemedia.com\/index.php?rest_route=%2Fwp%2Fv2%2Fcomments&post=690195"}],"version-history":[{"count":0,"href":"https:\/\/microscopemedia.com\/index.php?rest_route=\/wp\/v2\/posts\/690195\/revisions"}],"wp:featuredmedia":[{"embeddable":true,"href":"https:\/\/microscopemedia.com\/index.php?rest_route=\/wp\/v2\/media\/690196"}],"wp:attachment":[{"href":"https:\/\/microscopemedia.com\/index.php?rest_route=%2Fwp%2Fv2%2Fmedia&parent=690195"}],"wp:term":[{"taxonomy":"category","embeddable":true,"href":"https:\/\/microscopemedia.com\/index.php?rest_route=%2Fwp%2Fv2%2Fcategories&post=690195"},{"taxonomy":"post_tag","embeddable":true,"href":"https:\/\/microscopemedia.com\/index.php?rest_route=%2Fwp%2Fv2%2Ftags&post=690195"}],"curies":[{"name":"wp","href":"https:\/\/api.w.org\/{rel}","templated":true}]}}