{"id":690201,"date":"2026-05-01T05:16:03","date_gmt":"2026-05-01T05:16:03","guid":{"rendered":"https:\/\/microscopemedia.com\/?p=690201"},"modified":"2026-05-01T05:16:03","modified_gmt":"2026-05-01T05:16:03","slug":"anm-cum-incepe-vara-meteorologica-in-romania-prognoza-completa-pentru-luna-mai","status":"publish","type":"post","link":"https:\/\/microscopemedia.com\/?p=690201","title":{"rendered":"ANM: Cum \u00eencepe vara meteorologic\u0103 \u00een Rom\u00e2nia. Prognoza complet\u0103 pentru luna mai"},"content":{"rendered":"<div><img decoding=\"async\" src=\"https:\/\/microscopemedia.com\/wp-content\/uploads\/2026\/05\/anm-cum-incepe-vara-meteorologica-in-romania-prognoza-completa-pentru-luna-mai.jpg\" class=\"ff-og-image-inserted\"><\/div>\n<p data-start=\"597\" data-end=\"844\" id=\"p-0\">Potrivit prognozei meteorologice pe patru s\u0103pt\u0103m\u00e2ni realizat\u0103 de Centrul European pentru Prognoze pe Medie Durat\u0103 (ECMWF), \u00eenceputul lunii mai aduce valori termice u\u0219or peste media climatologic\u0103, \u00een special \u00een vestul, nord-vestul \u0219i centrul \u021b\u0103rii.<\/p>\n<p data-start=\"846\" data-end=\"966\" id=\"p-1\">\u00cen restul regiunilor, temperaturile vor r\u0103m\u00e2ne apropiate de cele normale pentru aceast\u0103 perioad\u0103, f\u0103r\u0103 varia\u021bii extreme.<\/p>\n<p data-start=\"968\" data-end=\"1170\" id=\"p-2\">\u00cen ceea ce prive\u0219te precipita\u021biile, prima s\u0103pt\u0103m\u00e2n\u0103 din interval va fi caracterizat\u0103 de un <strong data-start=\"1059\" data-end=\"1124\">regim pluviometric deficitar \u00een cea mai mare parte a Rom\u00e2niei<\/strong>, ceea ce indic\u0103 perioade mai lungi f\u0103r\u0103 ploi.<\/p>\n<h2 data-section-id=\"19rvz0w\" data-start=\"1177\" data-end=\"1254\" id=\"chapter-0\">Temperaturi mai ridicate \u0219i ploi apropiate de normal la mijlocul lunii mai<\/h2>\n<p data-start=\"1256\" data-end=\"1474\" id=\"p-3\">\u00cen s\u0103pt\u0103m\u00e2na 11\u201318 mai 2026, meteorologii estimeaz\u0103 temperaturi medii u\u0219or mai ridicate \u00een vest, sud-vest \u0219i local \u00een zona central\u0103. \u00cen restul \u021b\u0103rii, valorile termice se vor men\u021bine \u00een limitele obi\u0219nuite ale perioadei.<\/p>\n<p data-start=\"1476\" data-end=\"1622\" id=\"p-4\">Cantit\u0103\u021bile de precipita\u021bii vor deveni <strong data-start=\"1515\" data-end=\"1543\">excedentare \u00een nord-vest<\/strong>, \u00een timp ce \u00een celelalte regiuni se vor situa \u00een jurul mediilor climatologice.<\/p>\n<h2 data-section-id=\"q0oz9s\" data-start=\"1629\" data-end=\"1661\" id=\"chapter-1\">Final de mai cu vreme stabil\u0103<\/h2>\n<p data-start=\"1663\" data-end=\"1830\" id=\"p-5\">Pentru intervalul 18\u201325 mai, prognoza indic\u0103 temperaturi apropiate de normalul perioadei la nivel na\u021bional, cu posibilitatea unor valori u\u0219or mai ridicate \u00een sud-vest.<\/p>\n<p data-start=\"1832\" data-end=\"1931\" id=\"p-6\">Regimul pluviometric va fi, \u00een general, normal pentru aceast\u0103 perioad\u0103, f\u0103r\u0103 abateri semnificative.<\/p>\n<h2 data-section-id=\"12d7xn3\" data-start=\"1938\" data-end=\"1970\" id=\"chapter-2\">Cum \u00eencepe vara meteorologic\u0103<\/h2>\n<p data-start=\"1972\" data-end=\"2175\" id=\"p-7\">\u00cen ultima s\u0103pt\u0103m\u00e2n\u0103 analizat\u0103, 25 mai \u2013 1 iunie 2026, temperaturile medii vor fi din nou u\u0219or peste normal \u00een vest, sud-vest \u0219i centru. \u00cen restul \u021b\u0103rii, vremea va r\u0103m\u00e2ne apropiat\u0103 de media climatologic\u0103.<\/p>\n<p data-start=\"2177\" data-end=\"2319\" id=\"p-8\">Precipita\u021biile vor fi local deficitare \u00een vest \u0219i nord-vest, \u00een timp ce \u00een celelalte regiuni sunt estimate valori apropiate de cele obi\u0219nuite.<\/p>\n<h2 data-section-id=\"wnykyc\" data-start=\"2326\" data-end=\"2349\" id=\"chapter-3\">Ce spun meteorologii<\/h2>\n<p data-start=\"2351\" data-end=\"2595\" id=\"p-9\"><a href=\"https:\/\/www.mediafax.ro\/social\/vreme-de-februarie-maine-in-romania-racirea-va-fi-resimtita-in-toata-tara-informare-anm-23728422\">ANM<\/a> precizeaz\u0103 c\u0103 prognoza pe patru s\u0103pt\u0103m\u00e2ni reprezint\u0103 o estimare a mediilor termice \u0219i pluviometrice raportate la perioada 2006\u20132025 \u0219i nu poate anticipa fenomene extreme de scurt\u0103 durat\u0103, precum furtuni violente sau episoade severe izolate.<\/p>\n","protected":false},"excerpt":{"rendered":"<p>Potrivit prognozei meteorologice pe patru s\u0103pt\u0103m\u00e2ni realizat\u0103 de Centrul European pentru Prognoze pe Medie Durat\u0103 (ECMWF), \u00eenceputul lunii mai aduce valori termice u\u0219or peste media climatologic\u0103, \u00een special \u00een vestul, &hellip; <a href=\"https:\/\/microscopemedia.com\/?p=690201\" class=\"more-link\">Read More<\/a><\/p>\n","protected":false},"author":1,"featured_media":690202,"comment_status":"closed","ping_status":"closed","sticky":false,"template":"Default","format":"standard","meta":[],"categories":[1],"tags":[],"_links":{"self":[{"href":"https:\/\/microscopemedia.com\/index.php?rest_route=\/wp\/v2\/posts\/690201"}],"collection":[{"href":"https:\/\/microscopemedia.com\/index.php?rest_route=\/wp\/v2\/posts"}],"about":[{"href":"https:\/\/microscopemedia.com\/index.php?rest_route=\/wp\/v2\/types\/post"}],"author":[{"embeddable":true,"href":"https:\/\/microscopemedia.com\/index.php?rest_route=\/wp\/v2\/users\/1"}],"replies":[{"embeddable":true,"href":"https:\/\/microscopemedia.com\/index.php?rest_route=%2Fwp%2Fv2%2Fcomments&post=690201"}],"version-history":[{"count":0,"href":"https:\/\/microscopemedia.com\/index.php?rest_route=\/wp\/v2\/posts\/690201\/revisions"}],"wp:featuredmedia":[{"embeddable":true,"href":"https:\/\/microscopemedia.com\/index.php?rest_route=\/wp\/v2\/media\/690202"}],"wp:attachment":[{"href":"https:\/\/microscopemedia.com\/index.php?rest_route=%2Fwp%2Fv2%2Fmedia&parent=690201"}],"wp:term":[{"taxonomy":"category","embeddable":true,"href":"https:\/\/microscopemedia.com\/index.php?rest_route=%2Fwp%2Fv2%2Fcategories&post=690201"},{"taxonomy":"post_tag","embeddable":true,"href":"https:\/\/microscopemedia.com\/index.php?rest_route=%2Fwp%2Fv2%2Ftags&post=690201"}],"curies":[{"name":"wp","href":"https:\/\/api.w.org\/{rel}","templated":true}]}}