{"id":690205,"date":"2026-05-01T06:06:03","date_gmt":"2026-05-01T06:06:03","guid":{"rendered":"https:\/\/microscopemedia.com\/?p=690205"},"modified":"2026-05-01T06:06:03","modified_gmt":"2026-05-01T06:06:03","slug":"irineu-darau-anunta-reset-la-digitalizarea-romaniei-seful-adr-demis-dupa-probleme-majore-in-proiectele-it-ale-statului","status":"publish","type":"post","link":"https:\/\/microscopemedia.com\/?p=690205","title":{"rendered":"Irineu Dar\u0103u anun\u021b\u0103 \u201eRESET\u201d la Digitalizarea Rom\u00e2niei: \u0219eful ADR, demis dup\u0103 probleme majore \u00een proiectele IT ale statului"},"content":{"rendered":"<div><img decoding=\"async\" src=\"https:\/\/microscopemedia.com\/wp-content\/uploads\/2026\/05\/irineu-darau-anunta-reset-la-digitalizarea-romaniei-seful-adr-demis-dupa-probleme-majore-in-proiectele-it-ale-statului.jpg\" class=\"ff-og-image-inserted\"><\/div>\n<p id=\"p-0\">\u201e\u00cen sf\u00e2r\u0219it: RESET la Autoritatea pentru Digitalizarea Rom\u00e2niei! I-am cerut premierului, \u00eempreun\u0103 cu doamna vicepremier Oana Gheorghiu, demiterea pre\u0219edintelui ADR. \u0218i tocmai s-a \u00eent\u00e2mplat aceast\u0103 schimbare cu adev\u0103rat necesar\u0103\u201d, anun\u021b\u0103 Irineu Dar\u0103u.<\/p>\n<p data-start=\"797\" data-end=\"949\" id=\"p-1\">Potrivit lui Dar\u0103u, digitalizarea administra\u021biei s-a blocat \u00een ultimii ani, iar efectele sunt vizibile \u00een serviciile publice utilizate zilnic de rom\u00e2ni.<\/p>\n<p data-start=\"951\" data-end=\"1125\" id=\"p-2\">\u201eNu se mai poate continua cu fr\u00e2na de m\u00e2n\u0103 tras\u0103 \u00een digitalizarea Rom\u00e2niei\u201d, a declarat ministrul, subliniind c\u0103 schimbarea conducerii ADR marcheaz\u0103 \u00eenceputul unei noi etape.<\/p>\n<h2 id=\"chapter-0\">Probleme invocate: Cloudul Guvernamental \u0219i proiecte IT f\u0103r\u0103 rezultate<\/h2>\n<p id=\"p-3\">\u201eDe prea mult timp, \u00een loc s\u0103 avans\u0103m, ne \u00eempotmolim din ce \u00een ce mai mult, iar efectul se vede \u00een lucruri concrete, de zi cu zi, pe care oamenii le simt direct\u201d, continu\u0103 Irinel Dar\u0103u.<\/p>\n<p id=\"p-4\">\u201eC\u00e2nd pierzi \u00een instan\u021b\u0103 finan\u021barea pentru speciali\u0219tii care lucreaz\u0103 la Cloudul Guvernamental \u0219i nu ai niciun plan alternativ, vorbim despre o gestiune financiar\u0103 dezastruoas\u0103. C\u00e2nd lansezi platforme cu erori majore, greu de folosit pentru cet\u0103\u021beni sau \u00eencerci s\u0103 porne\u0219ti achizi\u021bii mari f\u0103r\u0103 baz\u0103 legal\u0103, vorbim despre proiecte e\u0219uate \u0219i decizii luate \u00een afara regulilor. C\u00e2nd induci ideea c\u0103 \u2018s-au pierdut\u2019 zeci de milioane de euro, de\u0219i \u00een realitate era vorba despre economii, creezi, de fapt, confuzie \u0219i ne\u00eencredere. C\u00e2nd refuzi s\u0103 furnizezi date ministerului coordonator, creezi un mediu \u00een care subalternii refuz\u0103 monitoriz\u0103ri \u0219i emi\u021bi reglement\u0103ri ignor\u00e2nd regulile, vorbim despre insubordonare \u0219i lips\u0103 de transparen\u021b\u0103\u201d, continu\u0103 ministrul Economiei.<\/p>\n<h2 id=\"chapter-1\">Platforme blocate \u0219i nemul\u021bumiri ale cet\u0103\u021benilor<\/h2>\n<p id=\"p-5\">Potrivit acestuia, c\u00e2nd platforme esen\u021biale precum Ghi\u0219eul.ro sau SEAP se blocheaz\u0103, \u201enu vorbim despre simple incidente recurente, ci despre un management defectuos al unor infrastructuri critice, care au fost gestionate f\u0103r\u0103 organizare \u0219i f\u0103r\u0103 o viziune concret\u0103\u201d.<\/p>\n<p id=\"p-6\">\u201eToate aceste e\u0219ecuri \u00een lan\u021b, de care este responsabil\u0103 ADR, trebuie s\u0103 aib\u0103 consecin\u021be.<br \/>\u00cen ultimele luni, am \u00eencercat s\u0103 corect\u0103m din mers c\u00e2t s-a putut, de la liberalizarea semn\u0103turii electronice p\u00e2n\u0103 la \u00eencercarea de stopare a unor licita\u021bii \u0219i achizi\u021bii dubioase, dar este clar c\u0103 nu e suficient. Era nevoie ca de aer de un reset la nivel de conducere \u0219i de o accelerare real\u0103 \u0219i func\u021bional\u0103 a transform\u0103rii digitale \u00een Rom\u00e2nia. La fel de important este c\u0103 trebuie s\u0103 \u00eenchidem definitiv orice influen\u021b\u0103 toxic\u0103 care a \u021binut digitalizarea Rom\u00e2niei pe loc mult prea mul\u021bi ani. Rom\u00e2nia trebuie s\u0103 scape de umbra lui Sebastian Ghi\u021b\u0103 care a planat prea mult timp asupra institu\u021biilor \u0219i asupra digitaliz\u0103rii\u201d, \u00eencheie <a href=\"https:\/\/www.mediafax.ro\/politic\/ministrul-economiei-este-o-greseala-fundamentala-a-psd-ca-da-aceasta-forta-unui-partid-extremist-23728516\">Dar\u0103u<\/a>.<\/p>\n<p id=\"p-7\">Autoritatea pentru Digitalizarea Rom\u00e2niei era condus\u0103 de Drago\u0219\u2013Cristian Vlad.<\/p>\n","protected":false},"excerpt":{"rendered":"<p>\u201e\u00cen sf\u00e2r\u0219it: RESET la Autoritatea pentru Digitalizarea Rom\u00e2niei! I-am cerut premierului, \u00eempreun\u0103 cu doamna vicepremier Oana Gheorghiu, demiterea pre\u0219edintelui ADR. \u0218i tocmai s-a \u00eent\u00e2mplat aceast\u0103 schimbare cu adev\u0103rat necesar\u0103\u201d, anun\u021b\u0103 &hellip; <a href=\"https:\/\/microscopemedia.com\/?p=690205\" class=\"more-link\">Read More<\/a><\/p>\n","protected":false},"author":1,"featured_media":690206,"comment_status":"closed","ping_status":"closed","sticky":false,"template":"Default","format":"standard","meta":[],"categories":[1],"tags":[],"_links":{"self":[{"href":"https:\/\/microscopemedia.com\/index.php?rest_route=\/wp\/v2\/posts\/690205"}],"collection":[{"href":"https:\/\/microscopemedia.com\/index.php?rest_route=\/wp\/v2\/posts"}],"about":[{"href":"https:\/\/microscopemedia.com\/index.php?rest_route=\/wp\/v2\/types\/post"}],"author":[{"embeddable":true,"href":"https:\/\/microscopemedia.com\/index.php?rest_route=\/wp\/v2\/users\/1"}],"replies":[{"embeddable":true,"href":"https:\/\/microscopemedia.com\/index.php?rest_route=%2Fwp%2Fv2%2Fcomments&post=690205"}],"version-history":[{"count":0,"href":"https:\/\/microscopemedia.com\/index.php?rest_route=\/wp\/v2\/posts\/690205\/revisions"}],"wp:featuredmedia":[{"embeddable":true,"href":"https:\/\/microscopemedia.com\/index.php?rest_route=\/wp\/v2\/media\/690206"}],"wp:attachment":[{"href":"https:\/\/microscopemedia.com\/index.php?rest_route=%2Fwp%2Fv2%2Fmedia&parent=690205"}],"wp:term":[{"taxonomy":"category","embeddable":true,"href":"https:\/\/microscopemedia.com\/index.php?rest_route=%2Fwp%2Fv2%2Fcategories&post=690205"},{"taxonomy":"post_tag","embeddable":true,"href":"https:\/\/microscopemedia.com\/index.php?rest_route=%2Fwp%2Fv2%2Ftags&post=690205"}],"curies":[{"name":"wp","href":"https:\/\/api.w.org\/{rel}","templated":true}]}}