{"id":690219,"date":"2026-05-01T08:16:03","date_gmt":"2026-05-01T08:16:03","guid":{"rendered":"https:\/\/microscopemedia.com\/?p=690219"},"modified":"2026-05-01T08:16:03","modified_gmt":"2026-05-01T08:16:03","slug":"fifor-mesaj-de-1-mai-ziua-muncii-trebuie-sa-fie-despre-respect-si-solidaritate-nu-despre-lozinci","status":"publish","type":"post","link":"https:\/\/microscopemedia.com\/?p=690219","title":{"rendered":"Fifor, mesaj de 1 Mai: Ziua Muncii trebuie s\u0103 fie despre respect \u0219i solidaritate, nu despre lozinci"},"content":{"rendered":"<div><img decoding=\"async\" src=\"https:\/\/microscopemedia.com\/wp-content\/uploads\/2026\/05\/fifor-mesaj-de-1-mai-ziua-muncii-trebuie-sa-fie-despre-respect-si-solidaritate-nu-despre-lozinci.jpg\" class=\"ff-og-image-inserted\"><\/div>\n<p data-start=\"508\" data-end=\"720\" id=\"p-1\">\u00cen mesajul publicat pe re\u021belele sociale, liderul social-democrat a afirmat c\u0103 semnifica\u021bia zilei de 1 Mai trebuie readus\u0103 la valorile sale fundamentale: respectul pentru munc\u0103 \u0219i responsabilitatea fa\u021b\u0103 de oameni.<\/p>\n<p data-start=\"722\" data-end=\"871\" id=\"p-2\">Potrivit acestuia, solidaritatea social\u0103 presupune implicare real\u0103 \u0219i aten\u021bie fa\u021b\u0103 de dificult\u0103\u021bile cu care se confrunt\u0103 rom\u00e2nii care muncesc zilnic.<\/p>\n<p data-start=\"873\" data-end=\"1059\" id=\"p-3\">\u201e<strong>Solidaritatea \u00eenseamn\u0103 s\u0103 nu te faci c\u0103 nu vezi \u0219i s\u0103 \u00een\u021belegi c\u0103 sunt oameni care muncesc din greu \u0219i care, uneori, simt c\u0103 efortul lor nu mai este de ajuns<\/strong>\u201d, a transmis parlamentarul.<\/p>\n<h2 data-section-id=\"h4fmms\" data-start=\"1066\" data-end=\"1122\" id=\"chapter-0\">Respectul pentru munc\u0103, dincolo de o singur\u0103 zi pe an<\/h2>\n<p data-start=\"1124\" data-end=\"1303\" id=\"p-4\">Deputatul PSD a subliniat c\u0103 respectul pentru munc\u0103 nu trebuie limitat la celebrarea simbolic\u0103 a Zilei Muncii, ci trebuie reflectat \u00een decizii politice \u0219i administrative concrete.<\/p>\n<p data-start=\"1305\" data-end=\"1459\" id=\"p-5\">\u00cen opinia sa, o societate normal\u0103 func\u021bioneaz\u0103 pe baza corectitudinii, decen\u021bei \u0219i a unor politici publice care pun oamenii \u00eenaintea calculelor economice.<\/p>\n<p data-start=\"1461\" data-end=\"1581\" id=\"p-6\"><a href=\"https:\/\/www.mediafax.ro\/politic\/fifor-il-acuza-pe-bolojan-ca-mentine-o-criza-politica-un-lider-care-cu-buna-stiinta-vulnerabilizeaza-tara-23727611\">Fifor<\/a> a eviden\u021biat importan\u021ba trat\u0103rii cu seriozitate a fiec\u0103rui angajat care \u00ee\u0219i face meseria \u201ecinstit \u0219i responsabil\u201d.<\/p>\n<h2 data-section-id=\"k5zc6e\" data-start=\"1588\" data-end=\"1637\" id=\"chapter-1\">\u201eRom\u00e2nia real\u0103\u201d \u2014 oamenii care sus\u021bin economia<\/h2>\n<p data-start=\"1639\" data-end=\"1895\" id=\"p-7\">\u00cen mesajul transmis de la <span class=\"hover:entity-accent entity-underline inline cursor-pointer align-baseline\"><span class=\"whitespace-normal\">Arad<\/span><\/span>, politicianul a vorbit despre ceea ce a numit \u201eRom\u00e2nia real\u0103\u201d, format\u0103 din oameni care muncesc zilnic \u0219i care nu cer privilegii, ci stabilitate, corectitudine \u0219i \u0219ansa unei vie\u021bi mai bune.<\/p>\n<p data-start=\"1897\" data-end=\"2042\" id=\"p-8\">El a afirmat c\u0103 vocea acestor oameni trebuie ascultat\u0103 \u0219i \u00een\u021beleas\u0103, deoarece ei reprezint\u0103 fundamentul dezvolt\u0103rii economice \u0219i sociale a \u021b\u0103rii.<\/p>\n<h2 data-section-id=\"oqoqhm\" data-start=\"2049\" data-end=\"2085\" id=\"chapter-2\">Apel la responsabilitate politic\u0103<\/h2>\n<p data-start=\"2087\" data-end=\"2257\" id=\"p-9\">Mihai Fifor a concluzionat c\u0103 Ziua Muncii trebuie s\u0103 fie un moment de reflec\u021bie asupra responsabilit\u0103\u021bii liderilor politici de a construi politici corecte \u0219i sustenabile.<\/p>\n<p data-start=\"2259\" data-end=\"2435\" id=\"p-10\">\u201e<strong>1 Mai nu trebuie s\u0103 fie despre lozinci, ci despre respect \u0219i solidaritate<\/strong>\u201d, a transmis acesta, pled\u00e2nd pentru decizii luate cu onestitate \u0219i responsabilitate fa\u021b\u0103 de cet\u0103\u021beni.<\/p>\n<h2 data-start=\"2259\" data-end=\"2435\" id=\"chapter-3\">PSD, AUR \u0219i PACE au ini\u021biat o mo\u021biune de cenzur\u0103<\/h2>\n<p data-start=\"2259\" data-end=\"2435\" id=\"p-11\">Mo\u021biunea de cenzur\u0103 depus\u0103 de PSD, AUR \u0219i PACE \u2013 \u00cent\u00e2i Rom\u00e2nia a fost citit\u0103 miercuri \u00een plenul reunit al Camerei Deputa\u021bilor \u0219i Senatului. Aceasta va fi votat\u0103 pe 5 mai. Mo\u021biunea a fost semnat\u0103 de 253 de parlamentari.<\/p>\n","protected":false},"excerpt":{"rendered":"<p>\u00cen mesajul publicat pe re\u021belele sociale, liderul social-democrat a afirmat c\u0103 semnifica\u021bia zilei de 1 Mai trebuie readus\u0103 la valorile sale fundamentale: respectul pentru munc\u0103 \u0219i responsabilitatea fa\u021b\u0103 de oameni. &hellip; <a href=\"https:\/\/microscopemedia.com\/?p=690219\" class=\"more-link\">Read More<\/a><\/p>\n","protected":false},"author":1,"featured_media":690220,"comment_status":"closed","ping_status":"closed","sticky":false,"template":"Default","format":"standard","meta":[],"categories":[1],"tags":[],"_links":{"self":[{"href":"https:\/\/microscopemedia.com\/index.php?rest_route=\/wp\/v2\/posts\/690219"}],"collection":[{"href":"https:\/\/microscopemedia.com\/index.php?rest_route=\/wp\/v2\/posts"}],"about":[{"href":"https:\/\/microscopemedia.com\/index.php?rest_route=\/wp\/v2\/types\/post"}],"author":[{"embeddable":true,"href":"https:\/\/microscopemedia.com\/index.php?rest_route=\/wp\/v2\/users\/1"}],"replies":[{"embeddable":true,"href":"https:\/\/microscopemedia.com\/index.php?rest_route=%2Fwp%2Fv2%2Fcomments&post=690219"}],"version-history":[{"count":0,"href":"https:\/\/microscopemedia.com\/index.php?rest_route=\/wp\/v2\/posts\/690219\/revisions"}],"wp:featuredmedia":[{"embeddable":true,"href":"https:\/\/microscopemedia.com\/index.php?rest_route=\/wp\/v2\/media\/690220"}],"wp:attachment":[{"href":"https:\/\/microscopemedia.com\/index.php?rest_route=%2Fwp%2Fv2%2Fmedia&parent=690219"}],"wp:term":[{"taxonomy":"category","embeddable":true,"href":"https:\/\/microscopemedia.com\/index.php?rest_route=%2Fwp%2Fv2%2Fcategories&post=690219"},{"taxonomy":"post_tag","embeddable":true,"href":"https:\/\/microscopemedia.com\/index.php?rest_route=%2Fwp%2Fv2%2Ftags&post=690219"}],"curies":[{"name":"wp","href":"https:\/\/api.w.org\/{rel}","templated":true}]}}