{"id":690221,"date":"2026-05-01T08:36:04","date_gmt":"2026-05-01T08:36:04","guid":{"rendered":"https:\/\/microscopemedia.com\/?p=690221"},"modified":"2026-05-01T08:36:04","modified_gmt":"2026-05-01T08:36:04","slug":"tentativa-de-asasinat-asupra-printeselor-amalia-si-alexia-dejucata-in-olanda","status":"publish","type":"post","link":"https:\/\/microscopemedia.com\/?p=690221","title":{"rendered":"Tentativ\u0103 de asasinat asupra prin\u021beselor Amalia \u0219i Alexia, dejucat\u0103 \u00een Olanda"},"content":{"rendered":"<div><img decoding=\"async\" src=\"https:\/\/microscopemedia.com\/wp-content\/uploads\/2026\/05\/tentativa-de-asasinat-asupra-printeselor-amalia-si-alexia-dejucata-in-olanda.webp\" class=\"ff-og-image-inserted\"><\/div>\n<div readability=\"33.562604340568\">\n<p id=\"p-0\"><span dir=\"auto\">Potrivit ziarului&nbsp;<\/span><a href=\"https:\/\/www.ad.nl\/show\/man-verdacht-van-voorbereiden-moordaanslag-op-prinsessen-amalia-en-alexia~a006315f\/\" target=\"_blank\" rel=\"nofollow noopener\"><span dir=\"auto\">Algemeen Dagblad<\/span><\/a><span dir=\"auto\"> , cit\u00e2nd biroul procurorului, suspectul ar fi un b\u0103rbat \u00een v\u00e2rst\u0103 de 33 de ani, <span><strong><a href=\"https:\/\/www.mediafax.ro\/stirile-zilei\/mii-de-olandezi-au-sarbatorit-ziua-regelui-pe-strazile-din-amsterdam-23728112\">originar din Haga<\/a><\/strong><\/span>. Anchetatorii cred c\u0103 preg\u0103tirile pentru crim\u0103 au \u00eenceput \u00eenc\u0103 din februarie.<\/span><\/p>\n<div class=\"spacer _1snnbjn6 _1snnbjnta _1snnbjnwt _1snnbjnky _1snnbjnoh\" data-content-type=\"PARAGRAPH\" readability=\"11\">\n<p class=\"_vpve1h4 _vpve1hj _vpve1h5 _vpve1hh _vpve1h1d text\" id=\"p-1\"><span dir=\"auto\">Suspectul avea gravate pe cele dou\u0103 topoare cuvintele \u201eAlexia\u201d, \u201eMossad\u201d \u0219i \u201eSieg Heil\u201d \u0219i ar fi avut o foaie scris\u0103 de m\u00e2n\u0103 cu cuvintele \u201eAmalia\u201d, \u201eAlexia\u201d \u0219i \u201eBloedbad\u201d.<\/span><\/p>\n<\/div>\n<p id=\"p-2\"><span dir=\"auto\"> \u00cen timpul perchezi\u021biilor, asupra b\u0103rbatului au fost g\u0103site cele dou\u0103 topoare, pe care erau gravate numele prin\u021beselor. Prima audiere \u00een instan\u021b\u0103 \u00een acest caz este programat\u0103 pentru 4 mai.<\/span><\/p>\n<p id=\"p-3\">\u00cen 2022, din cauza unor amenin\u021b\u0103ri grave, Prin\u021besa Amalia a fost for\u021bat\u0103 s\u0103 se mute din re\u0219edin\u021ba sa studen\u021beasc\u0103 din Amsterdam \u0219i s\u0103 se \u00eentoarc\u0103 la palat sub paz\u0103 strict\u0103. Autorit\u0103\u021bile nu au specificat dac\u0103 vor fi luate m\u0103suri suplimentare de securitate ca r\u0103spuns la acest nou incident.<\/p>\n<p id=\"p-4\">\u00cen 2022, autorit\u0103\u021bile olandeze au sporit semnificativ m\u0103surile de securitate pentru Prin\u021besa Amalia, dup\u0103 ce au ap\u0103rut informa\u021bii c\u0103 aceasta ar fi fost vizat\u0103 pentru o <strong class=\"Yjhzub\" data-sfc-root=\"c\" data-sfc-cb data-complete=\"true\" data-copy-service-computed-style=\"font-family: &quot;Google Sans&quot;, Arial, sans-serif; font-size: 16px; font-weight: 600; margin: 0px; text-decoration: none; border-bottom: 0px rgb(10, 10, 10);\">tentativ\u0103 de r\u0103pire sau un atac<!--TgQPHd|[]--><\/strong> de c\u0103tre grup\u0103ri de crim\u0103 organizat\u0103 (precum a\u0219a-numita \u201eMocro Maffia\u201d).<\/p>\n<p id=\"p-5\"><span dir=\"auto\">\u00cen noiembrie 2023, Mohamad E., \u00een v\u00e2rst\u0103 de 40 de ani, a fost arestat sub suspiciunea de implicare \u00een amenin\u021barea la adresa prin\u021besei Amalia. \u00cen octombrie, regele Willem-Alexander \u0219i regina M\u00e1xima au anun\u021bat c\u0103 fiica lor&nbsp;<\/span><a href=\"https:\/\/www.ad.nl\/show\/koningspaar-prinses-amalia-kan-deur-niet-uit-vanwege-bedreigingen-woont-niet-meer-in-amsterdam~a4299448\/\" target=\"_blank\" rel=\"noopener\"><span dir=\"auto\">nu mai poate locui \u00eentr-o cazare studen\u021beasc\u0103 \u00een Amsterdam din cauza unor amenin\u021b\u0103ri grave<\/span><\/a><span dir=\"auto\">&nbsp;.<\/span><\/p>\n<\/p><\/div>\n","protected":false},"excerpt":{"rendered":"<p>Potrivit ziarului&nbsp;Algemeen Dagblad , cit\u00e2nd biroul procurorului, suspectul ar fi un b\u0103rbat \u00een v\u00e2rst\u0103 de 33 de ani, originar din Haga. Anchetatorii cred c\u0103 preg\u0103tirile pentru crim\u0103 au \u00eenceput \u00eenc\u0103 &hellip; <a href=\"https:\/\/microscopemedia.com\/?p=690221\" class=\"more-link\">Read More<\/a><\/p>\n","protected":false},"author":1,"featured_media":690222,"comment_status":"closed","ping_status":"closed","sticky":false,"template":"Default","format":"standard","meta":[],"categories":[1],"tags":[],"_links":{"self":[{"href":"https:\/\/microscopemedia.com\/index.php?rest_route=\/wp\/v2\/posts\/690221"}],"collection":[{"href":"https:\/\/microscopemedia.com\/index.php?rest_route=\/wp\/v2\/posts"}],"about":[{"href":"https:\/\/microscopemedia.com\/index.php?rest_route=\/wp\/v2\/types\/post"}],"author":[{"embeddable":true,"href":"https:\/\/microscopemedia.com\/index.php?rest_route=\/wp\/v2\/users\/1"}],"replies":[{"embeddable":true,"href":"https:\/\/microscopemedia.com\/index.php?rest_route=%2Fwp%2Fv2%2Fcomments&post=690221"}],"version-history":[{"count":0,"href":"https:\/\/microscopemedia.com\/index.php?rest_route=\/wp\/v2\/posts\/690221\/revisions"}],"wp:featuredmedia":[{"embeddable":true,"href":"https:\/\/microscopemedia.com\/index.php?rest_route=\/wp\/v2\/media\/690222"}],"wp:attachment":[{"href":"https:\/\/microscopemedia.com\/index.php?rest_route=%2Fwp%2Fv2%2Fmedia&parent=690221"}],"wp:term":[{"taxonomy":"category","embeddable":true,"href":"https:\/\/microscopemedia.com\/index.php?rest_route=%2Fwp%2Fv2%2Fcategories&post=690221"},{"taxonomy":"post_tag","embeddable":true,"href":"https:\/\/microscopemedia.com\/index.php?rest_route=%2Fwp%2Fv2%2Ftags&post=690221"}],"curies":[{"name":"wp","href":"https:\/\/api.w.org\/{rel}","templated":true}]}}