{"id":690237,"date":"2026-05-01T10:16:04","date_gmt":"2026-05-01T10:16:04","guid":{"rendered":"https:\/\/microscopemedia.com\/?p=690237"},"modified":"2026-05-01T10:16:04","modified_gmt":"2026-05-01T10:16:04","slug":"vant-puternic-pe-plaja-din-vama-veche-cum-se-distreaza-turistii","status":"publish","type":"post","link":"https:\/\/microscopemedia.com\/?p=690237","title":{"rendered":"V\u00e2nt puternic pe plaja din Vama Veche. Cum se distreaz\u0103 turi\u0219tii"},"content":{"rendered":"<div readability=\"48.451581508516\">\n<p id=\"p-0\">Turi\u0219tii au continuat s\u0103 ias\u0103 la plimbare pe malul m\u0103rii, iar mul\u021bi au profitat de peisaj pentru a face fotografii.<\/p>\n<p id=\"p-1\">\u00cen ciuda rafalelor de v\u00e2nt \u0219i a vremii mai r\u0103coroase, oamenii au ie\u0219it pe plaj\u0103 \u0219i au petrecut timp \u00een aer liber, admir\u00e2nd marea.<\/p>\n<div class=\"single__inline-gallery color-white mg-bottom-20 bg-black padding-5 md:rounded-10\">\n<div class=\"md:rounded-5 display-grid xs:grid-cols-2 grid-cols-3 gap-5\">\n<div class=\"single__inline-gallery-image relative column-span-2 row-span-2\">\n                <a href=\"https:\/\/www.mediafax.ro\/poze\/vant-puternic-pe-plaja-din-vama-veche-cum-se-distreaza-turistii-23729484\"><br \/>\n                    <img decoding=\"async\" loading=\"lazy\" src=\"https:\/\/microscopemedia.com\/wp-content\/uploads\/2026\/05\/vant-puternic-pe-plaja-din-vama-veche-cum-se-distreaza-turistii.jpg\" width=\"700\" height=\"450\"><br \/>\n                <\/a>\n                            <\/div>\n<div class=\"single__inline-gallery-image relative \">\n                <a href=\"https:\/\/www.mediafax.ro\/poze\/vant-puternic-pe-plaja-din-vama-veche-cum-se-distreaza-turistii-23729484\"><br \/>\n                    <img decoding=\"async\" loading=\"lazy\" src=\"https:\/\/microscopemedia.com\/wp-content\/uploads\/2026\/05\/vant-puternic-pe-plaja-din-vama-veche-cum-se-distreaza-turistii-1.jpg\" width=\"700\" height=\"450\"><br \/>\n                <\/a>\n                            <\/div>\n<\/p><\/div>\n<\/p><\/div>\n<p id=\"p-2\">Reporterii afla\u021bi la fa\u021ba locului au surprins imagini cu turi\u0219ti plimb\u00e2ndu-se pe nisip \u0219i oprindu-se pentru fotografii \u00een apropierea \u021b\u0103rmului.<\/p>\n<p id=\"p-3\">\u201eVenim \u00een fiecare an \u00een Vama Veche \u0219i anul acesta am ales din nou aceea\u0219i destina\u021bie. Nu st\u0103m dec\u00e2t o zi, am venit diminea\u021ba \u0219i plec\u0103m seara. Am venit s\u0103 m\u0103 odihnesc, s\u0103 admir marea \u0219i s\u0103 respir\u201d, a spus o turist\u0103 venit\u0103 din Buz\u0103u.<\/p>\n<p id=\"p-4\">Al\u021bi vizitatori spun c\u0103 au ales Vama Veche pentru atmosfera mai relaxat\u0103 \u0219i mai pu\u021bin conven\u021bional\u0103.<\/p>\n<p id=\"p-5\">\u201eAbia am ajuns. Aici e mai liber, mai s\u0103lbatic \u0219i mai frumos. Chiar dac\u0103 vremea nu e foarte bun\u0103, am vrut s\u0103 bif\u0103m 1 Mai la mare\u201d, a declarat o turist\u0103 aflat\u0103 pe plaj\u0103.<\/p>\n<p id=\"p-6\">Unii turi\u0219ti au venit preg\u0103ti\u021bi pentru temperaturile mai sc\u0103zute \u0219i spun c\u0103 vremea nu le schimb\u0103 planurile.<\/p>\n<p id=\"p-7\">\u201eVenim \u00een fiecare an de 1 Mai \u00een Vam\u0103. St\u0103m p\u00e2n\u0103 duminic\u0103 \u0219i vrem doar s\u0103 ne relax\u0103m, s\u0103 st\u0103m \u00een fa\u021ba m\u0103rii \u0219i s\u0103 ne sim\u021bim bine. Chiar dac\u0103 e frig, nu conteaz\u0103\u201d, au spus doi turi\u0219ti.<\/p>\n<p id=\"p-8\">Vama Veche continu\u0103 s\u0103 atrag\u0103 vizitatori \u0219i \u00een condi\u021bii meteo mai pu\u021bin favorabile, mai ales pentru atmosfera specific\u0103 \u0219i via\u021ba de noapte.<\/p>\n<p id=\"p-9\">\u201eEste locul unde \u00eenc\u0103 te po\u021bi distra seara pe litoral. Chiar dac\u0103 e frig \u0219i v\u00e2nt, oamenii vin pentru atmosfer\u0103\u201d, a spus un turist sosit din Bucure\u0219ti.<\/p>\n<p id=\"p-10\">Vama Veche r\u0103m\u00e2ne una dintre destina\u021biile preferate pentru minivacan\u021ba de 1 Mai, iar atmosfera de pe plaj\u0103 a atras vizitatori chiar \u0219i \u00een condi\u021bii meteo mai pu\u021bin favorabile.<\/p>\n<\/p><\/div>\n","protected":false},"excerpt":{"rendered":"<p>Turi\u0219tii au continuat s\u0103 ias\u0103 la plimbare pe malul m\u0103rii, iar mul\u021bi au profitat de peisaj pentru a face fotografii. \u00cen ciuda rafalelor de v\u00e2nt \u0219i a vremii mai r\u0103coroase, &hellip; <a href=\"https:\/\/microscopemedia.com\/?p=690237\" class=\"more-link\">Read More<\/a><\/p>\n","protected":false},"author":1,"featured_media":690238,"comment_status":"closed","ping_status":"closed","sticky":false,"template":"Default","format":"standard","meta":[],"categories":[1],"tags":[],"_links":{"self":[{"href":"https:\/\/microscopemedia.com\/index.php?rest_route=\/wp\/v2\/posts\/690237"}],"collection":[{"href":"https:\/\/microscopemedia.com\/index.php?rest_route=\/wp\/v2\/posts"}],"about":[{"href":"https:\/\/microscopemedia.com\/index.php?rest_route=\/wp\/v2\/types\/post"}],"author":[{"embeddable":true,"href":"https:\/\/microscopemedia.com\/index.php?rest_route=\/wp\/v2\/users\/1"}],"replies":[{"embeddable":true,"href":"https:\/\/microscopemedia.com\/index.php?rest_route=%2Fwp%2Fv2%2Fcomments&post=690237"}],"version-history":[{"count":0,"href":"https:\/\/microscopemedia.com\/index.php?rest_route=\/wp\/v2\/posts\/690237\/revisions"}],"wp:featuredmedia":[{"embeddable":true,"href":"https:\/\/microscopemedia.com\/index.php?rest_route=\/wp\/v2\/media\/690238"}],"wp:attachment":[{"href":"https:\/\/microscopemedia.com\/index.php?rest_route=%2Fwp%2Fv2%2Fmedia&parent=690237"}],"wp:term":[{"taxonomy":"category","embeddable":true,"href":"https:\/\/microscopemedia.com\/index.php?rest_route=%2Fwp%2Fv2%2Fcategories&post=690237"},{"taxonomy":"post_tag","embeddable":true,"href":"https:\/\/microscopemedia.com\/index.php?rest_route=%2Fwp%2Fv2%2Ftags&post=690237"}],"curies":[{"name":"wp","href":"https:\/\/api.w.org\/{rel}","templated":true}]}}