{"id":690239,"date":"2026-05-01T10:36:03","date_gmt":"2026-05-01T10:36:03","guid":{"rendered":"https:\/\/microscopemedia.com\/?p=690239"},"modified":"2026-05-01T10:36:03","modified_gmt":"2026-05-01T10:36:03","slug":"acordul-ue-mercosur-intra-in-vigoare-ursula-von-der-leyen-tarifele-incep-sa-scada","status":"publish","type":"post","link":"https:\/\/microscopemedia.com\/?p=690239","title":{"rendered":"Acordul UE \u2013 MERCOSUR intr\u0103 \u00een vigoare. Ursula von der Leyen: \u201eTarifele \u00eencep s\u0103 scad\u0103\u201d"},"content":{"rendered":"<div><img decoding=\"async\" src=\"https:\/\/microscopemedia.com\/wp-content\/uploads\/2026\/05\/acordul-ue-mercosur-intra-in-vigoare-ursula-von-der-leyen-tarifele-incep-sa-scada.jpg\" class=\"ff-og-image-inserted\"><\/div>\n<p id=\"p-0\">Acordul privind crearea uneia dintre cele mai mari zone de liber schimb din lume a fost semnat \u00een ianuarie, dup\u0103 mai bine de 25 de ani de negocieri intermitente, potrivit <strong>AFP<\/strong>, citat\u0103 de <a href=\"https:\/\/www.france24.com\/en\/live-news\/20260501-blockbuster-eu-mercosur-trade-deal-enters-into-force-1\" target=\"_blank\" rel=\"noopener\">France24.&nbsp;<\/a><\/p>\n<p id=\"p-1\">\u00cempreun\u0103, UE \u0219i Mercosur reprezint\u0103 30% din PIB-ul mondial \u0219i peste 700 de milioane de consumatori.<\/p>\n<p id=\"p-2\">Acordul, care elimin\u0103 tarifele pentru peste 90% din comer\u021bul dintre cele dou\u0103 p\u0103r\u021bi, s-a dovedit a fi un subiect controversat \u00een Europa, Fran\u021ba conduc\u00e2nd opozi\u021bia din cauza \u00eengrijor\u0103rilor c\u0103 unii dintre fermierii s\u0103i vor fi afecta\u021bi negativ.<\/p>\n<p id=\"p-3\">\u00cens\u0103, sus\u021binut\u0103 de o majoritate a \u021b\u0103rilor UE, Bruxelles a mers mai departe, \u00een \u00eencercarea de a diversifica comer\u021bul \u00een fa\u021ba provoc\u0103rilor din partea Statelor Unite \u0219i a Chinei.<\/p>\n<h2 id=\"chapter-0\">Ursula von der Leyen salut\u0103 acordul<\/h2>\n<p id=\"p-4\">Pre\u0219edinta Comisiei Europene, Ursula von der Leyen, a salutat, vineri, \u00eenceperea punerii \u00een aplicare a acordului, declar\u00e2nd pe X: <em>\u201eAplicarea provizorie va demonstra beneficiile tangibile ale acordului.\u201d<\/em><\/p>\n<p id=\"p-5\">Von der Leyen a precizat c\u0103, \u201e\u00eencep\u00e2nd de acum, tarifele \u00eencep s\u0103 scad\u0103\u201d, iar companiile europene \u201ec\u00e2\u0219tig\u0103 acces la pie\u021be noi\u201d.<\/p>\n<blockquote class=\"twitter-tweet\" readability=\"15.228169014085\">\n<p dir=\"ltr\" lang=\"en\" id=\"p-6\">Today, the EU-Mercosur agreement begins to apply provisionally.<\/p>\n<p id=\"p-7\">The benefits are real and visible as of now.<\/p>\n<p id=\"p-8\">Tariffs start falling.<\/p>\n<p id=\"p-9\">Companies are gaining access to new markets.<\/p>\n<p id=\"p-10\">Investors have the predictability they need.<\/p>\n<p id=\"p-11\">Provisional application will show the agreement\u2019s\u2026 <a href=\"https:\/\/t.co\/VHr5FEA1v8\">pic.twitter.com\/VHr5FEA1v8<\/a><\/p>\n<p id=\"p-12\">\u2014 Ursula von der Leyen (@vonderleyen) <a href=\"https:\/\/twitter.com\/vonderleyen\/status\/2050120658399506734?ref_src=twsrc%5Etfw\">May 1, 2026<\/a><\/p>\n<\/blockquote>\n<p id=\"p-14\">&nbsp;<\/p>\n<p id=\"p-15\">Acordul favorizeaz\u0103 exporturile europene de automobile, vin \u0219i br\u00e2nzeturi, facilit\u00e2nd \u00een acela\u0219i timp intrarea \u00een Europa a c\u0103rnii de vit\u0103, a c\u0103rnii de pas\u0103re, a zah\u0103rului, a orezului, a mierii \u0219i a boabelor de soia din America de Sud.<\/p>\n<p id=\"p-16\">Pentru a marca aceast\u0103 zi, von der Leyen \u0219i pre\u0219edintele Consiliului European, Antonio Costa, urmau s\u0103 poarte discu\u021bii online cu liderii \u021b\u0103rilor din MERCOSUR, printre care se num\u0103r\u0103 Argentina \u0219i Brazilia.<\/p>\n<h2 id=\"chapter-1\">UE \u2013 MERCOSUR, un acord controversat<\/h2>\n<p id=\"p-17\">Punerea \u00een aplicare a acordului are loc dup\u0103 ce, \u00een ianuarie, Parlamentul European l-a trimis la cea mai \u00eenalt\u0103 instan\u021b\u0103 a UE, \u00een loc s\u0103 \u00eei dea und\u0103 verde.<\/p>\n<p id=\"p-18\">Fran\u021ba a \u00eencercat, \u00eens\u0103 f\u0103r\u0103 succes, blocarea acordului, pe seama \u00eengrijor\u0103rilor fermierilor francezi care se tem&nbsp;c\u0103 vor fi submina\u021bi de m\u0103rfurile mai ieftine provenite din Brazilia, o putere agricol\u0103, \u0219i din \u021b\u0103rile vecine.<\/p>\n<p id=\"p-19\">Opozi\u021bia ferm\u0103 a Fran\u021bei fa\u021b\u0103 de Acordul MERCOSUR a provocat o ruptur\u0103 public\u0103 cu autorit\u0103\u021bile de la Berlin, care depind de exporturi. Astfel, dou\u0103 dintre cele mai mari \u021b\u0103ri UE s-au \u00eentors una \u00eempotriva celeilalte, potrivit AFP.<\/p>\n<h2 id=\"chapter-2\">Germania salut\u0103 punerea \u00een aplicare a acordului<\/h2>\n<p id=\"p-20\">Ministrul german al Externelor, Johann Wadephul, a publicat, vineri, un mesaj pe re\u021belele de socializare \u00een care a salutat punerea \u00een aplicare a acordului cu Mercosur.<\/p>\n<p id=\"p-21\"><em>\u201eAcest lucru ne consolideaz\u0103 rezilien\u021ba \u0219i comer\u021bul bazat pe norme\u201d<\/em>, a declarat el pe X.<\/p>\n<p id=\"p-22\">\u00cen acela\u0219i timp cu eforturile de finalizare a acordului cu Mercosur, UE a continuat s\u0103 lucreze la alte acorduri pentru a se apropia de alte pie\u021be importante, precum India, Australia \u0219i Indonezia.<\/p>\n","protected":false},"excerpt":{"rendered":"<p>Acordul privind crearea uneia dintre cele mai mari zone de liber schimb din lume a fost semnat \u00een ianuarie, dup\u0103 mai bine de 25 de ani de negocieri intermitente, potrivit &hellip; <a href=\"https:\/\/microscopemedia.com\/?p=690239\" class=\"more-link\">Read More<\/a><\/p>\n","protected":false},"author":1,"featured_media":690240,"comment_status":"closed","ping_status":"closed","sticky":false,"template":"Default","format":"standard","meta":[],"categories":[1],"tags":[],"_links":{"self":[{"href":"https:\/\/microscopemedia.com\/index.php?rest_route=\/wp\/v2\/posts\/690239"}],"collection":[{"href":"https:\/\/microscopemedia.com\/index.php?rest_route=\/wp\/v2\/posts"}],"about":[{"href":"https:\/\/microscopemedia.com\/index.php?rest_route=\/wp\/v2\/types\/post"}],"author":[{"embeddable":true,"href":"https:\/\/microscopemedia.com\/index.php?rest_route=\/wp\/v2\/users\/1"}],"replies":[{"embeddable":true,"href":"https:\/\/microscopemedia.com\/index.php?rest_route=%2Fwp%2Fv2%2Fcomments&post=690239"}],"version-history":[{"count":0,"href":"https:\/\/microscopemedia.com\/index.php?rest_route=\/wp\/v2\/posts\/690239\/revisions"}],"wp:featuredmedia":[{"embeddable":true,"href":"https:\/\/microscopemedia.com\/index.php?rest_route=\/wp\/v2\/media\/690240"}],"wp:attachment":[{"href":"https:\/\/microscopemedia.com\/index.php?rest_route=%2Fwp%2Fv2%2Fmedia&parent=690239"}],"wp:term":[{"taxonomy":"category","embeddable":true,"href":"https:\/\/microscopemedia.com\/index.php?rest_route=%2Fwp%2Fv2%2Fcategories&post=690239"},{"taxonomy":"post_tag","embeddable":true,"href":"https:\/\/microscopemedia.com\/index.php?rest_route=%2Fwp%2Fv2%2Ftags&post=690239"}],"curies":[{"name":"wp","href":"https:\/\/api.w.org\/{rel}","templated":true}]}}