{"id":690245,"date":"2026-05-01T11:06:04","date_gmt":"2026-05-01T11:06:04","guid":{"rendered":"https:\/\/microscopemedia.com\/?p=690245"},"modified":"2026-05-01T11:06:04","modified_gmt":"2026-05-01T11:06:04","slug":"trump-dezvaluie-motivul-pentru-care-nu-vrea-sa-poarte-vesta-antiglont","status":"publish","type":"post","link":"https:\/\/microscopemedia.com\/?p=690245","title":{"rendered":"Trump dezv\u0103luie motivul pentru care nu vrea s\u0103 poarte vest\u0103 antiglon\u021b"},"content":{"rendered":"<div><img decoding=\"async\" src=\"https:\/\/microscopemedia.com\/wp-content\/uploads\/2026\/05\/trump-dezvaluie-motivul-pentru-care-nu-vrea-sa-poarte-vesta-antiglont.jpg\" class=\"ff-og-image-inserted\"><\/div>\n<div readability=\"30.467368421053\">\n<p id=\"p-0\">Pre\u0219edintele american Donald Trump a dezv\u0103luit, joi, c\u0103 nu este \u00eenc\u00e2ntat de ideea de a purta vest\u0103 antiglon\u021b. Acesta \u0219i-a motivat decizia de a nu purta o astfel de vest\u0103 pentru c\u0103 nu i-ar avantaja deloc aspectul fizic.<\/p>\n<p id=\"p-1\">\u00centrebat de jurnali\u0219ti dac\u0103 ia \u00een calcul purtarea unei veste antiglon\u021b, Trump a r\u0103spuns ironic: \u201eNu \u0219tiu dac\u0103 vreau s\u0103 ar\u0103t ca \u0219i cum a\u0219 avea cu 10 kilograme mai mult\u201d.<\/p>\n<p id=\"p-2\">Comentariile vin dup\u0103 ce un agent al Serviciului Secret, care purta o vest\u0103 antiglon\u021b, a fost \u00eempu\u0219cat s\u0103pt\u0103m\u00e2na trecut\u0103 <span><a href=\"https:\/\/www.mediafax.ro\/externe\/trump-dupa-incidentul-armat-de-la-cina-corespondentilor-a-atacat-de-la-50-de-metri-distanta-fbi-cere-informatii-de-la-public-23726631\">\u00een timpul Cinei Coresponden\u021bilor<\/a><\/span>, care a avut loc la Casa Alb\u0103 (WHCA). Acesta nu a suferit r\u0103ni grave.<\/p>\n<p id=\"p-3\">\u201eSincer, vesta a f\u0103cut o treab\u0103 uimitoare, pentru c\u0103 a oprit un glon\u021b de la distan\u021b\u0103 mic\u0103. Nici m\u0103car nu a vrut s\u0103 mearg\u0103 la spital. L-am trimis la spital doar pentru orice eventualitate. Vesta l-a protejat complet. Totu\u0219i, pu\u0219ca aia are o putere enorm\u0103. E ca \u0219i cum ai fi lovit de Mike Tyson\u201d, a spus el jurnali\u0219tilor prezen\u021bi \u00een Biroul Oval, potrivit <span><a href=\"https:\/\/thehill.com\/homenews\/administration\/5858198-trump-bulletproof-vest-joke\/\" target=\"_blank\" rel=\"noopener\">The Hill<\/a><\/span>.<\/p>\n<p id=\"p-4\">Incidentul care a avut loc s\u0103pt\u0103m\u00e2na trecut\u0103 \u00een timpul Cinei Coresponden\u021bilor este al treilea de acest tip \u00een ultimii doi ani \u00een care Donald Trump ar fi fost vizat sau expus unui poten\u021bial risc de atac.<\/p>\n<\/p><\/div>\n","protected":false},"excerpt":{"rendered":"<p>Pre\u0219edintele american Donald Trump a dezv\u0103luit, joi, c\u0103 nu este \u00eenc\u00e2ntat de ideea de a purta vest\u0103 antiglon\u021b. Acesta \u0219i-a motivat decizia de a nu purta o astfel de vest\u0103 &hellip; <a href=\"https:\/\/microscopemedia.com\/?p=690245\" class=\"more-link\">Read More<\/a><\/p>\n","protected":false},"author":1,"featured_media":690246,"comment_status":"closed","ping_status":"closed","sticky":false,"template":"Default","format":"standard","meta":[],"categories":[1],"tags":[],"_links":{"self":[{"href":"https:\/\/microscopemedia.com\/index.php?rest_route=\/wp\/v2\/posts\/690245"}],"collection":[{"href":"https:\/\/microscopemedia.com\/index.php?rest_route=\/wp\/v2\/posts"}],"about":[{"href":"https:\/\/microscopemedia.com\/index.php?rest_route=\/wp\/v2\/types\/post"}],"author":[{"embeddable":true,"href":"https:\/\/microscopemedia.com\/index.php?rest_route=\/wp\/v2\/users\/1"}],"replies":[{"embeddable":true,"href":"https:\/\/microscopemedia.com\/index.php?rest_route=%2Fwp%2Fv2%2Fcomments&post=690245"}],"version-history":[{"count":0,"href":"https:\/\/microscopemedia.com\/index.php?rest_route=\/wp\/v2\/posts\/690245\/revisions"}],"wp:featuredmedia":[{"embeddable":true,"href":"https:\/\/microscopemedia.com\/index.php?rest_route=\/wp\/v2\/media\/690246"}],"wp:attachment":[{"href":"https:\/\/microscopemedia.com\/index.php?rest_route=%2Fwp%2Fv2%2Fmedia&parent=690245"}],"wp:term":[{"taxonomy":"category","embeddable":true,"href":"https:\/\/microscopemedia.com\/index.php?rest_route=%2Fwp%2Fv2%2Fcategories&post=690245"},{"taxonomy":"post_tag","embeddable":true,"href":"https:\/\/microscopemedia.com\/index.php?rest_route=%2Fwp%2Fv2%2Ftags&post=690245"}],"curies":[{"name":"wp","href":"https:\/\/api.w.org\/{rel}","templated":true}]}}