{"id":690247,"date":"2026-05-01T11:16:04","date_gmt":"2026-05-01T11:16:04","guid":{"rendered":"https:\/\/microscopemedia.com\/?p=690247"},"modified":"2026-05-01T11:16:04","modified_gmt":"2026-05-01T11:16:04","slug":"ilie-bolojan-anunta-un-proiect-de-oug-pentru-accelerarea-proiectelor-pe-pnrr-accelerarea-platilor-si-fonduri-pentru-cheltuieli-neeligibile","status":"publish","type":"post","link":"https:\/\/microscopemedia.com\/?p=690247","title":{"rendered":"Ilie Bolojan anun\u021b\u0103 un proiect de OUG pentru accelerarea proiectelor pe PNRR: Accelerarea pl\u0103\u021bilor \u0219i fonduri pentru cheltuieli neeligibile"},"content":{"rendered":"<div><img decoding=\"async\" src=\"https:\/\/microscopemedia.com\/wp-content\/uploads\/2026\/05\/ilie-bolojan-anunta-un-proiect-de-oug-pentru-accelerarea-proiectelor-pe-pnrr-accelerarea-platilor-si-fonduri-pentru-cheltuieli-neeligibile.jpg\" class=\"ff-og-image-inserted\"><\/div>\n<div readability=\"32.290155440415\">\n<p id=\"p-0\"><span>OUG-ul introduce un sistem de pl\u0103\u021bi rapide direct de la Ministerul de Finan\u021be pentru accelerare proiectelor europene.&nbsp;<\/span><\/p>\n<p id=\"p-1\"><span>\u201eLegat de absorb\u021bia de fonduri europene \u0219i am anun\u021bat c\u0103 luni seara guvernul va adopta o ordonan\u021b\u0103 care va permite finan\u021barea proiectelor europene prin pl\u0103\u021bi rapide direct de la Ministerul de Finan\u021be, \u00een a\u0219a fel \u00eenc\u00e2t procedurile de verificare, care ast\u0103zi dureaz\u0103 c\u00e2teva luni, s\u0103 nu lungeasc\u0103 proiectele \u0219i s\u0103 le putem termina p\u00e2n\u0103 la sf\u00e2r\u0219itul lunii august\u201d, a spus vineri premierul Ilie Bolojan.&nbsp;<\/span><\/p>\n<p id=\"p-2\"><span>Pe l\u00e2ng\u0103 simplificarea pl\u0103\u021bilor, Executivul va deschide o linie de credit care s\u0103 asigure autorit\u0103\u021bilor locale acoperirea cheltuielilor neeligibile.&nbsp;<\/span><\/p>\n<p id=\"p-3\"><span>\u201eDe asemenea, o linie de finan\u021bare de 2 miliarde de lei pentru acoperirea prin credite, din trezorerie, a cheltuielilor neeligibile a acestor proiecte, multe dintre prim\u0103rii av\u00e2nd cheltuieli suplimentare care nu sunt acoperite din fonduri europene \u0219i pentru care nu au capacitate financiar\u0103\u201d, spune \u0219eful Guvernului.&nbsp;<\/span><\/p>\n<p id=\"p-4\"><span>\u201e\u00cen sensul acesta, sper c\u0103 la finalul lunii august proiectele care sunt \u0219i \u00een aceast\u0103 regiune a \u021b\u0103rii vor fi finalizate \u00een localit\u0103\u021bile din cele dou\u0103 jude\u021be, \u00een a\u0219a fel \u00eenc\u00e2t s\u0103 cre\u0103m condi\u021bii mai bune de via\u021b\u0103\u201d, conchide liderul Executivului.&nbsp;<\/span><\/p>\n<\/p><\/div>\n","protected":false},"excerpt":{"rendered":"<p>OUG-ul introduce un sistem de pl\u0103\u021bi rapide direct de la Ministerul de Finan\u021be pentru accelerare proiectelor europene.&nbsp; \u201eLegat de absorb\u021bia de fonduri europene \u0219i am anun\u021bat c\u0103 luni seara guvernul &hellip; <a href=\"https:\/\/microscopemedia.com\/?p=690247\" class=\"more-link\">Read More<\/a><\/p>\n","protected":false},"author":1,"featured_media":690248,"comment_status":"closed","ping_status":"closed","sticky":false,"template":"Default","format":"standard","meta":[],"categories":[1],"tags":[],"_links":{"self":[{"href":"https:\/\/microscopemedia.com\/index.php?rest_route=\/wp\/v2\/posts\/690247"}],"collection":[{"href":"https:\/\/microscopemedia.com\/index.php?rest_route=\/wp\/v2\/posts"}],"about":[{"href":"https:\/\/microscopemedia.com\/index.php?rest_route=\/wp\/v2\/types\/post"}],"author":[{"embeddable":true,"href":"https:\/\/microscopemedia.com\/index.php?rest_route=\/wp\/v2\/users\/1"}],"replies":[{"embeddable":true,"href":"https:\/\/microscopemedia.com\/index.php?rest_route=%2Fwp%2Fv2%2Fcomments&post=690247"}],"version-history":[{"count":0,"href":"https:\/\/microscopemedia.com\/index.php?rest_route=\/wp\/v2\/posts\/690247\/revisions"}],"wp:featuredmedia":[{"embeddable":true,"href":"https:\/\/microscopemedia.com\/index.php?rest_route=\/wp\/v2\/media\/690248"}],"wp:attachment":[{"href":"https:\/\/microscopemedia.com\/index.php?rest_route=%2Fwp%2Fv2%2Fmedia&parent=690247"}],"wp:term":[{"taxonomy":"category","embeddable":true,"href":"https:\/\/microscopemedia.com\/index.php?rest_route=%2Fwp%2Fv2%2Fcategories&post=690247"},{"taxonomy":"post_tag","embeddable":true,"href":"https:\/\/microscopemedia.com\/index.php?rest_route=%2Fwp%2Fv2%2Ftags&post=690247"}],"curies":[{"name":"wp","href":"https:\/\/api.w.org\/{rel}","templated":true}]}}