{"id":690249,"date":"2026-05-01T11:36:04","date_gmt":"2026-05-01T11:36:04","guid":{"rendered":"https:\/\/microscopemedia.com\/?p=690249"},"modified":"2026-05-01T11:36:04","modified_gmt":"2026-05-01T11:36:04","slug":"ilie-bolojan-atac-la-adresa-lui-sorin-grindeanu-dupa-depunerea-motiunii-de-cenzura-e-greu-cu-consecventa","status":"publish","type":"post","link":"https:\/\/microscopemedia.com\/?p=690249","title":{"rendered":"Ilie Bolojan, atac la adresa lui Sorin Grindeanu, dup\u0103 depunerea mo\u021biunii de cenzur\u0103: E greu cu consecven\u021ba"},"content":{"rendered":"<div><img decoding=\"async\" src=\"https:\/\/microscopemedia.com\/wp-content\/uploads\/2026\/05\/ilie-bolojan-atac-la-adresa-lui-sorin-grindeanu-dupa-depunerea-motiunii-de-cenzura-e-greu-cu-consecventa.jpg\" class=\"ff-og-image-inserted\"><\/div>\n<div readability=\"36.478632478632\">\n<p id=\"p-0\"><span>Ilie Bolojan a eviden\u021biat atitudinea duplicitar\u0103 a liderului social-democrat, dup\u0103 ce PSD \u0219i AUR au depus mo\u021biune de cenzur\u0103 \u00eempotriva Guvernului.&nbsp;<\/span><\/p>\n<p id=\"p-1\"><span>\u201eDac\u0103 m-a\u0219 lua dup\u0103 declara\u021biile domnului Grindeanu, a\u0219 constata c\u0103 prin martie, c\u00e2nd a fost la Bruxelles, a f\u0103cut o declara\u021bie c\u0103 nu va exista nici o colaborare cu AUR, iar peste o lun\u0103 constat\u0103 c\u0103 au semnat o mo\u021biune de comun acord\u201d, spune premierul<\/span><\/p>\n<p id=\"p-2\"><span>Liderul liberal a ad\u0103ugat: \u201eE greu cu consecven\u021ba \u0219i e bine s\u0103 vedem ceea ce se va \u00eent\u00e2mpla \u00een perioada urm\u0103toare\u201d.&nbsp;<\/span><\/p>\n<p id=\"p-3\"><span>Mo\u021biunea, ini\u021biat\u0103 de PSD, AUR \u0219i membrii grupului PACE <\/span><span>\u2013 \u00cent\u00e2i Rom\u00e2nia<\/span><span>, a fost depus\u0103 \u0219i citit\u0103 \u00een Parlament, \u00een cursul acestei s\u0103pt\u0103m\u00e2ni, urm\u00e2nd ca mar\u021bi s\u0103 fie votat\u0103 de plenul reunit.&nbsp;<\/span><\/p>\n<p id=\"p-4\"><span>Atacul lansat de premierul Ilie Bolojan vine dup\u0103 ce la finalul lunii martie, Sorin Grindeanu s-a \u00eent\u00e2lnit la Bruxelles cu pre\u0219edinta Parlamentului European, Roberta Metsola. <\/span><\/p>\n<p id=\"p-5\"><span>\u201eNicio colaborare cu for\u021bele extremiste (AUR), o amenin\u021bare la adresa viitorului. PSD r\u0103m\u00e2ne concentrat pe stabilitate, \u00eencredere \u0219i solu\u021bii reale, nu pe austeritate!\u201d, spunea Grindeanu, la vremea aceea.&nbsp;<\/span><\/p>\n<\/p><\/div>\n","protected":false},"excerpt":{"rendered":"<p>Ilie Bolojan a eviden\u021biat atitudinea duplicitar\u0103 a liderului social-democrat, dup\u0103 ce PSD \u0219i AUR au depus mo\u021biune de cenzur\u0103 \u00eempotriva Guvernului.&nbsp; \u201eDac\u0103 m-a\u0219 lua dup\u0103 declara\u021biile domnului Grindeanu, a\u0219 constata &hellip; <a href=\"https:\/\/microscopemedia.com\/?p=690249\" class=\"more-link\">Read More<\/a><\/p>\n","protected":false},"author":1,"featured_media":690250,"comment_status":"closed","ping_status":"closed","sticky":false,"template":"Default","format":"standard","meta":[],"categories":[1],"tags":[],"_links":{"self":[{"href":"https:\/\/microscopemedia.com\/index.php?rest_route=\/wp\/v2\/posts\/690249"}],"collection":[{"href":"https:\/\/microscopemedia.com\/index.php?rest_route=\/wp\/v2\/posts"}],"about":[{"href":"https:\/\/microscopemedia.com\/index.php?rest_route=\/wp\/v2\/types\/post"}],"author":[{"embeddable":true,"href":"https:\/\/microscopemedia.com\/index.php?rest_route=\/wp\/v2\/users\/1"}],"replies":[{"embeddable":true,"href":"https:\/\/microscopemedia.com\/index.php?rest_route=%2Fwp%2Fv2%2Fcomments&post=690249"}],"version-history":[{"count":0,"href":"https:\/\/microscopemedia.com\/index.php?rest_route=\/wp\/v2\/posts\/690249\/revisions"}],"wp:featuredmedia":[{"embeddable":true,"href":"https:\/\/microscopemedia.com\/index.php?rest_route=\/wp\/v2\/media\/690250"}],"wp:attachment":[{"href":"https:\/\/microscopemedia.com\/index.php?rest_route=%2Fwp%2Fv2%2Fmedia&parent=690249"}],"wp:term":[{"taxonomy":"category","embeddable":true,"href":"https:\/\/microscopemedia.com\/index.php?rest_route=%2Fwp%2Fv2%2Fcategories&post=690249"},{"taxonomy":"post_tag","embeddable":true,"href":"https:\/\/microscopemedia.com\/index.php?rest_route=%2Fwp%2Fv2%2Ftags&post=690249"}],"curies":[{"name":"wp","href":"https:\/\/api.w.org\/{rel}","templated":true}]}}