{"id":690263,"date":"2026-05-01T13:17:03","date_gmt":"2026-05-01T13:17:03","guid":{"rendered":"https:\/\/microscopemedia.com\/?p=690263"},"modified":"2026-05-01T13:17:03","modified_gmt":"2026-05-01T13:17:03","slug":"italia-peste-trei-mii-de-persoane-au-fost-evacuate-si-armata-a-fost-mobilizata-pe-fondul-unui-incendiu-de-vegetatie","status":"publish","type":"post","link":"https:\/\/microscopemedia.com\/?p=690263","title":{"rendered":"Italia: Peste trei mii de persoane au fost evacuate \u0219i armata a fost mobilizat\u0103 pe fondul unui incendiu de vegeta\u021bie"},"content":{"rendered":"<div><img decoding=\"async\" src=\"https:\/\/microscopemedia.com\/wp-content\/uploads\/2026\/05\/italia-peste-trei-mii-de-persoane-au-fost-evacuate-si-armata-a-fost-mobilizata-pe-fondul-unui-incendiu-de-vegetatie.jpg\" class=\"ff-og-image-inserted\"><\/div>\n<div readability=\"40.157524613221\">\n<p id=\"p-0\"><span>Incendiul, \u00eenceput \u00een dup\u0103 amiaza zilei de joi, a afectat deja 800 de hectare de teren, iar v\u00e2ntul puternic din timpul nop\u021bii a dus la extinderea ordinelor de evacuare pentru locuitorii din zonele aflate \u00een pericol.&nbsp;&nbsp;<\/span><\/p>\n<p id=\"p-1\"><span>\u201e\u00cen timpul nop\u021bii, v\u00e2nturile puternice au alimentat \u0219i mai mult incendiul de pe Muntele Faeta, ceea ce a dus la evacuarea preventiv\u0103 a aproximativ 3.000 de persoane la Asciano \u0219i San Giuliano Terme\u201d, a declarat liderul regiunii, Eugenio Giani, citat de <span><a href=\"https:\/\/www.rainews.it\/articoli\/2026\/05\/incendio-sul-monte-faeta-attivata-lunita-di-crisi-regionale-centinaia-di-sfollati-dc103f9e-3a0a-42f5-8574-f58c39cf355f.html\">RAI News<\/a><\/span>.&nbsp;<\/span><\/p>\n<p id=\"p-2\"><span>Oficialul a mai precizat c\u0103 sistemele de protec\u021bie civil\u0103 \u0219i sanitar\u0103 au fost activate pentru a oferi sprijin persoanelor evacuate, inclusiv prin asisten\u021b\u0103 pe timpul nop\u021bii \u0219i instalarea de facilit\u0103\u021bi temporare.&nbsp;<\/span><\/p>\n<p id=\"p-3\"><span>\u201ePatru aeronave Canadair, aeronave \u0219i sute de membri ai sistemului regional de stingere a incendiilor forestiere, vehicule terestre \u0219i pompieri sunt \u00een opera\u021biune continu\u0103\u201d, spune acesta.&nbsp;<\/span><\/p>\n<p id=\"p-4\"><span>De asemenea, ministerul Ap\u0103r\u0103rii a anun\u021bat c\u0103 armata a fost desf\u0103\u0219urat\u0103 la solicitarea Prefecturii din Pisa pentru a sprijini evacuarea popula\u021biei \u0219i transportul acesteia c\u0103tre zone sigure.&nbsp;<\/span><\/p>\n<p id=\"p-5\"><span>Incendiul pare s\u0103 fi \u00eenceput de la un fermier care ardea ramuri de m\u0103slini \u0219i care a pierdut controlul fl\u0103c\u0103rii.&nbsp;<\/span><\/p>\n<p id=\"p-6\"><span>Un incendiu asem\u0103n\u0103tor a avut loc \u00een 2018, c\u00e2nd 1.200 de hectare de teren au ars.&nbsp;<\/span><\/p>\n<\/p><\/div>\n","protected":false},"excerpt":{"rendered":"<p>Incendiul, \u00eenceput \u00een dup\u0103 amiaza zilei de joi, a afectat deja 800 de hectare de teren, iar v\u00e2ntul puternic din timpul nop\u021bii a dus la extinderea ordinelor de evacuare pentru &hellip; <a href=\"https:\/\/microscopemedia.com\/?p=690263\" class=\"more-link\">Read More<\/a><\/p>\n","protected":false},"author":1,"featured_media":690264,"comment_status":"closed","ping_status":"closed","sticky":false,"template":"Default","format":"standard","meta":[],"categories":[1],"tags":[],"_links":{"self":[{"href":"https:\/\/microscopemedia.com\/index.php?rest_route=\/wp\/v2\/posts\/690263"}],"collection":[{"href":"https:\/\/microscopemedia.com\/index.php?rest_route=\/wp\/v2\/posts"}],"about":[{"href":"https:\/\/microscopemedia.com\/index.php?rest_route=\/wp\/v2\/types\/post"}],"author":[{"embeddable":true,"href":"https:\/\/microscopemedia.com\/index.php?rest_route=\/wp\/v2\/users\/1"}],"replies":[{"embeddable":true,"href":"https:\/\/microscopemedia.com\/index.php?rest_route=%2Fwp%2Fv2%2Fcomments&post=690263"}],"version-history":[{"count":0,"href":"https:\/\/microscopemedia.com\/index.php?rest_route=\/wp\/v2\/posts\/690263\/revisions"}],"wp:featuredmedia":[{"embeddable":true,"href":"https:\/\/microscopemedia.com\/index.php?rest_route=\/wp\/v2\/media\/690264"}],"wp:attachment":[{"href":"https:\/\/microscopemedia.com\/index.php?rest_route=%2Fwp%2Fv2%2Fmedia&parent=690263"}],"wp:term":[{"taxonomy":"category","embeddable":true,"href":"https:\/\/microscopemedia.com\/index.php?rest_route=%2Fwp%2Fv2%2Fcategories&post=690263"},{"taxonomy":"post_tag","embeddable":true,"href":"https:\/\/microscopemedia.com\/index.php?rest_route=%2Fwp%2Fv2%2Ftags&post=690263"}],"curies":[{"name":"wp","href":"https:\/\/api.w.org\/{rel}","templated":true}]}}