{"id":690265,"date":"2026-05-01T13:36:04","date_gmt":"2026-05-01T13:36:04","guid":{"rendered":"https:\/\/microscopemedia.com\/?p=690265"},"modified":"2026-05-01T13:36:04","modified_gmt":"2026-05-01T13:36:04","slug":"dispari-tradator-murdar-prim-secretarul-partidului-socialist-din-franta-a-fost-atacat-cu-faina-la-protestele-de-1-mai","status":"publish","type":"post","link":"https:\/\/microscopemedia.com\/?p=690265","title":{"rendered":"\u201eDispari, tr\u0103d\u0103tor murdar\u201d. Prim-secretarul Partidului Socialist din Fran\u021ba a fost atacat cu f\u0103in\u0103 la protestele de 1 mai"},"content":{"rendered":"<p id=\"p-0\">\u201eDispari, tr\u0103d\u0103tor murdar\u201d. Prim-secretarul Partidului Socialist din Fran\u021ba, Olivier Faure, a fost atacat cu f\u0103in\u0103 la protestele de 1 ma <span dir=\"auto\">\u00een Amiens \u00een timpul demonstra\u021biilor de 1 mai. B\u0103rbatul a fost \u00eempro\u0219cat cu<\/span> f\u0103in\u0103 de doi b\u0103rba\u021bi masca\u021bi. Unul dintre ei purta o e\u0219arf\u0103 cu o secer\u0103 \u0219i un ciocan pe ea, <span><strong><a href=\"https:\/\/www.lefigaro.fr\/social\/en-direct-1er-mai-fete-travail-boulangers-fleuristes-ouverture-commerces-jour-ferie-manifestations-syndicats-20260501\">relateaz\u0103 presa francez\u0103.<\/a><\/strong><\/span><\/p>\n<p id=\"p-1\">Deputatul socialist Boris Vallaud i-a transmis un mesaj de sus\u021binere pe X, denun\u021b\u00e2nd \u201emetodele inacceptabile\u201d care \u201ed\u0103uneaz\u0103 luptei \u00eentregii st\u00e2ngi \u0219i muncitori\u201d.<\/p>\n<div id=\"attachment_23729636\" class=\"wp-caption aligncenter\" readability=\"33\"><img aria-describedby=\"caption-attachment-23729636\" class=\"wp-image-23729636 size-full\" src=\"https:\/\/microscopemedia.com\/wp-content\/uploads\/2026\/05\/dispari-tradator-murdar-prim-secretarul-partidului-socialist-din-franta-a-fost-atacat-cu-faina-la-protestele-de-1-mai.webp\" alt width=\"700\" height=\"525\" loading=\"lazy\" decoding=\"async\" srcset=\"https:\/\/microscopemedia.com\/wp-content\/uploads\/2026\/05\/dispari-tradator-murdar-prim-secretarul-partidului-socialist-din-franta-a-fost-atacat-cu-faina-la-protestele-de-1-mai-1.webp 500w, https:\/\/microscopemedia.com\/wp-content\/uploads\/2026\/05\/dispari-tradator-murdar-prim-secretarul-partidului-socialist-din-franta-a-fost-atacat-cu-faina-la-protestele-de-1-mai.webp 728w\"><\/p>\n<p id=\"caption-attachment-23729636\" class=\"wp-caption-text\">Olivier Faure, atacat cu f\u0103in\u0103<\/p>\n<\/div>\n<p id=\"p-2\">Numeroase mar\u0219uri sunt a\u0219teptate pe tot parcursul zilei, de la Paris la Marsilia, inclusiv la Bordeaux \u0219i Lille, pentru demonstra\u021biile tradi\u021bionale de 1 Mai. Guvernul a promis flexibilitate \u00een ceea ce prive\u0219te deschiderea brut\u0103riilor \u0219i a flor\u0103riilor artizanale \u00een acest an. Cu toate acestea, \u00een lipsa unei legisla\u021bii, incertitudinea juridic\u0103 persist\u0103.<\/p>\n<h2 class=\"live_block_title\" id=\"chapter-0\"><span dir=\"auto\">Patru persoane au fost arestate la Lyon \u00een marja mar\u0219ului de 1 Mai, care a atras 6.500 de participan\u021bi<\/span><\/h2>\n<div class=\"content_post\" readability=\"43\">\n<p id=\"p-3\"><span dir=\"auto\">6.500 de persoane au m\u0103r\u0219\u0103luit pa\u0219nic la Lyon, potrivit prefecturii Rh\u00f4ne. Manifesta\u021bia s-a dispersat acum.<\/span><\/p>\n<p id=\"p-4\"><span dir=\"auto\">C\u00e2teva zeci de protestatari black bloc au fost v\u0103zu\u021bi \u00een procesiune \u0219i au tras cu focuri de artificii asupra for\u021belor de ordine, care au r\u0103spuns cu gaze lacrimogene, potrivit unei surse din poli\u021bie.<\/span><\/p>\n<p id=\"p-5\"><span dir=\"auto\">Potrivit acestei surse, patru persoane au fost arestate \u00een marja demonstra\u021biei.<\/span><\/p>\n<\/div>\n<h2 class=\"live_block_title\" id=\"chapter-1\"><span dir=\"auto\">Marine Le Pen consider\u0103 c\u0103 \u201eoricine ar trebui s\u0103 poat\u0103 munci \u0219i s\u0103-\u0219i c\u00e2\u0219tige existen\u021ba din asta\u201d.<\/span><\/h2>\n<div class=\"content_post\" readability=\"45.5\">\n<p id=\"p-6\"><span dir=\"auto\">Vorbind din M\u00e2con, unde a \u021binut mitingul de 1 Mai, Marine Le Pen a depl\u00e2ns faptul c\u0103 francezii trebuie acum s\u0103 \u201emunceasc\u0103 mai mult pentru a p\u0103stra mai mult\u201d, critic\u00e2nd taxele pe care le-a considerat prea mari. \u201eToat\u0103 lumea ar trebui s\u0103 poat\u0103 munci \u0219i s\u0103 tr\u0103iasc\u0103 din asta\u2026 munca nu este pl\u0103tit\u0103 suficient. Trebuie s\u0103 restabilim valoarea muncii la locul ei cuvenit.\u201d<\/span><\/p>\n<p id=\"p-7\"><span dir=\"auto\">\u201eSuntem ap\u0103r\u0103torii libert\u0103\u021bii economice (\u2026) cu noi, nu va exista nici un laissez-faire.\u201d<\/span><\/p>\n<h2 class=\"live_block_title\" id=\"chapter-2\"><span dir=\"auto\">Jean-Luc M\u00e9lenchon \u00eendeamn\u0103 la \u201e\u00eentoarcerea paginii\u201d cu Emmanuel Macron<\/span><\/h2>\n<div class=\"content_post\" readability=\"48.5\">\n<p id=\"p-8\"><span dir=\"auto\">\u00cen discursul s\u0103u de la Place de la R\u00e9publique, Jean-Luc M\u00e9lenchon a cerut \u201es\u0103 se \u00eentoarc\u0103 pagina\u201d cu Emmanuel Macron \u201edin moment ce pleac\u0103\u201d.<\/span><\/p>\n<p id=\"p-9\"><span dir=\"auto\">Fondatorul partidului La France insoumise a contestat legitimitatea guvernului lui S\u00e9bastien Lecornu, \u201erezultat \u00een urma unor alegeri al c\u0103ror rezultat nu a fost respectat de actualul \u0219ef al statului\u201d.<\/span><\/p>\n<h2 class=\"live_block_title\" id=\"chapter-3\"><span dir=\"auto\">Sophie Binet \u00eei cere lui S\u00e9bastien Lecornu s\u0103 \u00eenghe\u021be pre\u021burile la combustibili \u0219i s\u0103 implementeze o cre\u0219tere cu 5% a salariului minim<\/span><\/h2>\n<div class=\"content_post\" readability=\"49\">\n<p id=\"p-10\"><span dir=\"auto\">Secretarul general al CGT a indicat \u00een aceast\u0103 diminea\u021b\u0103 la France Inter c\u0103 a trimis o scrisoare prim-ministrului \u00een care solicit\u0103 mai multe m\u0103suri pentru puterea de cump\u0103rare a francezilor \u00een aceast\u0103 zi de 1 mai.<\/span><\/p>\n<p id=\"p-11\"><span dir=\"auto\">De\u0219i guvernul dore\u0219te s\u0103 faciliteze deschiderea anumitor afaceri, cum ar fi brut\u0103riile \u0219i flor\u0103riile, Sophie Binet consider\u0103 c\u0103 \u201enu furtul de 1 Mai ar trebui s\u0103 fie pe ordinea de zi a Parlamentului, ci un plan de urgen\u021b\u0103 pentru protejarea lucr\u0103torilor\u201d.<\/span><\/p>\n<p id=\"p-12\"><span dir=\"auto\">Acesta din urm\u0103 solicit\u0103 \u201eo \u00eenghe\u021bare imediat\u0103 a pre\u021burilor la combustibili\u201d, coroborat\u0103 cu \u201em\u0103suri foarte ferme pentru salarii\u201d, cum ar fi \u201ecre\u0219terea imediat\u0103 a salariului minim cu 5%\u201d sau \u201ereevaluarea tuturor beneficiilor sociale, a venitului minim garantat \u0219i a pensiilor\u201d \u0219i \u201eindexarea salariilor la pre\u021buri\u201d.<\/span><\/p>\n<\/div>\n<\/div>\n<\/div>\n<p id=\"p-13\"><span dir=\"auto\">\u00cen toat\u0103 Fran\u021ba, demonstra\u021biile tradi\u021bionale de 1 Mai aduc mii de francezi \u00een strad\u0103. Sunt proteste \u00een Bordeaux, Nisa, Lille, Lyon, Marsilia, Nantes, Rennes, Paris. \u00cen <\/span><span dir=\"auto\">Paris <\/span><span dir=\"auto\">demonstra\u021bia tradi\u021bional\u0103 de Ziua Muncii va \u00eencepe \u00een Place de la R\u00e9publique la ora 14:00 \u0219i va ajunge \u00een Place de la Nation.<\/span><\/p>\n","protected":false},"excerpt":{"rendered":"<p>\u201eDispari, tr\u0103d\u0103tor murdar\u201d. Prim-secretarul Partidului Socialist din Fran\u021ba, Olivier Faure, a fost atacat cu f\u0103in\u0103 la protestele de 1 ma \u00een Amiens \u00een timpul demonstra\u021biilor de 1 mai. B\u0103rbatul a &hellip; <a href=\"https:\/\/microscopemedia.com\/?p=690265\" class=\"more-link\">Read More<\/a><\/p>\n","protected":false},"author":1,"featured_media":690266,"comment_status":"closed","ping_status":"closed","sticky":false,"template":"Default","format":"standard","meta":[],"categories":[1],"tags":[],"_links":{"self":[{"href":"https:\/\/microscopemedia.com\/index.php?rest_route=\/wp\/v2\/posts\/690265"}],"collection":[{"href":"https:\/\/microscopemedia.com\/index.php?rest_route=\/wp\/v2\/posts"}],"about":[{"href":"https:\/\/microscopemedia.com\/index.php?rest_route=\/wp\/v2\/types\/post"}],"author":[{"embeddable":true,"href":"https:\/\/microscopemedia.com\/index.php?rest_route=\/wp\/v2\/users\/1"}],"replies":[{"embeddable":true,"href":"https:\/\/microscopemedia.com\/index.php?rest_route=%2Fwp%2Fv2%2Fcomments&post=690265"}],"version-history":[{"count":0,"href":"https:\/\/microscopemedia.com\/index.php?rest_route=\/wp\/v2\/posts\/690265\/revisions"}],"wp:featuredmedia":[{"embeddable":true,"href":"https:\/\/microscopemedia.com\/index.php?rest_route=\/wp\/v2\/media\/690266"}],"wp:attachment":[{"href":"https:\/\/microscopemedia.com\/index.php?rest_route=%2Fwp%2Fv2%2Fmedia&parent=690265"}],"wp:term":[{"taxonomy":"category","embeddable":true,"href":"https:\/\/microscopemedia.com\/index.php?rest_route=%2Fwp%2Fv2%2Fcategories&post=690265"},{"taxonomy":"post_tag","embeddable":true,"href":"https:\/\/microscopemedia.com\/index.php?rest_route=%2Fwp%2Fv2%2Ftags&post=690265"}],"curies":[{"name":"wp","href":"https:\/\/api.w.org\/{rel}","templated":true}]}}