{"id":690269,"date":"2026-05-01T14:06:04","date_gmt":"2026-05-01T14:06:04","guid":{"rendered":"https:\/\/microscopemedia.com\/?p=690269"},"modified":"2026-05-01T14:06:04","modified_gmt":"2026-05-01T14:06:04","slug":"minivacanta-de-1-mai-statiunea-costinesti-neobisnuit-de-libera","status":"publish","type":"post","link":"https:\/\/microscopemedia.com\/?p=690269","title":{"rendered":"Minivacan\u021ba de 1 Mai: Sta\u021biunea Costine\u0219ti, neobi\u0219nuit de liber\u0103"},"content":{"rendered":"<div readability=\"36.378623188406\">\n<p id=\"p-0\"><span>Reporterii Mediafax au mers pe litoral pentru a lua pulsul sta\u021biunilor, de obicei arhipline cu ocazia Zilei Muncii, \u00eens\u0103 spre deosebire de zone precum Mamaia sau Vama Veche, sta\u021biunea Costine\u0219ti este neobi\u0219nuit de liber\u0103 \u00een acest an.&nbsp;<\/span><\/p>\n<div class=\"single__inline-gallery color-white mg-bottom-20 bg-black padding-5 md:rounded-10\">\n<div class=\"md:rounded-5 display-grid xs:grid-cols-2 grid-cols-3 gap-5\">\n<div class=\"single__inline-gallery-image relative column-span-2 row-span-2\">\n                <a href=\"https:\/\/www.mediafax.ro\/poze\/minivacanta-de-1-mai-statiunea-costinesti-neobisnuit-de-libera-23729647\"><br \/>\n                    <img decoding=\"async\" loading=\"lazy\" src=\"https:\/\/microscopemedia.com\/wp-content\/uploads\/2026\/05\/minivacanta-de-1-mai-statiunea-costinesti-neobisnuit-de-libera.jpg\" width=\"700\" height=\"450\"><br \/>\n                <\/a>\n                            <\/div>\n<div class=\"single__inline-gallery-image relative \">\n                <a href=\"https:\/\/www.mediafax.ro\/poze\/minivacanta-de-1-mai-statiunea-costinesti-neobisnuit-de-libera-23729647\"><br \/>\n                    <img decoding=\"async\" loading=\"lazy\" src=\"https:\/\/microscopemedia.com\/wp-content\/uploads\/2026\/05\/minivacanta-de-1-mai-statiunea-costinesti-neobisnuit-de-libera-1.jpg\" width=\"700\" height=\"450\"><br \/>\n                <\/a>\n                            <\/div>\n<\/p><\/div>\n<\/p><\/div>\n<p id=\"p-1\"><span>Imaginile din Costine\u0219ti arat\u0103 c\u0103 plaja este liber\u0103, cu excep\u021bia c\u00e2torva trec\u0103tori \u0219i a punctelor sezoniere ale salvamarilor, peisajul fiind dominat de Obelisc, monumentul emblematic al sta\u021biunii de pe litoral.&nbsp;<\/span><\/p>\n<p id=\"p-2\"><span>Magazinele de pe aleea de promenad\u0103&nbsp; sunt \u00een mare parte pustii, av\u00e2nd obloanele trase sau vitrinele acoperite, iar sta\u021biunea este vizitat\u0103 doar de c\u00e2teva grupuri restr\u00e2nse de persoane, spre deosebirea de agita\u021bia specific\u0103 minivacan\u021bei de 1 Mai.&nbsp;<\/span><\/p>\n<p id=\"p-3\"><span>\u00cen ciuda lipsei turi\u0219tilor, debarcaderul din sta\u021biune este complet preg\u0103tit pentru sezonul estival. Sunt disponibile pentru \u00eenchiriat hidrobiciclete, dar \u0219i b\u0103rci cu motor, iar vapora\u0219ul \u201eL\u2019Ozana\u201d este preg\u0103tit pentru cursele c\u0103tre epava Evangelia, o atrac\u021bie din Costine\u0219ti. Pre\u021burile afi\u0219ate arat\u0103 un tarif de 40 de lei pentru adul\u021bi \u0219i doar 20 de lei pentru copii.&nbsp;<\/span><\/p>\n<p id=\"p-4\"><span>Spre deosebire de Costine\u0219ti, alte sta\u021biuni au reu\u0219it s\u0103 atrag\u0103 mai mul\u021bi turi\u0219ti. Exper\u021bi \u00een turism au declarat c\u0103&nbsp; loca\u021bii precum Vama Veche ating o <span><a href=\"https:\/\/www.mediafax.ro\/social\/minivacanta-de-1-mai-care-sunt-cele-mai-cautate-statiuni-de-pe-litoral-si-cat-ajunge-o-noapte-de-cazare-23729569\">rat\u0103 de ocupare<\/a><\/span> de 90-100%, litoralul \u00eenregistr\u00e2nd un grad mediu de 50-70%.&nbsp;&nbsp;<\/span><\/p>\n<p id=\"p-5\"><strong><em>Reporter&amp;Fotoreporter: Oana Zvobod\u0103 \u0219i Mihai Pop<\/em><\/strong><\/p>\n<\/p><\/div>\n","protected":false},"excerpt":{"rendered":"<p>Reporterii Mediafax au mers pe litoral pentru a lua pulsul sta\u021biunilor, de obicei arhipline cu ocazia Zilei Muncii, \u00eens\u0103 spre deosebire de zone precum Mamaia sau Vama Veche, sta\u021biunea Costine\u0219ti &hellip; <a href=\"https:\/\/microscopemedia.com\/?p=690269\" class=\"more-link\">Read More<\/a><\/p>\n","protected":false},"author":1,"featured_media":690270,"comment_status":"closed","ping_status":"closed","sticky":false,"template":"Default","format":"standard","meta":[],"categories":[1],"tags":[],"_links":{"self":[{"href":"https:\/\/microscopemedia.com\/index.php?rest_route=\/wp\/v2\/posts\/690269"}],"collection":[{"href":"https:\/\/microscopemedia.com\/index.php?rest_route=\/wp\/v2\/posts"}],"about":[{"href":"https:\/\/microscopemedia.com\/index.php?rest_route=\/wp\/v2\/types\/post"}],"author":[{"embeddable":true,"href":"https:\/\/microscopemedia.com\/index.php?rest_route=\/wp\/v2\/users\/1"}],"replies":[{"embeddable":true,"href":"https:\/\/microscopemedia.com\/index.php?rest_route=%2Fwp%2Fv2%2Fcomments&post=690269"}],"version-history":[{"count":0,"href":"https:\/\/microscopemedia.com\/index.php?rest_route=\/wp\/v2\/posts\/690269\/revisions"}],"wp:featuredmedia":[{"embeddable":true,"href":"https:\/\/microscopemedia.com\/index.php?rest_route=\/wp\/v2\/media\/690270"}],"wp:attachment":[{"href":"https:\/\/microscopemedia.com\/index.php?rest_route=%2Fwp%2Fv2%2Fmedia&parent=690269"}],"wp:term":[{"taxonomy":"category","embeddable":true,"href":"https:\/\/microscopemedia.com\/index.php?rest_route=%2Fwp%2Fv2%2Fcategories&post=690269"},{"taxonomy":"post_tag","embeddable":true,"href":"https:\/\/microscopemedia.com\/index.php?rest_route=%2Fwp%2Fv2%2Ftags&post=690269"}],"curies":[{"name":"wp","href":"https:\/\/api.w.org\/{rel}","templated":true}]}}