{"id":690275,"date":"2026-05-01T14:47:03","date_gmt":"2026-05-01T14:47:03","guid":{"rendered":"https:\/\/microscopemedia.com\/?p=690275"},"modified":"2026-05-01T14:47:03","modified_gmt":"2026-05-01T14:47:03","slug":"oana-toiu-despre-desecretizarea-arhivei-diplomatice-nu-vad-cui-i-ar-fi-teama-de-poporul-roman-decat-daca-la-momentul-respectiv-l-a-tradat-in-vreun-fel","status":"publish","type":"post","link":"https:\/\/microscopemedia.com\/?p=690275","title":{"rendered":"Oana \u021aoiu, despre desecretizarea arhivei diplomatice: Nu v\u0103d cui i-ar fi team\u0103 de poporul rom\u00e2n, dec\u00e2t dac\u0103 la momentul respectiv l-a tr\u0103dat \u00een vreun fel"},"content":{"rendered":"<div><img decoding=\"async\" src=\"https:\/\/microscopemedia.com\/wp-content\/uploads\/2026\/05\/oana-toiu-despre-desecretizarea-arhivei-diplomatice-nu-vad-cui-i-ar-fi-teama-de-poporul-roman-decat-daca-la-momentul-respectiv-l-a-tradat-in-vreun-fel.jpg\" class=\"ff-og-image-inserted\"><\/div>\n<div readability=\"40.844502847131\">\n<p id=\"p-0\"><span>\u201eEste un efort care a durat c\u00e2teva luni de a construi at\u00e2t cadrul normativ c\u00e2t \u0219i pa\u0219ii urm\u0103tori care \u021bin de desecretizare \u0219i \u021bin de efortul comun institu\u021bional de a pune la dispozi\u021bia publicului larg. Noi credem c\u0103 este extrem de important pentru Rom\u00e2nia, pentru societate, s\u0103 putem s\u0103 ne uit\u0103m la lec\u021biile acestei tranzi\u021bii\u201d, a spus \u021aoiu despre ini\u021biativa <span><a href=\"https:\/\/www.mediafax.ro\/stirile-zilei\/oana-toiu-declasificam-peste-5-000-de-dosare-diplomatice-printre-ele-alegerile-din-mai-1990-mineriadele-vizita-regelui-mihai-corespondenta-cu-urss-23729321\">desecretizarii<\/a> <\/span>arhivei diplomatice din primii ani de tranzi\u021bie.&nbsp;<\/span><\/p>\n<p id=\"p-1\"><span>Efortul se concentreaz\u0103 pe documente care surprind felul \u00een care au fost percepute evenimentele de la \u00eenceputul anilor 90, spune ministrul.&nbsp;&nbsp;<\/span><\/p>\n<p id=\"p-2\"><span>\u201eVorbim de telegramele din acea perioad\u0103, felul \u00een care a fost prezentat\u0103 situa\u021bia din Rom\u00e2nia \u00een presa interna\u021bional\u0103 \u0219i r\u0103spunsul pe care Rom\u00e2nia l-a dat prin diploma\u021bii s\u0103i. care a fost percep\u021bia acestor gesturi ale Rom\u00e2niei \u00een fa\u021ba partenerilor no\u0219tri interna\u021bional, ce se discuta la nivel diplomatic, felul \u00een care a fost acest lucru ilustrat \u00een presa vremii \u00een afar\u0103 a Rom\u00e2niei \u0219i, evident, din aceste lucruri, cercet\u0103torii pot s\u0103 construiasc\u0103 analize privind felul \u00een care asta a afectat decizii care au privit Rom\u00e2nia\u201d, spune ministrul de Externe \u00eentr-o interven\u021bie la Digi24.&nbsp;<\/span><\/p>\n<p id=\"p-3\"><span>Privind o posibil\u0103 reac\u021bie din partea politicienilor sau fo\u0219tilor politicieni, \u0219efa diploma\u021biei de la Bucure\u0219ti a subliniat: \u201eNu v\u0103d de ce ar fi un subiect politic. Am v\u0103zut \u0219i eu multe dintre comentariile din spa\u021biu online. Dar este dreptul poporului rom\u00e2n la propria istorie \u0219i la propria memorie. Nu v\u0103d cui i-ar fi team\u0103 de poporul rom\u00e2n, dec\u00e2t dac\u0103 la momentul respectiv l-a tr\u0103dat \u00een vreun fel\u201d.&nbsp;<\/span><\/p>\n<p id=\"p-4\"><span>\u201eEste necesar s\u0103 fie adoptat\u0103 hot\u0103r\u00e2rea de guvern. Acum este \u00een etapa obligatorie ca procedur\u0103 legal\u0103 de transparen\u021b\u0103. Prelu\u0103m \u00een aceast\u0103 perioad\u0103 comentarii, sugestii, avizele celorlalte institu\u021bii, dar noi nu suntem o echip\u0103 care s\u0103 a\u0219tepte. \u0218i atunci, oricum, Comisia de declasificare \u0219i \u00eencepem munca\u201d, a mai spus \u021aoiu.&nbsp;<\/span><\/p>\n<\/p><\/div>\n","protected":false},"excerpt":{"rendered":"<p>\u201eEste un efort care a durat c\u00e2teva luni de a construi at\u00e2t cadrul normativ c\u00e2t \u0219i pa\u0219ii urm\u0103tori care \u021bin de desecretizare \u0219i \u021bin de efortul comun institu\u021bional de a &hellip; <a href=\"https:\/\/microscopemedia.com\/?p=690275\" class=\"more-link\">Read More<\/a><\/p>\n","protected":false},"author":1,"featured_media":690276,"comment_status":"closed","ping_status":"closed","sticky":false,"template":"Default","format":"standard","meta":[],"categories":[1],"tags":[],"_links":{"self":[{"href":"https:\/\/microscopemedia.com\/index.php?rest_route=\/wp\/v2\/posts\/690275"}],"collection":[{"href":"https:\/\/microscopemedia.com\/index.php?rest_route=\/wp\/v2\/posts"}],"about":[{"href":"https:\/\/microscopemedia.com\/index.php?rest_route=\/wp\/v2\/types\/post"}],"author":[{"embeddable":true,"href":"https:\/\/microscopemedia.com\/index.php?rest_route=\/wp\/v2\/users\/1"}],"replies":[{"embeddable":true,"href":"https:\/\/microscopemedia.com\/index.php?rest_route=%2Fwp%2Fv2%2Fcomments&post=690275"}],"version-history":[{"count":0,"href":"https:\/\/microscopemedia.com\/index.php?rest_route=\/wp\/v2\/posts\/690275\/revisions"}],"wp:featuredmedia":[{"embeddable":true,"href":"https:\/\/microscopemedia.com\/index.php?rest_route=\/wp\/v2\/media\/690276"}],"wp:attachment":[{"href":"https:\/\/microscopemedia.com\/index.php?rest_route=%2Fwp%2Fv2%2Fmedia&parent=690275"}],"wp:term":[{"taxonomy":"category","embeddable":true,"href":"https:\/\/microscopemedia.com\/index.php?rest_route=%2Fwp%2Fv2%2Fcategories&post=690275"},{"taxonomy":"post_tag","embeddable":true,"href":"https:\/\/microscopemedia.com\/index.php?rest_route=%2Fwp%2Fv2%2Ftags&post=690275"}],"curies":[{"name":"wp","href":"https:\/\/api.w.org\/{rel}","templated":true}]}}