{"id":690277,"date":"2026-05-01T15:06:03","date_gmt":"2026-05-01T15:06:03","guid":{"rendered":"https:\/\/microscopemedia.com\/?p=690277"},"modified":"2026-05-01T15:06:03","modified_gmt":"2026-05-01T15:06:03","slug":"brutariile-franceze-au-ramas-deschise-de-1-mai-prim-ministrul-sebastien-lecornu-la-cumparaturi-de-baghete-frantuzesti","status":"publish","type":"post","link":"https:\/\/microscopemedia.com\/?p=690277","title":{"rendered":"Brut\u0103riile franceze au r\u0103mas deschise de 1 Mai. Prim-ministrul S\u00e9bastien Lecornu, la cump\u0103r\u0103turi de baghete fran\u021buze\u0219ti"},"content":{"rendered":"<div><img decoding=\"async\" src=\"https:\/\/microscopemedia.com\/wp-content\/uploads\/2026\/05\/brutariile-franceze-au-ramas-deschise-de-1-mai-prim-ministrul-sebastien-lecornu-la-cumparaturi-de-baghete-frantuzesti.jpg\" class=\"ff-og-image-inserted\"><\/div>\n<p id=\"p-0\">Brut\u0103riile franceze au fost deschise, vineri, cu sprijinul guvernului, sfid\u00e2nd sindicatele care sus\u021bineau c\u0103 1 Mai ar trebui s\u0103 r\u0103m\u00e2n\u0103 o zi sacr\u0103 de odihn\u0103 obligatorie, relateaz\u0103 <a href=\"https:\/\/www.france24.com\/en\/france\/20260501-baguettes-take-centre-stage-on-france-s-labour-day\" target=\"_blank\" rel=\"noopener\">France 24<\/a>.<\/p>\n<p id=\"p-1\">Prim-ministrul S\u00e9bastien Lecornu a comandat mai multe baghete \u00een fa\u021ba camerelor de filmat, \u00een satul Saint-Julien-Chapteuil din centrul Fran\u021bei.<\/p>\n<p id=\"p-2\">\u201eHai s\u0103 avem mai multe\u2026 cel pu\u021bin patru\u201d, a spus el, \u00een timp ce \u00eencerca s\u0103 promoveze un nou proiect de lege care s\u0103 scuteasc\u0103 \u00een mod clar magazinele independente de p\u00e2ine \u0219i flor\u0103rii de odihna obligatorie de Ziua Muncii, potrivit aceleia\u0219i surse.<\/p>\n<h2 id=\"chapter-0\">Angaja\u021bii ce lucreaz\u0103 de 1 Mai, pl\u0103ti\u021bi dublu<\/h2>\n<p id=\"p-3\">Conform legisla\u021biei franceze, \u201e1 mai este zi de s\u0103rb\u0103toare legal\u0103 \u0219i nelucr\u0103toare\u201d. \u00cens\u0103, serviciile esen\u021biale, precum spitalele \u0219i hotelurile, pot r\u0103m\u00e2ne deschise doar dac\u0103 \u00ee\u0219i pl\u0103tesc personalul dublu.<\/p>\n<p id=\"p-4\">A existat, \u00eens\u0103, o confuzie cu privire la faptul dac\u0103 brut\u0103riile se pot deschide.<\/p>\n<p id=\"p-5\">Inspectorii muncii au raportat autorit\u0103\u021bilor, \u00een ziua de 1 Mai 2024, cinci brutari pentru activitate profesional\u0103, ceea ce a dus la aducerea lor \u00een fa\u021ba instan\u021bei. Ace\u0219tia au fost achita\u021bi cu to\u021bii anul trecut, dar situa\u021bia lor dificil\u0103 a st\u00e2rnit dezbateri \u00een toat\u0103 Fran\u021ba.<\/p>\n<h2 id=\"chapter-1\">Brutarii, necesari \u0219i de Ziua Muncii<\/h2>\n<p id=\"p-6\">Guvernul a \u00eencurajat brutarii la \u00eenceputul acestei s\u0103pt\u0103m\u00e2ni s\u0103 lucreze pe 1 mai, spun\u00e2nd c\u0103 ace\u0219tia sunt \u201eindispensabili pentru continuitatea vie\u021bii sociale\u201d.<\/p>\n<p id=\"p-7\">De asemenea, a spus c\u0103 flor\u0103riile ar trebui s\u0103 se deschid\u0103 pentru a vinde l\u0103cr\u0103mioare parfumate, care se v\u00e2nd \u00een mod tradi\u021bional de Ziua Muncii \u00een Fran\u021ba.<\/p>\n<p id=\"p-8\">Miercuri, cabinetul a \u00eenaintat un proiect de lege, care nu a fost \u00eenc\u0103 supus votului \u00een parlament, ce permite at\u00e2t brut\u0103riilor, c\u00e2t \u0219i flor\u0103riilor s\u0103 se deschid\u0103 \u00eencep\u00e2nd cu prima zi a lunii mai, at\u00e2ta timp c\u00e2t angaja\u021bii se ofer\u0103, \u00een scris, voluntari s\u0103 lucreze \u0219i sunt pl\u0103ti\u021bi cu salarii duble.<\/p>\n<p id=\"p-9\">Principalele sindicate din \u021bar\u0103 sus\u021bin c\u0103 niciun angajat nu este cu adev\u0103rat liber s\u0103 se ofere voluntar atunci c\u00e2nd dore\u0219te s\u0103 \u00ee\u0219i p\u0103streze un contract de munc\u0103 \u0219i se tem c\u0103, \u00een cur\u00e2nd, to\u021bi lucr\u0103torii francezi vor fi obliga\u021bi s\u0103 lucreze \u00een ziua de s\u0103rb\u0103toare.<\/p>\n<p id=\"p-10\">&nbsp;<\/p>\n","protected":false},"excerpt":{"rendered":"<p>Brut\u0103riile franceze au fost deschise, vineri, cu sprijinul guvernului, sfid\u00e2nd sindicatele care sus\u021bineau c\u0103 1 Mai ar trebui s\u0103 r\u0103m\u00e2n\u0103 o zi sacr\u0103 de odihn\u0103 obligatorie, relateaz\u0103 France 24. Prim-ministrul &hellip; <a href=\"https:\/\/microscopemedia.com\/?p=690277\" class=\"more-link\">Read More<\/a><\/p>\n","protected":false},"author":1,"featured_media":690278,"comment_status":"closed","ping_status":"closed","sticky":false,"template":"Default","format":"standard","meta":[],"categories":[1],"tags":[],"_links":{"self":[{"href":"https:\/\/microscopemedia.com\/index.php?rest_route=\/wp\/v2\/posts\/690277"}],"collection":[{"href":"https:\/\/microscopemedia.com\/index.php?rest_route=\/wp\/v2\/posts"}],"about":[{"href":"https:\/\/microscopemedia.com\/index.php?rest_route=\/wp\/v2\/types\/post"}],"author":[{"embeddable":true,"href":"https:\/\/microscopemedia.com\/index.php?rest_route=\/wp\/v2\/users\/1"}],"replies":[{"embeddable":true,"href":"https:\/\/microscopemedia.com\/index.php?rest_route=%2Fwp%2Fv2%2Fcomments&post=690277"}],"version-history":[{"count":0,"href":"https:\/\/microscopemedia.com\/index.php?rest_route=\/wp\/v2\/posts\/690277\/revisions"}],"wp:featuredmedia":[{"embeddable":true,"href":"https:\/\/microscopemedia.com\/index.php?rest_route=\/wp\/v2\/media\/690278"}],"wp:attachment":[{"href":"https:\/\/microscopemedia.com\/index.php?rest_route=%2Fwp%2Fv2%2Fmedia&parent=690277"}],"wp:term":[{"taxonomy":"category","embeddable":true,"href":"https:\/\/microscopemedia.com\/index.php?rest_route=%2Fwp%2Fv2%2Fcategories&post=690277"},{"taxonomy":"post_tag","embeddable":true,"href":"https:\/\/microscopemedia.com\/index.php?rest_route=%2Fwp%2Fv2%2Ftags&post=690277"}],"curies":[{"name":"wp","href":"https:\/\/api.w.org\/{rel}","templated":true}]}}