{"id":690279,"date":"2026-05-01T15:16:03","date_gmt":"2026-05-01T15:16:03","guid":{"rendered":"https:\/\/microscopemedia.com\/?p=690279"},"modified":"2026-05-01T15:16:03","modified_gmt":"2026-05-01T15:16:03","slug":"surpriza-de-la-budapesta-peter-magyar-si-a-numit-cumnatul-ministru-al-justitiei","status":"publish","type":"post","link":"https:\/\/microscopemedia.com\/?p=690279","title":{"rendered":"Surpriza de la Budapesta: P\u00e9ter Magyar \u0219i-a numit cumnatul ministru al Justi\u021biei"},"content":{"rendered":"<p id=\"p-0\"><span dir=\"auto\"><span><strong><a href=\"https:\/\/magyarnemzet.hu\/belfold\/2026\/05\/magyar-peter-sogor-tisza-mellethei-barna-marton-szdsz-mszp\">P\u00e9ter Magyar, pre\u0219edintele Partidului Tisza, a anun\u021bat c\u0103 M\u00e1rton Mell\u00e9theti-Barna, cumnatul s\u0103u, care anterior a fost avocat al partidului Tisza<\/a><\/strong><\/span>, va fi ministrul justi\u021biei. <\/span><\/p>\n<p id=\"p-1\"><a href=\"https:\/\/ellenpont.hu\/kicsoda-mellethei-barna-marton-a-tisza-uj-minisztere\" target=\"_blank\" rel=\"noopener\"><span dir=\"auto\">Ellenpont<\/span><\/a><span dir=\"auto\"> a reamintit c\u0103 viitorul ministru a ap\u0103rut deja de mai multe ori \u00een culise ale Partidului Tisza. La organiza\u021bia partidului, Asocia\u021bia \u201eFii pentru Schimbare\u201d, M\u00e1rton Mell\u00e9theti-Barna a preluat func\u021bia de pre\u0219edinte al asocia\u021biei de la Zolt\u00e1n Tarr \u00een urm\u0103 cu c\u00e2teva luni.<\/span><\/p>\n<div id=\"attachment_23729721\" class=\"wp-caption aligncenter\" readability=\"36\"><img aria-describedby=\"caption-attachment-23729721\" class=\"wp-image-23729721 size-full\" src=\"https:\/\/microscopemedia.com\/wp-content\/uploads\/2026\/05\/surpriza-de-la-budapesta-peter-magyar-si-a-numit-cumnatul-ministru-al-justitiei.webp\" alt width=\"700\" height=\"933\" loading=\"lazy\" decoding=\"async\" srcset=\"https:\/\/microscopemedia.com\/wp-content\/uploads\/2026\/05\/surpriza-de-la-budapesta-peter-magyar-si-a-numit-cumnatul-ministru-al-justitiei-1.webp 500w, https:\/\/microscopemedia.com\/wp-content\/uploads\/2026\/05\/surpriza-de-la-budapesta-peter-magyar-si-a-numit-cumnatul-ministru-al-justitiei.webp 728w\"><\/p>\n<p id=\"caption-attachment-23729721\" class=\"wp-caption-text\">Facebook: Peter Magyar, \u00een st\u00e2nga cu G\u00e1bor P\u00f3sfa, ministrul de Interne \u0219i \u00een dreapta cu cumnatul s\u0103u, M\u00e1rton Mel\u00e9thei-Barna<\/p>\n<\/div>\n<p id=\"p-2\">Numirea unui membru al familiei este straniu de similar\u0103 cu logica de putere a guvernelor MSZP-SZDSZ de dinainte de 2010. Organizarea rela\u021biilor politice \u0219i de afaceri prin intermediul re\u021belelor familiale nu este un fenomen nou \u00een st\u00e2nga maghiar\u0103: \u00een ultimele decenii, <span><strong><a href=\"https:\/\/magyarnemzet.hu\/belfold\/2026\/05\/magyar-peter-sogor-tisza-mellethei-barna-marton-szdsz-mszp\">comenteaz\u0103 ziarul<\/a><\/strong><\/span>.<\/p>\n<p id=\"p-3\"><span data-subtree=\"aimfl\" data-processed=\"true\" data-copy-service-computed-style=\"font-family: &quot;Google Sans&quot;, Arial, sans-serif; font-size: 16px; font-weight: 400; margin: 0px; text-decoration: none; border-bottom: 0px rgb(10, 10, 10);\">M\u00e1rton \u00c1d\u00e1m Mell\u00e9thei-Barna este un avocat \u0219i politician maghiar, desemnat acum pentru func\u021bia de <\/span><strong class=\"Yjhzub\" data-sfc-root=\"c\" data-sfc-cb data-complete=\"true\" data-processed=\"true\" data-copy-service-computed-style=\"font-family: &quot;Google Sans&quot;, Arial, sans-serif; font-size: 16px; font-weight: 600; margin: 0px; text-decoration: none; border-bottom: 0px rgb(10, 10, 10);\">ministru al justi\u021biei<!--TgQPHd|[]--><\/strong> \u00een viitorul guvern condus de <span data-sfc-cp data-sfc-root=\"c\" data-sfc-cb data-complete=\"true\" data-processed=\"true\" data-copy-service-computed-style=\"font-family: &quot;Google Sans&quot;, Arial, sans-serif; font-size: 16px; font-weight: 400; margin: 0px; text-decoration: none; border-bottom: 0px rgb(10, 10, 10);\"><a class=\"H23r4e\" href=\"https:\/\/en.wikipedia.org\/wiki\/Magyar_Government\" target=\"_blank\" rel=\"noopener\" data-hveid=\"CAIQAQ\" data-processed=\"true\" data-copy-service-computed-style=\"font-family: &quot;Google Sans&quot;, Arial, sans-serif; font-size: 16px; font-weight: 500; margin: 0px; text-decoration: underline 1px rgb(21, 88, 214); border-bottom: 0px rgb(21, 88, 214);\">P\u00e9ter Magyar<\/a><!--TgQPHd|[[\"https:\/\/en.wikipedia.org\/wiki\/Magyar_Government\",null,null,[null,null,null,null,null,null,null,null,null,null,null,null,null,null,null,[{\"1218\":[16]}]],16,null,\"Magyar Government - Wikipedia\",\"The Magyar Government is the incoming Government of Hungary following the 2026 Hungarian parliamentary election, with Tisza Party leader P&#233;ter Magyar considered its prime minister&#8211;designate. Magyar and Tisza Party achieved a two-thirds supermajority, which is the legislative threshold to amend the Constitution of Hungary, also ending the 16-year Orb&#225;n era.\",\"https:\/\/encrypted-tbn0.gstatic.com\/images?qu003dtbn:ANd9GcTBBJzvhAtXKhNJnO2FC1xJx-ynhycIJj2iM_kxCDyCKCrxPlBGNCOApd8bAo6eE0ze8DdeIzKOCqSqQ9zpcg\",\"Wikipedia\",\"https:\/\/encrypted-tbn1.gstatic.com\/faviconV2?urlu003dhttps:\/\/en.wikipedia.orgu0026clientu003dAIMu0026sizeu003d64u0026typeu003dFAVICONu0026enable_upscaledu003dtrueu0026fallback_optsu003dTYPE,SIZE,URL\",[[1777647648929800,135276795,1427741071],null,null,null,null,[[2,0,2,127]]]]]--><\/span>.<\/p>\n<p id=\"p-4\">M\u00e1rton \u00c1d\u00e1m Mell\u00e9thei-Barna a<span class=\"T286Pc\" data-sfc-cp data-sfc-root=\"c\" data-sfc-cb data-complete=\"true\" data-copy-service-computed-style=\"font-family: &quot;Google Sans&quot;, Arial, sans-serif; font-size: 16px; font-weight: 400; margin: 0px; text-decoration: none; border-bottom: 0px rgb(10, 10, 10);\"><span class=\"N9Q8Lc\" data-copy-service-computed-style=\"font-family: &quot;Google Sans&quot;, Arial, sans-serif; font-size: 16px; font-weight: 400; margin: 0px; text-decoration: none; border-bottom: 0px rgb(10, 10, 10);\">&nbsp;fost ales membru al Adun\u0103rii Na\u021bionale \u00een urma alegerilor parlamentare din 2026. Anterior, a servit ca reprezentant legal al <\/span><span data-sfc-cp data-sfc-root=\"c\" data-sfc-cb data-complete=\"true\" data-copy-service-computed-style=\"font-family: &quot;Google Sans&quot;, Arial, sans-serif; font-size: 16px; font-weight: 400; margin: 0px; text-decoration: none; border-bottom: 0px rgb(10, 10, 10);\"><a class=\"H23r4e\" href=\"https:\/\/telex.hu\/belfold\/2026\/04\/30\/mellethei-barna-marton-tisza-part-igazsagugyi-miniszter\" target=\"_blank\" rel=\"noopener\" data-hveid=\"CAUQAQ\" data-copy-service-computed-style=\"font-family: &quot;Google Sans&quot;, Arial, sans-serif; font-size: 16px; font-weight: 500; margin: 0px; text-decoration: underline 1px rgb(21, 88, 214); border-bottom: 0px rgb(21, 88, 214);\"><span class=\"N9Q8Lc\" data-copy-service-computed-style=\"font-family: &quot;Google Sans&quot;, Arial, sans-serif; font-size: 16px; font-weight: 500; margin: 0px; text-decoration: none; border-bottom: 0px rgb(21, 88, 214);\">Partidului Tisza<\/span><\/a><!--TgQPHd|[[\"https:\/\/telex.hu\/belfold\/2026\/04\/30\/mellethei-barna-marton-tisza-part-igazsagugyi-miniszter\",null,null,[null,null,null,null,null,null,null,null,null,null,null,null,null,null,null,[{\"1218\":[16]}]],16,null,\"Magyar P&#233;ter egyetemi &#233;vfolyamt&#225;rsa, s&#243;gora, &#252;gyv&#233;dje, a Tisza jogi vezet&#337;je &#8211; bemutatjuk az &#250;j igazs&#225;g&#252;gyi minisztert\",\"* K&#233;tsebess&#233;ges a hazai ingatlanpiac: elh&#250;z&#243; hotelek, lassul&#243; irod&#225;k (x) * Eur&#243;pa legnagyobb katonai &#225;ruh&#225;za l&#233;p be Magyarorsz&#225;gra (x)\",\"https:\/\/encrypted-tbn1.gstatic.com\/images?qu003dtbn:ANd9GcRn_GICkfQLBAqLFt7ALEBcbe9WWyE22Bo1KdfsWNsuvolSQFINXmxex_uQRhDY8WfB-NlAcPBiDCu2-ke-DA\",\"Telex\",\"https:\/\/encrypted-tbn0.gstatic.com\/faviconV2?urlu003dhttps:\/\/telex.huu0026clientu003dAIMu0026sizeu003d64u0026typeu003dFAVICONu0026enable_upscaledu003dtrueu0026fallback_optsu003dTYPE,SIZE,URL\",[[1777647648929800,135276795,1427741071],null,null,null,null,[[2,0,7,127]]]]]--><\/span><span class=\"N9Q8Lc\" data-copy-service-computed-style=\"font-family: &quot;Google Sans&quot;, Arial, sans-serif; font-size: 16px; font-weight: 400; margin: 0px; text-decoration: none; border-bottom: 0px rgb(10, 10, 10);\">. <\/span><!--TgQPHd|[]--><\/span><!--TgQPHd|[]--><span class=\"T286Pc\" data-sfc-cp data-sfc-root=\"c\" data-sfc-cb data-complete=\"true\" data-copy-service-computed-style=\"font-family: &quot;Google Sans&quot;, Arial, sans-serif; font-size: 16px; font-weight: 400; margin: 0px; text-decoration: none; border-bottom: 0px rgb(10, 10, 10);\"><span class=\"N9Q8Lc\" data-copy-service-computed-style=\"font-family: &quot;Google Sans&quot;, Arial, sans-serif; font-size: 16px; font-weight: 400; margin: 0px; text-decoration: none; border-bottom: 0px rgb(10, 10, 10);\">Este avocat, de\u021bin\u00e2nd propria firm\u0103 de avocatur\u0103 (<\/span><em class=\"eujQNb\" data-sfc-root=\"c\" data-sfc-cb data-complete=\"true\" data-copy-service-computed-style=\"font-family: &quot;Google Sans&quot;, Arial, sans-serif; font-size: 16px; font-weight: 400; margin: 0px; text-decoration: none; border-bottom: 0px rgb(10, 10, 10);\"><span class=\"N9Q8Lc\" data-copy-service-computed-style=\"font-family: &quot;Google Sans&quot;, Arial, sans-serif; font-size: 16px; font-weight: 400; margin: 0px; text-decoration: none; border-bottom: 0px rgb(10, 10, 10);\">Mell\u00e9thei-Barna Law Firm<\/span><!--TgQPHd|[]--><\/em><span class=\"N9Q8Lc\" data-copy-service-computed-style=\"font-family: &quot;Google Sans&quot;, Arial, sans-serif; font-size: 16px; font-weight: 400; margin: 0px; text-decoration: none; border-bottom: 0px rgb(10, 10, 10);\">) \u0219i av\u00e2nd experien\u021b\u0103 anterioar\u0103 la firma interna\u021bional\u0103 <\/span><span data-sfc-cp data-sfc-root=\"c\" data-sfc-cb data-complete=\"true\" data-copy-service-computed-style=\"font-family: &quot;Google Sans&quot;, Arial, sans-serif; font-size: 16px; font-weight: 400; margin: 0px; text-decoration: none; border-bottom: 0px rgb(10, 10, 10);\"><a class=\"H23r4e\" href=\"https:\/\/en.wikipedia.org\/wiki\/M%C3%A1rton_Mell%C3%A9thei-Barna\" target=\"_blank\" rel=\"noopener\" data-hveid=\"CAUQAw\" data-complete=\"true\" data-copy-service-computed-style=\"font-family: &quot;Google Sans&quot;, Arial, sans-serif; font-size: 16px; font-weight: 500; margin: 0px; text-decoration: underline 1px rgb(21, 88, 214); border-bottom: 0px rgb(21, 88, 214);\"><span class=\"N9Q8Lc\" data-copy-service-computed-style=\"font-family: &quot;Google Sans&quot;, Arial, sans-serif; font-size: 16px; font-weight: 500; margin: 0px; text-decoration: none; border-bottom: 0px rgb(21, 88, 214);\">Freshfields<\/span><\/a><!--TgQPHd|[[\"https:\/\/en.wikipedia.org\/wiki\/M%C3%A1rton_Mell%C3%A9thei-Barna\",null,null,[null,null,null,null,null,null,null,null,null,null,null,null,null,null,null,[{\"1218\":[16]}]],16,null,\"M&#225;rton Mell&#233;thei-Barna - Wikipedia\",\"M&#225;rton Mell&#233;thei-Barna. Article &#183; Talk. Language; Loading&#8230; Download PDF; Watch &#183; Edit. The native form of this personal name is Mell&#233;thei-Barna M&#225;rton. This article uses Western name order when mentioning individuals. M&#225;rton &#193;d&#225;m Mell&#233;thei-Barna is a Hungarian lawyer and politician who was elected member of the National Assembly in 2026. He previoulsy worked at Freshfields and served as a legal representative for the Tisza Party.\",\"https:\/\/encrypted-tbn0.gstatic.com\/images?qu003dtbn:ANd9GcRTYvNl56wxYGyYwm5b-vUk1tinEoIetHjfDPNsmt2nixeVzFmkiTuV6RjmDJmVYUP9_TnPTRgUExtWzDWhEQ\",\"Wikipedia\",\"https:\/\/encrypted-tbn1.gstatic.com\/faviconV2?urlu003dhttps:\/\/en.wikipedia.orgu0026clientu003dAIMu0026sizeu003d64u0026typeu003dFAVICONu0026enable_upscaledu003dtrueu0026fallback_optsu003dTYPE,SIZE,URL\",[[1777647648929800,135276795,1427741071],null,null,null,null,[[2,0,9,127]]]]]--><\/span><span class=\"N9Q8Lc\" data-copy-service-computed-style=\"font-family: &quot;Google Sans&quot;, Arial, sans-serif; font-size: 16px; font-weight: 400; margin: 0px; text-decoration: none; border-bottom: 0px rgb(10, 10, 10);\">. A studiat la Universitatea Catolic\u0103 P\u00e1zm\u00e1ny P\u00e9ter, unde a fost coleg cu P\u00e9ter Magyar.<\/span><!--TgQPHd|[]--><\/span><!--TgQPHd|[]--><\/p>\n<p id=\"p-5\"><span class=\"T286Pc\" data-sfc-cp data-sfc-root=\"c\" data-sfc-cb data-complete=\"true\" data-copy-service-computed-style=\"font-family: &quot;Google Sans&quot;, Arial, sans-serif; font-size: 16px; font-weight: 400; margin: 0px; text-decoration: none; border-bottom: 0px rgb(10, 10, 10);\"><span class=\"N9Q8Lc\" data-copy-service-computed-style=\"font-family: &quot;Google Sans&quot;, Arial, sans-serif; font-size: 16px; font-weight: 400; margin: 0px; text-decoration: none; border-bottom: 0px rgb(10, 10, 10);\">M\u00e1rton \u00c1d\u00e1m Mell\u00e9thei-Barna este cumnatul lui P\u00e9ter Magyar, fiind c\u0103s\u0103torit cu sora acestuia din toamna anului 2025. Este tat\u0103l a patru fiice.<\/span><\/span><\/p>\n<p id=\"p-6\"><span class=\"T286Pc\" data-sfc-cp data-sfc-root=\"c\" data-sfc-cb data-complete=\"true\" data-copy-service-computed-style=\"font-family: &quot;Google Sans&quot;, Arial, sans-serif; font-size: 16px; font-weight: 400; margin: 0px; text-decoration: none; border-bottom: 0px rgb(10, 10, 10);\"><!--TgQPHd|[]--><\/span><!--TgQPHd|[]--><span class=\"T286Pc\" data-sfc-cp data-sfc-root=\"c\" data-sfc-cb data-complete=\"true\" data-copy-service-computed-style=\"font-family: &quot;Google Sans&quot;, Arial, sans-serif; font-size: 16px; font-weight: 400; margin: 0px; text-decoration: none; border-bottom: 0px rgb(10, 10, 10);\"><span class=\"N9Q8Lc\" data-copy-service-computed-style=\"font-family: &quot;Google Sans&quot;, Arial, sans-serif; font-size: 16px; font-weight: 400; margin: 0px; text-decoration: none; border-bottom: 0px rgb(10, 10, 10);\">\u00cen aprilie 2026, Barna a fost o figur\u0103 vizibil\u0103 \u00een cadrul negocierilor parlamentare, \u00eenso\u021bindu-l pe P\u00e9ter Magyar la Parlament. Desemnarea sa \u00een func\u021bia de ministru a fost confirmat\u0103 oficial pe 30 aprilie 2026.<\/span><\/span><\/p>\n<section class=\"desktop-ad\">\n<div class=\"ad-wrapper ad-parent\">\n<div id=\"adoceanhuwpenlldnhw19\" class=\"advertisement-block\"><span dir=\"auto\">Pentru mul\u021bi, ultima decizie a lui P\u00e9ter Magyar nu reprezint\u0103 \u00eenceputul unui nou tip de cultur\u0103 politic\u0103, ci mai degrab\u0103 continuarea unei vechi tradi\u021bii de st\u00e2nga. Numirile bazate pe leg\u0103turi familiale ridic\u0103 \u00eentotdeauna \u00eentrebarea: conteaz\u0103 cu adev\u0103rat competen\u021ba profesional\u0103 sau este mai degrab\u0103 <\/span><a href=\"https:\/\/magyarnemzet.hu\/belfold\/2026\/04\/egy-boldogito-igen-sajat-sogorat-szanja-miniszternek-magyar-peter\" target=\"_blank\" rel=\"noopener\"><span dir=\"auto\">loialitatea familial\u0103 \u0219i personal\u0103<\/span><\/a><span dir=\"auto\">&nbsp;?<\/span><\/div>\n<\/div>\n<\/section>\n<div class=\"article-text-formatter\" readability=\"30.36\">\n<p id=\"p-8\"><a href=\"https:\/\/magyarnemzet.hu\/belfold\/2026\/04\/csalodas-hiba-nepotizmus-kiakadtak-a-telex-kommenteloi-magyar-peterre\" target=\"_blank\" rel=\"noopener\"><span dir=\"auto\">\u00cen via\u021ba public\u0103<\/span><\/a><span dir=\"auto\">&nbsp;maghiar\u0103 ,&nbsp;Partidul Tisza a fost cel care a \u00eent\u0103rit a\u0219teptarea sporit\u0103 ca performan\u021ba \u0219i responsabilitatea, mai degrab\u0103 dec\u00e2t re\u021belele de conexiuni \u0219i rela\u021biile dintre \u0219ef \u0219i frate, s\u0103 fie cele care ar trebui s\u0103 decid\u0103 atunci c\u00e2nd&nbsp;<\/span><a href=\"https:\/\/magyarnemzet.hu\/belfold\/2026\/05\/magyar-peter-huga-biro-tisza-mellethei-barna-marton\" target=\"_blank\" rel=\"noopener\"><span dir=\"auto\">se ocup\u0103 de pozi\u021bii importante, scriu jurnali\u0219tii.<\/span><\/a><\/p>\n<\/div>\n","protected":false},"excerpt":{"rendered":"<p>P\u00e9ter Magyar, pre\u0219edintele Partidului Tisza, a anun\u021bat c\u0103 M\u00e1rton Mell\u00e9theti-Barna, cumnatul s\u0103u, care anterior a fost avocat al partidului Tisza, va fi ministrul justi\u021biei. Ellenpont a reamintit c\u0103 viitorul ministru &hellip; <a href=\"https:\/\/microscopemedia.com\/?p=690279\" class=\"more-link\">Read More<\/a><\/p>\n","protected":false},"author":1,"featured_media":690280,"comment_status":"closed","ping_status":"closed","sticky":false,"template":"Default","format":"standard","meta":[],"categories":[1],"tags":[],"_links":{"self":[{"href":"https:\/\/microscopemedia.com\/index.php?rest_route=\/wp\/v2\/posts\/690279"}],"collection":[{"href":"https:\/\/microscopemedia.com\/index.php?rest_route=\/wp\/v2\/posts"}],"about":[{"href":"https:\/\/microscopemedia.com\/index.php?rest_route=\/wp\/v2\/types\/post"}],"author":[{"embeddable":true,"href":"https:\/\/microscopemedia.com\/index.php?rest_route=\/wp\/v2\/users\/1"}],"replies":[{"embeddable":true,"href":"https:\/\/microscopemedia.com\/index.php?rest_route=%2Fwp%2Fv2%2Fcomments&post=690279"}],"version-history":[{"count":0,"href":"https:\/\/microscopemedia.com\/index.php?rest_route=\/wp\/v2\/posts\/690279\/revisions"}],"wp:featuredmedia":[{"embeddable":true,"href":"https:\/\/microscopemedia.com\/index.php?rest_route=\/wp\/v2\/media\/690280"}],"wp:attachment":[{"href":"https:\/\/microscopemedia.com\/index.php?rest_route=%2Fwp%2Fv2%2Fmedia&parent=690279"}],"wp:term":[{"taxonomy":"category","embeddable":true,"href":"https:\/\/microscopemedia.com\/index.php?rest_route=%2Fwp%2Fv2%2Fcategories&post=690279"},{"taxonomy":"post_tag","embeddable":true,"href":"https:\/\/microscopemedia.com\/index.php?rest_route=%2Fwp%2Fv2%2Ftags&post=690279"}],"curies":[{"name":"wp","href":"https:\/\/api.w.org\/{rel}","templated":true}]}}