{"id":690283,"date":"2026-05-01T15:46:04","date_gmt":"2026-05-01T15:46:04","guid":{"rendered":"https:\/\/microscopemedia.com\/?p=690283"},"modified":"2026-05-01T15:46:04","modified_gmt":"2026-05-01T15:46:04","slug":"volodimir-zelenski-incepe-reforma-armatei-ucrainene-ce-salarii-vor-primi-soldatii","status":"publish","type":"post","link":"https:\/\/microscopemedia.com\/?p=690283","title":{"rendered":"Volodimir Zelenski \u00eencepe reforma armatei ucrainene. Ce salarii vor primi solda\u021bii"},"content":{"rendered":"<div><img decoding=\"async\" src=\"https:\/\/microscopemedia.com\/wp-content\/uploads\/2026\/05\/volodimir-zelenski-incepe-reforma-armatei-ucrainene-ce-salarii-vor-primi-soldatii.jpg\" class=\"ff-og-image-inserted\"><\/div>\n<p id=\"p-0\">Dup\u0103 mai bine de patru ani de r\u0103zboi care a ucis zeci, dac\u0103 nu sute de mii de oameni, for\u021bele ucrainene caut\u0103 noi modalit\u0103\u021bi de recrutare.<\/p>\n<p id=\"p-1\"><a href=\"https:\/\/www.lefigaro.fr\/international\/guerre-en-ukraine-kiev-a-demande-des-details-sur-la-proposition-russe-d-une-treve-le-9-mai-20260430\" data-fig-type=\"NewsFlash\" data-gtm-custom-categorie=\"navigation\" data-gtm-custom-action=\"crossclick\" data-gtm-custom-label=\"Contextuel\" data-gtm-event=\"customEventSPE\" data-fig-domain=\"LEFIGARO\" data-mrf-link=\"http:\/\/www.lefigaro.fr\/international\/guerre-en-ukraine-kiev-a-demande-des-details-sur-la-proposition-russe-d-une-treve-le-9-mai-20260430\"><span dir=\"auto\">Ucraina<\/span><\/a><span dir=\"auto\">&nbsp;&nbsp;lanseaz\u0103 o&nbsp;<\/span><em><span dir=\"auto\">\u201ereform\u0103 a armatei\u201d<\/span><\/em><span dir=\"auto\"> care se a\u0219teapt\u0103 s\u0103 introduc\u0103 demobilizarea etapizat\u0103 \u0219i salarii semnificativ mai mari pentru solda\u021bii desf\u0103\u0219ura\u021bi pe linia frontului, <span><strong><a href=\"https:\/\/www.lefigaro.fr\/international\/guerre-en-ukraine-kiev-lance-une-reforme-de-l-armee-avec-demobilisation-et-hausse-de-salaire-20260501\">a anun\u021bat vineri pre\u0219edintele ucrainean Volodimir Zelenski.<\/a><\/strong><\/span><\/span><\/p>\n<p id=\"p-2\"><span dir=\"auto\">&nbsp;<\/span><a href=\"https:\/\/www.lefigaro.fr\/international\/guerre-en-ukraine-volodymyr-zelensky-martele-que-kiev-merite-une-pleine-adhesion-a-l-ue-pas-symbolique-20260423\" data-fig-type=\"NewsFlash\" data-gtm-custom-categorie=\"navigation\" data-gtm-custom-action=\"crossclick\" data-gtm-custom-label=\"Contextuel\" data-gtm-event=\"customEventSPE\" data-fig-domain=\"LEFIGARO\" data-mrf-link=\"http:\/\/www.lefigaro.fr\/international\/guerre-en-ukraine-volodymyr-zelensky-martele-que-kiev-merite-une-pleine-adhesion-a-l-ue-pas-symbolique-20260423\"><span dir=\"auto\">Zelenski<\/span><\/a><span dir=\"auto\">&nbsp;&nbsp;dore\u0219te \u00een mod specific s\u0103&nbsp;<\/span><em><span dir=\"auto\">\u201econsolideze sistemul de contracte din cadrul for\u021belor de ap\u0103rare\u201d,<\/span><\/em><span dir=\"auto\">&nbsp;astfel \u00eenc\u00e2t&nbsp;<\/span><em><span dir=\"auto\">\u201es\u0103 fie garantate condi\u021bii de serviciu clar definite \u0219i \u2013 \u00eencep\u00e2nd cu acest an \u2013 demobilizarea etapizat\u0103 s\u0103 devin\u0103 posibil\u0103 pentru cei care au fost mobiliza\u021bi anterior<\/span><\/em><span dir=\"auto\">&nbsp;\u201d .<\/span><\/p>\n<p id=\"p-3\"><span dir=\"auto\">El nu a oferit mai multe detalii despre aceast\u0103 m\u0103sur\u0103, deoarece legisla\u021bia actual\u0103 permite demobilizarea doar dup\u0103 ridicarea legii mar\u021biale, \u00een vigoare de la \u00eenceputul invaziei ruse\u0219ti din februarie 2022. <\/span><\/p>\n<p id=\"p-4\"><span dir=\"auto\">P<\/span><span dir=\"auto\">re\u0219edintele ucrainean dore\u0219te, de asemenea, o cre\u0219tere semnificativ\u0103 a salariilor: <\/span><em><span dir=\"auto\">\u201enivelul minim ar trebui s\u0103 fie de cel pu\u021bin 30.000 de grivne (aproximativ 580 de euro) pentru posturile de necombatan\u021bi\u201d,<\/span><\/em><span dir=\"auto\">&nbsp;fa\u021b\u0103 de 20.000 de grivne (390 de euro) \u00een prezent, conform datelor de la Ministerul Ap\u0103r\u0103rii.<\/span><\/p>\n<h2 id=\"chapter-0\" class=\"fig-body-heading\"><span dir=\"auto\">Aproape to\u021bi noii recru\u021bi sunt mobiliza\u021bi<\/span><\/h2>\n<p class=\"fig-paragraph\" id=\"p-5\"><em><span dir=\"auto\">\u201ePentru pozi\u021biile de lupt\u0103, ar trebui s\u0103 fie de c\u00e2teva ori mai mare\u201d,<\/span><\/em><span dir=\"auto\">&nbsp;a declarat el, men\u021bion\u00e2nd pl\u0103\u021bi lunare&nbsp;<\/span><em><span dir=\"auto\">\u201e\u00eentre 250.000 \u0219i 400.000 de grivne\u201d<\/span><\/em><span dir=\"auto\">&nbsp;\u00een infanterie (\u00eentre 4.850 \u0219i 7.770 de euro). \u00cen prezent, un soldat care lupt\u0103 pe front timp de o lun\u0103 prime\u0219te o plat\u0103 suplimentar\u0103 de 170.000 de grivne (3.300 de euro). <\/span><\/p>\n<p class=\"fig-paragraph\" id=\"p-6\"><span dir=\"auto\">Detaliile acestei reforme urmeaz\u0103 s\u0103 fie finalizate \u00een luna mai,&nbsp;<\/span><em><span dir=\"auto\">\u201eiar primele rezultate ar trebui ob\u021binute \u00een iunie<\/span><\/em><span dir=\"auto\">&nbsp;\u201d, a indicat Volodimir Zelenski. Dup\u0103 mai bine de patru ani de r\u0103zboi care a curmat zeci, dac\u0103 nu sute, de mii de vie\u021bi, for\u021bele ucrainene caut\u0103 noi metode de recrutare.<\/span><\/p>\n<p class=\"fig-paragraph\" id=\"p-7\"><span dir=\"auto\">Ast\u0103zi, aproape to\u021bi noii recru\u021bi sunt mobiliza\u021bi, o problem\u0103 extrem de sensibil\u0103 \u00een \u021bar\u0103, deoarece mul\u021bi ucraineni consider\u0103 sistemul plin de scandaluri drept nedrept, corupt \u0219i ineficient. <\/span><\/p>\n<p class=\"fig-paragraph\" id=\"p-8\"><span dir=\"auto\">Autorit\u0103\u021bile au \u00eencercat mai multe m\u0103suri pentru a \u00eencuraja noii recru\u021bi s\u0103 semneze contracte, cum ar fi un contract cu stimulente financiare pentru tinerii cu v\u00e2rste cuprinse \u00eentre 18 \u0219i 24 de ani \u0219i deschiderea de birouri de recrutare pentru ucrainenii din str\u0103in\u0103tate, dar acestea nu au avut efectul dorit.<\/span><\/p>\n","protected":false},"excerpt":{"rendered":"<p>Dup\u0103 mai bine de patru ani de r\u0103zboi care a ucis zeci, dac\u0103 nu sute de mii de oameni, for\u021bele ucrainene caut\u0103 noi modalit\u0103\u021bi de recrutare. Ucraina&nbsp;&nbsp;lanseaz\u0103 o&nbsp;\u201ereform\u0103 a armatei\u201d &hellip; <a href=\"https:\/\/microscopemedia.com\/?p=690283\" class=\"more-link\">Read More<\/a><\/p>\n","protected":false},"author":1,"featured_media":690284,"comment_status":"closed","ping_status":"closed","sticky":false,"template":"Default","format":"standard","meta":[],"categories":[1],"tags":[],"_links":{"self":[{"href":"https:\/\/microscopemedia.com\/index.php?rest_route=\/wp\/v2\/posts\/690283"}],"collection":[{"href":"https:\/\/microscopemedia.com\/index.php?rest_route=\/wp\/v2\/posts"}],"about":[{"href":"https:\/\/microscopemedia.com\/index.php?rest_route=\/wp\/v2\/types\/post"}],"author":[{"embeddable":true,"href":"https:\/\/microscopemedia.com\/index.php?rest_route=\/wp\/v2\/users\/1"}],"replies":[{"embeddable":true,"href":"https:\/\/microscopemedia.com\/index.php?rest_route=%2Fwp%2Fv2%2Fcomments&post=690283"}],"version-history":[{"count":0,"href":"https:\/\/microscopemedia.com\/index.php?rest_route=\/wp\/v2\/posts\/690283\/revisions"}],"wp:featuredmedia":[{"embeddable":true,"href":"https:\/\/microscopemedia.com\/index.php?rest_route=\/wp\/v2\/media\/690284"}],"wp:attachment":[{"href":"https:\/\/microscopemedia.com\/index.php?rest_route=%2Fwp%2Fv2%2Fmedia&parent=690283"}],"wp:term":[{"taxonomy":"category","embeddable":true,"href":"https:\/\/microscopemedia.com\/index.php?rest_route=%2Fwp%2Fv2%2Fcategories&post=690283"},{"taxonomy":"post_tag","embeddable":true,"href":"https:\/\/microscopemedia.com\/index.php?rest_route=%2Fwp%2Fv2%2Ftags&post=690283"}],"curies":[{"name":"wp","href":"https:\/\/api.w.org\/{rel}","templated":true}]}}