{"id":690289,"date":"2026-05-01T16:27:03","date_gmt":"2026-05-01T16:27:03","guid":{"rendered":"https:\/\/microscopemedia.com\/?p=690289"},"modified":"2026-05-01T16:27:03","modified_gmt":"2026-05-01T16:27:03","slug":"trump-anunta-tarife-de-25-pentru-masinile-din-ue-invocand-nerespectarea-acordului-comercial","status":"publish","type":"post","link":"https:\/\/microscopemedia.com\/?p=690289","title":{"rendered":"Trump anun\u021b\u0103 tarife de 25% pentru ma\u0219inile din UE, invoc\u00e2nd nerespectarea acordului comercial"},"content":{"rendered":"<div><img decoding=\"async\" src=\"https:\/\/microscopemedia.com\/wp-content\/uploads\/2026\/05\/trump-anunta-tarife-de-25-pentru-masinile-din-ue-invocand-nerespectarea-acordului-comercial.jpg\" class=\"ff-og-image-inserted\"><\/div>\n<div readability=\"29.617622610141\">\n<p id=\"p-0\">Anun\u021bul a fost f\u0103cut prin platforma sa de socializare Truth Social, unde liderul american a precizat c\u0103 m\u0103sura va intra \u00een vigoare \u00eencep\u00e2nd de s\u0103pt\u0103m\u00e2na viitoare.<\/p>\n<p id=\"p-1\">\u201ePe baza faptului c\u0103 Uniunea European\u0103 nu respect\u0103 acordul nostru comercial agreat, voi cre\u0219te tarifele la 25% pentru ma\u0219inile \u0219i camioanele care intr\u0103 \u00een Statele Unite\u201d, a scris Trump.<\/p>\n<p id=\"p-2\">El a ad\u0103ugat c\u0103 m\u0103sura nu se va aplica produc\u0103torilor care \u00ee\u0219i fabric\u0103 vehiculele pe teritoriul american.<\/p>\n<p id=\"p-3\">\u201eEste pe deplin \u00een\u021beles \u0219i agreat c\u0103, dac\u0103 produc ma\u0219ini \u0219i camioane \u00een fabrici din SUA, nu va exista niciun tarif\u201d, a transmis pre\u0219edintele american.<\/p>\n<p id=\"p-4\">Trump a sus\u021binut c\u0103 numeroase fabrici auto sunt \u00een prezent \u00een construc\u021bie \u00een SUA, cu investi\u021bii de peste 100 de miliarde de dolari, pe care le-a descris drept \u201eun record \u00een istoria produc\u021biei auto\u201d.<\/p>\n<p id=\"p-5\">Decizia ar putea afecta marii produc\u0103tori auto europeni, inclusiv Volkswagen AG, Mercedes-Benz Group AG \u0219i BMW AG, expu\u0219i semnificativ pie\u021bei americane.<\/p>\n<\/p><\/div>\n","protected":false},"excerpt":{"rendered":"<p>Anun\u021bul a fost f\u0103cut prin platforma sa de socializare Truth Social, unde liderul american a precizat c\u0103 m\u0103sura va intra \u00een vigoare \u00eencep\u00e2nd de s\u0103pt\u0103m\u00e2na viitoare. \u201ePe baza faptului c\u0103 &hellip; <a href=\"https:\/\/microscopemedia.com\/?p=690289\" class=\"more-link\">Read More<\/a><\/p>\n","protected":false},"author":1,"featured_media":690290,"comment_status":"closed","ping_status":"closed","sticky":false,"template":"Default","format":"standard","meta":[],"categories":[1],"tags":[],"_links":{"self":[{"href":"https:\/\/microscopemedia.com\/index.php?rest_route=\/wp\/v2\/posts\/690289"}],"collection":[{"href":"https:\/\/microscopemedia.com\/index.php?rest_route=\/wp\/v2\/posts"}],"about":[{"href":"https:\/\/microscopemedia.com\/index.php?rest_route=\/wp\/v2\/types\/post"}],"author":[{"embeddable":true,"href":"https:\/\/microscopemedia.com\/index.php?rest_route=\/wp\/v2\/users\/1"}],"replies":[{"embeddable":true,"href":"https:\/\/microscopemedia.com\/index.php?rest_route=%2Fwp%2Fv2%2Fcomments&post=690289"}],"version-history":[{"count":0,"href":"https:\/\/microscopemedia.com\/index.php?rest_route=\/wp\/v2\/posts\/690289\/revisions"}],"wp:featuredmedia":[{"embeddable":true,"href":"https:\/\/microscopemedia.com\/index.php?rest_route=\/wp\/v2\/media\/690290"}],"wp:attachment":[{"href":"https:\/\/microscopemedia.com\/index.php?rest_route=%2Fwp%2Fv2%2Fmedia&parent=690289"}],"wp:term":[{"taxonomy":"category","embeddable":true,"href":"https:\/\/microscopemedia.com\/index.php?rest_route=%2Fwp%2Fv2%2Fcategories&post=690289"},{"taxonomy":"post_tag","embeddable":true,"href":"https:\/\/microscopemedia.com\/index.php?rest_route=%2Fwp%2Fv2%2Ftags&post=690289"}],"curies":[{"name":"wp","href":"https:\/\/api.w.org\/{rel}","templated":true}]}}