{"id":690295,"date":"2026-05-01T17:16:04","date_gmt":"2026-05-01T17:16:04","guid":{"rendered":"https:\/\/microscopemedia.com\/?p=690295"},"modified":"2026-05-01T17:16:04","modified_gmt":"2026-05-01T17:16:04","slug":"siria-lider-religios-ucis-intr-o-explozie-cu-bomba-langa-damasc","status":"publish","type":"post","link":"https:\/\/microscopemedia.com\/?p=690295","title":{"rendered":"Siria: Lider religios ucis \u00eentr-o explozie cu bomb\u0103, l\u00e2ng\u0103 Damasc"},"content":{"rendered":"<div><img decoding=\"async\" src=\"https:\/\/microscopemedia.com\/wp-content\/uploads\/2026\/05\/siria-lider-religios-ucis-intr-o-explozie-cu-bomba-langa-damasc.jpg\" class=\"ff-og-image-inserted\"><\/div>\n<div readability=\"36.044711951849\">\n<p id=\"p-0\">Televiziunea de stat sirian\u0103 a transmis, vineri, c\u0103 un lider religios \u0219iit, <span dir=\"auto\">de la templul Sayyeda Zeinab de l\u00e2ng\u0103 <\/span><span dir=\"auto\">Damasc,<\/span><span dir=\"auto\"> a fost ucis \u00eentr-o explozie cu bomb\u0103. Farhan Hassan al-Mansour, \u201ea fost ucis \u00eentr-o explozie cu bomb\u0103<em>\u201d<\/em> \u00een zona din jurul sanctuarului, a anun\u021bat postul de televiziune, potrivit <a href=\"https:\/\/www.lefigaro.fr\/international\/syrie-un-dignitaire-religieux-chiite-tue-dans-l-explosion-d-une-bombe-pres-de-damas-20260501\" target=\"_blank\" rel=\"noopener\">Le Figaro<\/a>.<\/span><\/p>\n<p id=\"p-1\">Observatorul Sirian pentru Drepturile Omului (SOHR) a considerat-o o \u201easasinare\u201d, f\u0103r\u0103 a specifica \u00eens\u0103 cine este responsabil, dar indic\u00e2nd c\u0103 o \u201ebomb\u0103 fusese aruncat\u0103 asupra ma\u0219inii\u201d demnitarului.<\/p>\n<p id=\"p-2\">Cea mai \u00eenalt\u0103 autoritate spiritual\u0103 \u0219iit\u0103 din Siria a relatat, de asemenea, moartea clericului, <span dir=\"auto\">declar\u00e2nd c\u0103 acesta a fost ucis \u201e<\/span><em><span dir=\"auto\">\u00ee<\/span><\/em><span dir=\"auto\">ntr-o explozie cu o ma\u0219in\u0103-capcan\u0103<\/span><span dir=\"auto\">\u201d, potrivit aceleia\u0219i surse.<\/span><\/p>\n<h2 id=\"chapter-0\">Al doilea atentat \u00een mai pu\u021bin de un an<\/h2>\n<p id=\"p-3\"><span dir=\"auto\">\u00cen iulie 2025, un alt atentat a fost produs asupra unui cleric \u0219iit, care a fost \u00eempu\u0219cat mortal \u00een regiunea Homs din centrul Siriei.<\/span><\/p>\n<p id=\"p-4\"><span dir=\"auto\">Pre\u0219edintele&nbsp;&nbsp;<\/span><span dir=\"auto\">Ahmad al-Sharaa<\/span><span dir=\"auto\"> &nbsp;a promis c\u0103 va proteja minoritatea \u0219iit\u0103, estimat\u0103 la aproximativ 300.000 de persoane.<\/span><\/p>\n<\/p><\/div>\n","protected":false},"excerpt":{"rendered":"<p>Televiziunea de stat sirian\u0103 a transmis, vineri, c\u0103 un lider religios \u0219iit, de la templul Sayyeda Zeinab de l\u00e2ng\u0103 Damasc, a fost ucis \u00eentr-o explozie cu bomb\u0103. Farhan Hassan al-Mansour, &hellip; <a href=\"https:\/\/microscopemedia.com\/?p=690295\" class=\"more-link\">Read More<\/a><\/p>\n","protected":false},"author":1,"featured_media":690296,"comment_status":"closed","ping_status":"closed","sticky":false,"template":"Default","format":"standard","meta":[],"categories":[1],"tags":[],"_links":{"self":[{"href":"https:\/\/microscopemedia.com\/index.php?rest_route=\/wp\/v2\/posts\/690295"}],"collection":[{"href":"https:\/\/microscopemedia.com\/index.php?rest_route=\/wp\/v2\/posts"}],"about":[{"href":"https:\/\/microscopemedia.com\/index.php?rest_route=\/wp\/v2\/types\/post"}],"author":[{"embeddable":true,"href":"https:\/\/microscopemedia.com\/index.php?rest_route=\/wp\/v2\/users\/1"}],"replies":[{"embeddable":true,"href":"https:\/\/microscopemedia.com\/index.php?rest_route=%2Fwp%2Fv2%2Fcomments&post=690295"}],"version-history":[{"count":0,"href":"https:\/\/microscopemedia.com\/index.php?rest_route=\/wp\/v2\/posts\/690295\/revisions"}],"wp:featuredmedia":[{"embeddable":true,"href":"https:\/\/microscopemedia.com\/index.php?rest_route=\/wp\/v2\/media\/690296"}],"wp:attachment":[{"href":"https:\/\/microscopemedia.com\/index.php?rest_route=%2Fwp%2Fv2%2Fmedia&parent=690295"}],"wp:term":[{"taxonomy":"category","embeddable":true,"href":"https:\/\/microscopemedia.com\/index.php?rest_route=%2Fwp%2Fv2%2Fcategories&post=690295"},{"taxonomy":"post_tag","embeddable":true,"href":"https:\/\/microscopemedia.com\/index.php?rest_route=%2Fwp%2Fv2%2Ftags&post=690295"}],"curies":[{"name":"wp","href":"https:\/\/api.w.org\/{rel}","templated":true}]}}