{"id":690319,"date":"2026-05-01T20:06:03","date_gmt":"2026-05-01T20:06:03","guid":{"rendered":"https:\/\/microscopemedia.com\/?p=690319"},"modified":"2026-05-01T20:06:03","modified_gmt":"2026-05-01T20:06:03","slug":"marcel-ciolacu-bolojan-e-disperat-fiindca-va-fi-demis-peste-4-zile-si-minte-cu-nerusinare","status":"publish","type":"post","link":"https:\/\/microscopemedia.com\/?p=690319","title":{"rendered":"Marcel Ciolacu: \u201eBolojan e disperat fiindc\u0103 va fi demis peste 4 zile \u0219i minte cu neru\u0219inare\u201d"},"content":{"rendered":"<div><img decoding=\"async\" src=\"https:\/\/microscopemedia.com\/wp-content\/uploads\/2026\/05\/marcel-ciolacu-bolojan-e-disperat-fiindca-va-fi-demis-peste-4-zile-si-minte-cu-nerusinare.jpg\" class=\"ff-og-image-inserted\"><\/div>\n<p id=\"p-0\">\u201eBolojan e disperat fiindc\u0103 va fi demis peste 4 zile \u0219i minte cu neru\u0219inare c\u0103 \u00ab\u00een mandatul premierului Marcel Ciolacu s-a stabilit \u0219i votat schema de gestionare a programului SAFE\u00bb\u201d, a scris Marcel Ciolacu, pe re\u021belele de socializare.<\/p>\n<p id=\"p-1\">Fostul \u0219ef al Guvernului sus\u021bine c\u0103 \u201edocumentele oficiale spun cu totul ALTCEVA\u201d \u0219i afirm\u0103 c\u0103 desemnarea Cancelariei prim-ministrului ca integrator al programului SAFE \u201es-a f\u0103cut prin OUG 62\/2025, adoptat\u0103 la 20 noiembrie 2025 \u2013 sub guvernul Bolojan, NU sub guvernul Ciolacu\u201d.<\/p>\n<p id=\"p-2\">Ciolacu mai spune c\u0103 decizia prin care a fost numit grupul de lucru interinstitu\u021bional \u201eeste semnat\u0103 de Ilie Bolojan, NU de Marcel Ciolacu\u201d.<\/p>\n<h2 id=\"chapter-0\">Fostul premier critic\u0103 \u0219i modul de organizare al programului<\/h2>\n<p id=\"p-3\">\u201eEste o structur\u0103 politic\u0103, condus\u0103 de un politruc de la Oradea, pus \u0219ef al Cancelariei ca s\u0103 conduc\u0103 un program de \u00eenzestrare militar\u0103 de 16 miliarde euro! NU de speciali\u0219ti MApN, cum ar fi normal \u00eentr-un stat NATO!!! De aceea s-a ajuns ca nimeni s\u0103 nu \u0219tie cine a stabilit ca pre\u021bul \u0219i ca termenul s\u0103 c\u00e2nt\u0103reasc\u0103 100% \u00een decizie!\u201d, a scris Ciolacu.<\/p>\n<p id=\"p-4\">El acuz\u0103 totodat\u0103 c\u0103 actuala formul\u0103 de atribuire a contractelor produce \u201eun monstru\u201d<\/p>\n<p id=\"p-5\">\u201eC\u00e2nd Bolojan vinde public \u2018minim 50% produc\u021bie \u00een Rom\u00e2nia\u2019, el \u00eencearc\u0103 s\u0103 coafeze zadarnic o realitate care produce un monstru \u2013 concentrarea masiv\u0103 pe un singur produc\u0103tor str\u0103in: 5,69 miliarde euro = 68,3% din pachet c\u0103tre un uria\u0219 grup industrial german, ce prime\u0219te 7 din 15 contracte. Abia asta este cu adev\u0103rat tr\u0103dare de \u021bar\u0103!\u201d, mai spune Ciolacu.<\/p>\n<p id=\"p-6\">Ciolacu s-a referit \u0219i la proiectele industriale din domeniul ap\u0103r\u0103rii.<\/p>\n<p id=\"p-7\">\u201eCe \u0219tie \u00eens\u0103 \u0219i nu spune Bolojan este c\u0103 singura investi\u021bie local\u0103 \u00een ap\u0103rare, fabrica de pulberi care va fi deschis\u0103 \u00een Rom\u00e2nia cu finan\u021bare de la Comisia European\u0103, este un proiect realizat de mine, \u00eempreun\u0103 cu ministrul Economiei, Radu Oprea. A\u0219a cum achizi\u021bia de c\u0103tre Rom\u00e2nia a Portului Giurgule\u0219ti este rezultatul negocierilor purtate de Ciolacu \u0219i Grindeanu. Prea-cinstitul Bolojan minte \u0219i atunci c\u00e2nd se laud\u0103 cu munca altuia, minte \u0219i atunci c\u00e2nd vrea s\u0103 arunce pe al\u021bii vina actelor semnate cu m\u00e2na lui \u00een cazul SAFE. A\u0219a cum a min\u021bit \u0219i cu deficitul, cum a min\u021bit \u0219i cu infla\u021bia\u201d, a scris el.<\/p>\n<p id=\"p-8\">\u201eDin fericire, nu mai are multe zile \u00een care s\u0103-i mai poat\u0103 min\u021bi pe rom\u00e2ni. Din 5 mai, el devine doar amintirea unui nefericit accident politic, unul cu multe milioane de rom\u00e2ni victime nevinovate!\u201d, a \u00eencheiat Ciolacu.<\/p>\n","protected":false},"excerpt":{"rendered":"<p>\u201eBolojan e disperat fiindc\u0103 va fi demis peste 4 zile \u0219i minte cu neru\u0219inare c\u0103 \u00ab\u00een mandatul premierului Marcel Ciolacu s-a stabilit \u0219i votat schema de gestionare a programului SAFE\u00bb\u201d, &hellip; <a href=\"https:\/\/microscopemedia.com\/?p=690319\" class=\"more-link\">Read More<\/a><\/p>\n","protected":false},"author":1,"featured_media":690320,"comment_status":"closed","ping_status":"closed","sticky":false,"template":"Default","format":"standard","meta":[],"categories":[1],"tags":[],"_links":{"self":[{"href":"https:\/\/microscopemedia.com\/index.php?rest_route=\/wp\/v2\/posts\/690319"}],"collection":[{"href":"https:\/\/microscopemedia.com\/index.php?rest_route=\/wp\/v2\/posts"}],"about":[{"href":"https:\/\/microscopemedia.com\/index.php?rest_route=\/wp\/v2\/types\/post"}],"author":[{"embeddable":true,"href":"https:\/\/microscopemedia.com\/index.php?rest_route=\/wp\/v2\/users\/1"}],"replies":[{"embeddable":true,"href":"https:\/\/microscopemedia.com\/index.php?rest_route=%2Fwp%2Fv2%2Fcomments&post=690319"}],"version-history":[{"count":0,"href":"https:\/\/microscopemedia.com\/index.php?rest_route=\/wp\/v2\/posts\/690319\/revisions"}],"wp:featuredmedia":[{"embeddable":true,"href":"https:\/\/microscopemedia.com\/index.php?rest_route=\/wp\/v2\/media\/690320"}],"wp:attachment":[{"href":"https:\/\/microscopemedia.com\/index.php?rest_route=%2Fwp%2Fv2%2Fmedia&parent=690319"}],"wp:term":[{"taxonomy":"category","embeddable":true,"href":"https:\/\/microscopemedia.com\/index.php?rest_route=%2Fwp%2Fv2%2Fcategories&post=690319"},{"taxonomy":"post_tag","embeddable":true,"href":"https:\/\/microscopemedia.com\/index.php?rest_route=%2Fwp%2Fv2%2Ftags&post=690319"}],"curies":[{"name":"wp","href":"https:\/\/api.w.org\/{rel}","templated":true}]}}