{"id":690321,"date":"2026-05-01T20:17:04","date_gmt":"2026-05-01T20:17:04","guid":{"rendered":"https:\/\/microscopemedia.com\/?p=690321"},"modified":"2026-05-01T20:17:04","modified_gmt":"2026-05-01T20:17:04","slug":"gheorghiu-imi-cer-scuze-public-fata-de-acei-parlamentari-pe-care-i-am-inoportunat-sfat-pentru-romani","status":"publish","type":"post","link":"https:\/\/microscopemedia.com\/?p=690321","title":{"rendered":"Gheorghiu: \u00cemi cer scuze public fa\u021b\u0103 de acei parlamentari pe care i-am inoportunat. \u201eSfat\u201d pentru rom\u00e2ni"},"content":{"rendered":"<div><img decoding=\"async\" src=\"https:\/\/microscopemedia.com\/wp-content\/uploads\/2026\/05\/gheorghiu-imi-cer-scuze-public-fata-de-acei-parlamentari-pe-care-i-am-inoportunat-sfat-pentru-romani.png\" class=\"ff-og-image-inserted\"><\/div>\n<div readability=\"18.921032056294\">\n<p id=\"p-0\">\u201eDoresc s\u0103 \u00eemi cer scuze public fa\u021b\u0103 de acei parlamentari pe care i-am inoportunat permi\u021b\u00e2ndu-mi arogan\u021ba de a le transmite un e-mail prin care i-am invitat s\u0103 voteze conform propriei con\u0219tiin\u021be, nu conform ordinului de la \u0219eful de partid\u201d, spune Oana Gheorghiu, pe Facebook.<\/p>\n<p id=\"p-1\">Aceasta afirm\u0103 c\u0103 \u201eunii parlamentari s-au sup\u0103rat pentru ca mi-am permis obr\u0103znicia s\u0103 le scriu pe mailul personal, care e trecut pe site-ul Camerei Deputa\u021bilor \u0219i pe cel al Senatului\u201d.<\/p>\n<p id=\"p-2\">\u201eCa peniten\u021b\u0103, vreau s\u0103 lansez un apel public c\u0103tre to\u021bi rom\u00e2nii: V\u0103 rog ca nu care cumva s\u0103 le scrie\u021bi parlamentarilor vo\u0219tri pe e-mail, prin mesaj pe Facebook sau \u00een comentarii ca s\u0103 le cere\u021bi s\u0103 voteze conform con\u0219tiin\u021bei, nu conform ordinului de la \u0219eful de partid. Ar fi un abuz total asupra lor s\u0103 \u00eei deranj\u0103m \u0219i s\u0103 le cerem s\u0103 comit\u0103 asemenea gesturi regretabile. Deci din nou: v\u0103 rog ca nu cumva s\u0103 face\u021bi a\u0219a ceva\u201d, spune Oana Gheorghiu.<\/p>\n<\/p><\/div>\n","protected":false},"excerpt":{"rendered":"<p>\u201eDoresc s\u0103 \u00eemi cer scuze public fa\u021b\u0103 de acei parlamentari pe care i-am inoportunat permi\u021b\u00e2ndu-mi arogan\u021ba de a le transmite un e-mail prin care i-am invitat s\u0103 voteze conform propriei &hellip; <a href=\"https:\/\/microscopemedia.com\/?p=690321\" class=\"more-link\">Read More<\/a><\/p>\n","protected":false},"author":1,"featured_media":690322,"comment_status":"closed","ping_status":"closed","sticky":false,"template":"Default","format":"standard","meta":[],"categories":[1],"tags":[],"_links":{"self":[{"href":"https:\/\/microscopemedia.com\/index.php?rest_route=\/wp\/v2\/posts\/690321"}],"collection":[{"href":"https:\/\/microscopemedia.com\/index.php?rest_route=\/wp\/v2\/posts"}],"about":[{"href":"https:\/\/microscopemedia.com\/index.php?rest_route=\/wp\/v2\/types\/post"}],"author":[{"embeddable":true,"href":"https:\/\/microscopemedia.com\/index.php?rest_route=\/wp\/v2\/users\/1"}],"replies":[{"embeddable":true,"href":"https:\/\/microscopemedia.com\/index.php?rest_route=%2Fwp%2Fv2%2Fcomments&post=690321"}],"version-history":[{"count":0,"href":"https:\/\/microscopemedia.com\/index.php?rest_route=\/wp\/v2\/posts\/690321\/revisions"}],"wp:featuredmedia":[{"embeddable":true,"href":"https:\/\/microscopemedia.com\/index.php?rest_route=\/wp\/v2\/media\/690322"}],"wp:attachment":[{"href":"https:\/\/microscopemedia.com\/index.php?rest_route=%2Fwp%2Fv2%2Fmedia&parent=690321"}],"wp:term":[{"taxonomy":"category","embeddable":true,"href":"https:\/\/microscopemedia.com\/index.php?rest_route=%2Fwp%2Fv2%2Fcategories&post=690321"},{"taxonomy":"post_tag","embeddable":true,"href":"https:\/\/microscopemedia.com\/index.php?rest_route=%2Fwp%2Fv2%2Ftags&post=690321"}],"curies":[{"name":"wp","href":"https:\/\/api.w.org\/{rel}","templated":true}]}}