{"id":690333,"date":"2026-05-01T21:56:04","date_gmt":"2026-05-01T21:56:04","guid":{"rendered":"https:\/\/microscopemedia.com\/?p=690333"},"modified":"2026-05-01T21:56:04","modified_gmt":"2026-05-01T21:56:04","slug":"administratia-trump-va-retrage-5-000-de-soldati-americani-din-germania","status":"publish","type":"post","link":"https:\/\/microscopemedia.com\/?p=690333","title":{"rendered":"Administra\u021bia Trump va retrage 5.000 de solda\u021bi americani din Germania"},"content":{"rendered":"<div><img decoding=\"async\" src=\"https:\/\/microscopemedia.com\/wp-content\/uploads\/2026\/05\/administratia-trump-va-retrage-5-000-de-soldati-americani-din-germania.jpg\" class=\"ff-og-image-inserted\"><\/div>\n<div readability=\"48.490293267245\">\n<p id=\"p-0\">Oficialii au caracterizat aceast\u0103 m\u0103sur\u0103 drept un semnal al nemul\u021bumirii lui Trump fa\u021b\u0103 de nivelul de sprijin oferit de alia\u021bii europeni \u00een conflictul dintre SUA \u0219i Iran, potrivit <a href=\"https:\/\/www.cbsnews.com\/news\/trump-germany-5000-troops\/\" target=\"_blank\" rel=\"noopener\">CBS News<\/a>.<\/p>\n<p id=\"p-1\">Trump i-a criticat public pe cancelarul german Friedrich Merz \u0219i pe liderii altor state membre NATO pentru c\u0103 nu s-au implicat direct \u00een campania militar\u0103 a SUA \u00eempotriva Iranului.<\/p>\n<p id=\"p-2\">Armata SUA are o prezen\u021b\u0103 masiv\u0103 \u00een Germania \u00eenc\u0103 de la sf\u00e2r\u0219itul celui de-al Doilea R\u0103zboi Mondial \u0219i al R\u0103zboiului Rece.<\/p>\n<p id=\"p-3\">Conform cifrelor Departamentului Ap\u0103r\u0103rii, \u00een decembrie anul trecut, peste 36.000 de solda\u021bi \u00een serviciu activ erau repartiza\u021bi \u00een baze din toat\u0103 Germania, al\u0103turi de aproape 1.500 de rezervi\u0219ti \u0219i 11.500 de civili.<\/p>\n<p id=\"p-4\">Japonia este singura \u021bar\u0103 str\u0103in\u0103 cu o prezen\u021b\u0103 mai mare a trupelor americane.<\/p>\n<p id=\"p-5\">Germania g\u0103zduie\u0219te, de asemenea, sediile Comandamentului European al SUA \u0219i ale Comandamentului pentru Africa, iar baza aerian\u0103 Ramstein este un nod cheie pentru opera\u021biunile americane.<\/p>\n<h2 id=\"chapter-0\">Tensiunile dintre Trump \u0219i Merz<\/h2>\n<p id=\"p-6\">O parte din for\u021bele americane care sunt retrase din Europa s-ar putea \u00eentoarce \u00een SUA \u0219i apoi s\u0103 fie dislocate \u00een str\u0103in\u0103tate, au declarat oficialii din domeniul ap\u0103r\u0103rii, descriind acest demers ca un efort de a se concentra pe priorit\u0103\u021bile Pentagonului pe teritoriul SUA \u0219i \u00een regiunea Indo-Pacific.<\/p>\n<p id=\"p-7\">Trump a sugerat la \u00eenceputul acestei s\u0103pt\u0103m\u00e2ni c\u0103 ia \u00een considerare reducerea efectivelor militare din Germania. El a devenit din ce \u00een ce mai frustrat de Merz \u00een ultimele zile, dup\u0103 ce cancelarul german a declarat s\u0103pt\u0103m\u00e2na aceasta c\u0103 \u201eamericanii nu au \u00een mod clar nicio strategie\u201d privind Iranul \u0219i a sus\u021binut c\u0103 SUA sunt \u201eumilite\u201d de negociatorii iranieni.<\/p>\n<p id=\"p-8\">Pre\u0219edintele SUA a scris ulterior \u00eentr-o serie de post\u0103ri pe Truth Social c\u0103 Merz \u201enu \u0219tie despre ce vorbe\u0219te\u201d \u0219i c\u0103 \u201ese amestec\u0103 \u00een treburile celor care elimin\u0103 amenin\u021barea nuclear\u0103 iranian\u0103\u201d.<\/p>\n<p id=\"p-9\">Merz a declarat miercuri c\u0103 se afl\u0103 \u00een continuare \u00een rela\u021bii bune cu Trump.<\/p>\n<p id=\"p-10\">Pre\u0219edintele a propus retragerea a mii de solda\u021bi din Germania spre sf\u00e2r\u0219itul primului s\u0103u mandat, o m\u0103sur\u0103 care a fost anulat\u0103 de fostul pre\u0219edinte Joe Biden.<\/p>\n<\/p><\/div>\n","protected":false},"excerpt":{"rendered":"<p>Oficialii au caracterizat aceast\u0103 m\u0103sur\u0103 drept un semnal al nemul\u021bumirii lui Trump fa\u021b\u0103 de nivelul de sprijin oferit de alia\u021bii europeni \u00een conflictul dintre SUA \u0219i Iran, potrivit CBS News. &hellip; <a href=\"https:\/\/microscopemedia.com\/?p=690333\" class=\"more-link\">Read More<\/a><\/p>\n","protected":false},"author":1,"featured_media":690334,"comment_status":"closed","ping_status":"closed","sticky":false,"template":"Default","format":"standard","meta":[],"categories":[1],"tags":[],"_links":{"self":[{"href":"https:\/\/microscopemedia.com\/index.php?rest_route=\/wp\/v2\/posts\/690333"}],"collection":[{"href":"https:\/\/microscopemedia.com\/index.php?rest_route=\/wp\/v2\/posts"}],"about":[{"href":"https:\/\/microscopemedia.com\/index.php?rest_route=\/wp\/v2\/types\/post"}],"author":[{"embeddable":true,"href":"https:\/\/microscopemedia.com\/index.php?rest_route=\/wp\/v2\/users\/1"}],"replies":[{"embeddable":true,"href":"https:\/\/microscopemedia.com\/index.php?rest_route=%2Fwp%2Fv2%2Fcomments&post=690333"}],"version-history":[{"count":0,"href":"https:\/\/microscopemedia.com\/index.php?rest_route=\/wp\/v2\/posts\/690333\/revisions"}],"wp:featuredmedia":[{"embeddable":true,"href":"https:\/\/microscopemedia.com\/index.php?rest_route=\/wp\/v2\/media\/690334"}],"wp:attachment":[{"href":"https:\/\/microscopemedia.com\/index.php?rest_route=%2Fwp%2Fv2%2Fmedia&parent=690333"}],"wp:term":[{"taxonomy":"category","embeddable":true,"href":"https:\/\/microscopemedia.com\/index.php?rest_route=%2Fwp%2Fv2%2Fcategories&post=690333"},{"taxonomy":"post_tag","embeddable":true,"href":"https:\/\/microscopemedia.com\/index.php?rest_route=%2Fwp%2Fv2%2Ftags&post=690333"}],"curies":[{"name":"wp","href":"https:\/\/api.w.org\/{rel}","templated":true}]}}