{"id":710819,"date":"2026-08-31T03:46:03","date_gmt":"2026-08-31T03:46:03","guid":{"rendered":"https:\/\/microscopemedia.com\/?p=710819"},"modified":"2026-08-31T03:46:03","modified_gmt":"2026-08-31T03:46:03","slug":"primele-fotografii-cu-maduro-de-la-capturarea-sa-de-catre-sua-detaliul-care-atrage-atentia","status":"publish","type":"post","link":"https:\/\/microscopemedia.com\/?p=710819","title":{"rendered":"Primele fotografii cu Maduro de la capturarea sa de c\u0103tre SUA. Detaliul care atrage aten\u021bia"},"content":{"rendered":"<div class=\"sgb-google-buttons\">\n<div class=\"display-flex justify-center google-logo\"><img decoding=\"async\" loading=\"lazy\" class=\"mg-x-auto\" width=\"30\" height=\"30\" src=\"https:\/\/microscopemedia.com\/wp-content\/uploads\/2026\/08\/primele-fotografii-cu-maduro-de-la-capturarea-sa-de-catre-sua-detaliul-care-atrage-atentia.png\" alt><\/div>\n<\/p><\/div>\n<p id=\"p-0\">Cele dou\u0103 imagini au fost publicate pe conturile oficiale ale lui Maduro \u0219i sunt datate 25 iunie, \u00eens\u0103 apar abia acum, la aproape opt luni dup\u0103 capturarea acestuia de c\u0103tre SUA, scrie publica\u021bia <a href=\"https:\/\/www.ilpost.it\/flashes\/prime-foto-social-maduro-dopo-cattura\/\" target=\"_blank\" rel=\"noopener\">Il Post<\/a>.<\/p>\n<div class=\"single__inline-gallery color-white mg-bottom-20 bg-black padding-5 md:rounded-10\">\n<div class=\"md:rounded-5 display-grid xs:grid-cols-2 grid-cols-3 gap-5\">\n<div class=\"single__inline-gallery-image relative column-span-2 row-span-2\">\n                <a href=\"https:\/\/www.mediafax.ro\/poze\/primele-fotografii-cu-maduro-de-la-capturarea-sa-de-catre-sua-detaliul-care-atrage-atentia-23798881\"><br \/>\n                    <img decoding=\"async\" loading=\"lazy\" src=\"https:\/\/microscopemedia.com\/wp-content\/uploads\/2026\/08\/primele-fotografii-cu-maduro-de-la-capturarea-sa-de-catre-sua-detaliul-care-atrage-atentia.jpg\" width=\"700\" height=\"450\"><br \/>\n                <\/a>\n                            <\/div>\n<div class=\"single__inline-gallery-image relative \">\n                <a href=\"https:\/\/www.mediafax.ro\/poze\/primele-fotografii-cu-maduro-de-la-capturarea-sa-de-catre-sua-detaliul-care-atrage-atentia-23798881\"><br \/>\n                    <img decoding=\"async\" loading=\"lazy\" src=\"https:\/\/microscopemedia.com\/wp-content\/uploads\/2026\/08\/primele-fotografii-cu-maduro-de-la-capturarea-sa-de-catre-sua-detaliul-care-atrage-atentia-1.jpg\" width=\"700\" height=\"450\"><br \/>\n                <\/a>\n                            <\/div>\n<\/p><\/div>\n<\/p><\/div>\n<p id=\"p-1\">\u00centr-una dintre fotografii, Maduro st\u0103 \u00een fa\u021ba unui perete \u0219i prive\u0219te direct spre camer\u0103, \u00een timp ce ridic\u0103 dou\u0103 degete \u00een forma literei \u201eV\u201d. \u00cen cealalt\u0103 imagine apare, de asemenea, \u00een trening gri. Fotografiile sunt primele imagini noi publicate pe canalele sale oficiale dup\u0103 ce Maduro a fost capturat de Statele Unite, \u00een ianuarie, \u00een urma unei opera\u021biuni militare.<\/p>\n<h2 id=\"chapter-0\">Maduro este \u00een deten\u021bie la New York<\/h2>\n<p id=\"p-2\">De la capturarea sa, conturile oficiale ale fostului lider venezuelean au continuat s\u0103 publice mesaje de sus\u021binere sau materiale grafice care num\u0103rau zilele de deten\u021bie, \u00eens\u0103 nu fuseser\u0103 publicate fotografii recente cu acesta. Mesajele care \u00eenso\u021besc noile imagini le mul\u021bumesc sus\u021bin\u0103torilor pentru sprijin \u0219i afec\u021biune \u0219i includ o referin\u021b\u0103 biblic\u0103.<\/p>\n<div id=\"attachment_23710785\" class=\"wp-caption aligncenter\" readability=\"32\"><img aria-describedby=\"caption-attachment-23710785\" class=\"size-full wp-image-23710785\" src=\"https:\/\/microscopemedia.com\/wp-content\/uploads\/2026\/08\/primele-fotografii-cu-maduro-de-la-capturarea-sa-de-catre-sua-detaliul-care-atrage-atentia.webp\" alt width=\"900\" height=\"1010\" loading=\"lazy\" decoding=\"async\" srcset=\"https:\/\/microscopemedia.com\/wp-content\/uploads\/2026\/08\/primele-fotografii-cu-maduro-de-la-capturarea-sa-de-catre-sua-detaliul-care-atrage-atentia-1.webp 500w, https:\/\/microscopemedia.com\/wp-content\/uploads\/2026\/08\/primele-fotografii-cu-maduro-de-la-capturarea-sa-de-catre-sua-detaliul-care-atrage-atentia.webp 728w\"><\/p>\n<p id=\"caption-attachment-23710785\" class=\"wp-caption-text\"><em>Pre\u0219edintele venezuelean Nicolas Maduro capturat de SUA. Sursa foto: Hepta\/Mediafax Foto<\/em><\/p>\n<\/div>\n<p id=\"p-3\">Maduro se afl\u0103 \u00een prezent \u00een deten\u021bie la New York \u0219i urmeaz\u0103 s\u0103 fie judecat \u00een Statele Unite. Procesul este programat s\u0103 \u00eenceap\u0103 \u00een iunie 2027, \u00een cadrul dosarului \u00een care fostul pre\u0219edinte este acuzat de infrac\u021biuni legate de traficul de droguri \u0219i terorism.<\/p>\n<p id=\"p-4\">Fotografiile \u00eel arat\u0103 f\u0103r\u0103 c\u0103tu\u0219e \u0219i f\u0103r\u0103 band\u0103 pe ochi. \u021ainuta gri este similar\u0103 cu cea purtat\u0103 \u00eentr-o imagine realizat\u0103 \u00een momentul transport\u0103rii sale \u00een Statele Unite. Totu\u0219i, nu exist\u0103 deocamdat\u0103 o confirmare independent\u0103 a momentului \u00een care au fost realizate fotografiile sau a autenticit\u0103\u021bii lor.<\/p>\n<h2 id=\"chapter-1\">De ce apar imaginile tocmai acum<\/h2>\n<p id=\"p-5\">Publicarea fotografiilor are loc \u00eentr-un moment \u00een care rela\u021bia dintre noua conducere a Venezuelei \u0219i fostul pre\u0219edinte s-a schimbat semnificativ. Delcy Rodr\u00edguez, fosta vicepre\u0219edint\u0103 a lui Maduro, conduce \u00een prezent Venezuela \u0219i s-a \u00eendep\u0103rtat treptat de fostul lider. Potrivit sursei, Rodr\u00edguez a renun\u021bat inclusiv la solicit\u0103rile pentru eliberarea lui Maduro \u0219i a so\u021biei acestuia, Cilia Flores, \u0219i a \u00eendep\u0103rtat din guvern mai mul\u021bi dintre fo\u0219tii colaboratori importan\u021bi ai lui Maduro.<\/p>\n<p id=\"p-6\">\u00cen acela\u0219i timp, Maduro continu\u0103 s\u0103 aib\u0103 sus\u021bin\u0103tori \u00een r\u00e2ndul componentei mai radicale a fostului regim, care prive\u0219te cu ostilitate influen\u021ba Statelor Unite asupra Venezuelei. Astfel, imaginile \u00een care Maduro apare s\u0103n\u0103tos \u0219i z\u00e2mbitor pot avea o important\u0103 component\u0103 politic\u0103 \u0219i de imagine.<\/p>\n<p id=\"p-7\">Sursa citat\u0103 noteaz\u0103 c\u0103 r\u0103sp\u00e2ndirea unor asemenea fotografii ar putea fi \u00een interesul guvernului Rodr\u00edguez \u0219i, implicit, al Statelor Unite, dac\u0103 scopul este transmiterea mesajului c\u0103 <a href=\"https:\/\/www.mediafax.ro\/externe\/venezuela-il-abandoneaza-pe-nicolas-maduro-aflat-in-detentie-in-sua-l-au-sters-din-istorie-23792733\">fostul pre\u0219edinte<\/a> se afl\u0103 \u00eentr-o stare bun\u0103. Deocamdat\u0103 nu este clar cine a realizat fotografiile, unde au fost f\u0103cute \u0219i de ce au fost publicate la mai mult timp dup\u0103 data \u00eenscris\u0103 pe ele.<\/p>\n","protected":false},"excerpt":{"rendered":"<p>Cele dou\u0103 imagini au fost publicate pe conturile oficiale ale lui Maduro \u0219i sunt datate 25 iunie, \u00eens\u0103 apar abia acum, la aproape opt luni dup\u0103 capturarea acestuia de c\u0103tre &hellip; <a href=\"https:\/\/microscopemedia.com\/?p=710819\" class=\"more-link\">Read More<\/a><\/p>\n","protected":false},"author":1,"featured_media":710820,"comment_status":"closed","ping_status":"closed","sticky":false,"template":"Default","format":"standard","meta":[],"categories":[1],"tags":[],"_links":{"self":[{"href":"https:\/\/microscopemedia.com\/index.php?rest_route=\/wp\/v2\/posts\/710819"}],"collection":[{"href":"https:\/\/microscopemedia.com\/index.php?rest_route=\/wp\/v2\/posts"}],"about":[{"href":"https:\/\/microscopemedia.com\/index.php?rest_route=\/wp\/v2\/types\/post"}],"author":[{"embeddable":true,"href":"https:\/\/microscopemedia.com\/index.php?rest_route=\/wp\/v2\/users\/1"}],"replies":[{"embeddable":true,"href":"https:\/\/microscopemedia.com\/index.php?rest_route=%2Fwp%2Fv2%2Fcomments&post=710819"}],"version-history":[{"count":0,"href":"https:\/\/microscopemedia.com\/index.php?rest_route=\/wp\/v2\/posts\/710819\/revisions"}],"wp:featuredmedia":[{"embeddable":true,"href":"https:\/\/microscopemedia.com\/index.php?rest_route=\/wp\/v2\/media\/710820"}],"wp:attachment":[{"href":"https:\/\/microscopemedia.com\/index.php?rest_route=%2Fwp%2Fv2%2Fmedia&parent=710819"}],"wp:term":[{"taxonomy":"category","embeddable":true,"href":"https:\/\/microscopemedia.com\/index.php?rest_route=%2Fwp%2Fv2%2Fcategories&post=710819"},{"taxonomy":"post_tag","embeddable":true,"href":"https:\/\/microscopemedia.com\/index.php?rest_route=%2Fwp%2Fv2%2Ftags&post=710819"}],"curies":[{"name":"wp","href":"https:\/\/api.w.org\/{rel}","templated":true}]}}