{"id":710829,"date":"2026-08-31T05:47:03","date_gmt":"2026-08-31T05:47:03","guid":{"rendered":"https:\/\/microscopemedia.com\/?p=710829"},"modified":"2026-08-31T05:47:03","modified_gmt":"2026-08-31T05:47:03","slug":"mihai-fifor-ii-raspunde-lui-dominic-fritz-timisoara-nu-incepe-cu-tine-si-nu-se-termina-cu-tine","status":"publish","type":"post","link":"https:\/\/microscopemedia.com\/?p=710829","title":{"rendered":"Mihai Fifor \u00eei r\u0103spunde lui Dominic Fritz: Timi\u0219oara nu \u00eencepe cu tine \u0219i nu se termin\u0103 cu tine"},"content":{"rendered":"<div class=\"sgb-google-buttons\">\n<div class=\"display-flex justify-center google-logo\"><img decoding=\"async\" loading=\"lazy\" class=\"mg-x-auto\" width=\"30\" height=\"30\" src=\"https:\/\/microscopemedia.com\/wp-content\/uploads\/2026\/08\/mihai-fifor-ii-raspunde-lui-dominic-fritz-timisoara-nu-incepe-cu-tine-si-nu-se-termina-cu-tine.png\" alt><\/div>\n<\/p><\/div>\n<p class=\"PDq2pG_selectionAnchorContainer\" data-start=\"79\" data-end=\"476\" id=\"p-0\">Fifor \u00eel acuz\u0103 pe Fritz c\u0103 folose\u0219te simbolul ora\u0219ului pentru a se ap\u0103ra de consecin\u021bele unei situa\u021bii juridice \u0219i \u00eei repro\u0219eaz\u0103 c\u0103 nu ar avea dreptul s\u0103 vorbeasc\u0103 \u00een numele Timi\u0219oarei.<\/p>\n<p data-start=\"478\" data-end=\"633\" id=\"p-1\">Fifor \u00ee\u0219i \u00eencepe mesajul cu o serie de \u00eentreb\u0103ri adresate lui Dominic Fritz, raport\u00e2ndu-se la Revolu\u021bia din decembrie 1989 \u0219i la victimele de la Timi\u0219oara.<\/p>\n<p data-start=\"635\" data-end=\"866\" id=\"p-2\">\u201eUnde erai, Dominic Fritz, c\u00e2nd colegii no\u0219tri, prietenii no\u0219tri erau \u00eenchi\u0219i la Popa \u0218apc\u0103 pentru c\u0103, \u00een 16 decembrie 1989, avuseser\u0103 curajul s\u0103 ias\u0103 din c\u0103mine \u0219i s\u0103 se ridice \u00eempotriva unui regim criminal?\u201d, scrie deputatul PSD.<\/p>\n<p data-start=\"868\" data-end=\"993\" id=\"p-3\">Acesta aminte\u0219te \u0219i victimele Revolu\u021biei de la Timi\u0219oara, precum \u0219i protestele care au urmat dup\u0103 c\u0103derea regimului comunist.<\/p>\n<p data-start=\"995\" data-end=\"1171\" id=\"p-4\">\u201eUnde erai c\u00e2nd oamenii mureau \u00eempu\u0219ca\u021bi pe sc\u0103rile Catedralei? Unde erai c\u00e2nd se tr\u0103gea \u00een oameni \u00een ora\u0219ul care avea s\u0103 devin\u0103 simbolul libert\u0103\u021bii Rom\u00e2niei?\u201d, continu\u0103 Fifor.<\/p>\n<p data-start=\"1173\" data-end=\"1346\" id=\"p-5\">Deputatul afirm\u0103 c\u0103 Fritz se afla \u00een Germania de Vest \u00een timpul Revolu\u021biei \u0219i sus\u021bine c\u0103 acesta a ajuns ulterior s\u0103 foloseasc\u0103 simbolurile Timi\u0219oarei \u00een cariera sa politic\u0103.<\/p>\n<p data-start=\"1348\" data-end=\"1579\" id=\"p-6\">\u201e\u0218tim unde erai. Aveai aproape \u0219ase ani \u0219i erai bine-mersi \u00een Germania de Vest, \u00eentr-o \u021bar\u0103 liber\u0103 \u0219i democratic\u0103, \u00een timp ce la Timi\u0219oara oameni mureau lupt\u00e2nd cu demnitate pentru libertatea pe care tu o aveai deja\u201d, afirm\u0103 Fifor.<\/p>\n<p data-start=\"1581\" data-end=\"1744\" id=\"p-7\">\u00cen mesajul s\u0103u, parlamentarul PSD face referire \u0219i la perioada de dup\u0103 Revolu\u021bie, inclusiv la lupta pentru respectarea idealurilor din Proclama\u021bia de la Timi\u0219oara.<\/p>\n<p data-start=\"1746\" data-end=\"1934\" id=\"p-8\">\u201e\u0218i unde erai \u00een to\u021bi anii fr\u0103m\u00e2nta\u021bi de dup\u0103 Revolu\u021bie, Fritz? Unde erai c\u00e2nd Timi\u0219oara \u00ee\u0219i pl\u00e2ngea mor\u021bii, c\u00e2nd \u00eencerca s\u0103 afle cine a tras \u0219i cine trebuie s\u0103 r\u0103spund\u0103?\u201d, \u00eentreab\u0103 Fifor.<\/p>\n<h2 data-start=\"1936\" data-end=\"2052\" id=\"chapter-0\">Fifor: \u201eTimi\u0219oara nu \u00eencepe cu tine \u0219i nu se termin\u0103 cu tine\u201d<\/h2>\n<p data-start=\"1936\" data-end=\"2052\" id=\"p-9\">El sus\u021bine c\u0103 Dominic Fritz nu poate revendica simbolul Timi\u0219oarei \u0219i \u00eel acuz\u0103 c\u0103 s-ar fi folosit politic de acesta.<\/p>\n<p data-start=\"2054\" data-end=\"2240\" id=\"p-10\">\u201eTe-ai c\u0103\u021b\u0103rat oportunist pe un val \u0219i ai ajuns primar. Foarte bine. Dar Timi\u0219oara nu \u00eencepe cu tine \u0219i nu se termin\u0103 cu tine. \u0218i, mai ales, tu NU e\u0219ti Timi\u0219oara!\u201d, afirm\u0103 deputatul PSD.<\/p>\n<p data-start=\"2242\" data-end=\"2407\" id=\"p-11\">Fifor \u00eel atac\u0103 apoi pe Fritz \u00een leg\u0103tur\u0103 cu situa\u021bia juridic\u0103 pe care o invoc\u0103 \u00een mesaj \u0219i cu legea despre care primarul Timi\u0219oarei a spus c\u0103 ar fi \u201eanti-Timi\u0219oara\u201d.<\/p>\n<p data-start=\"2409\" data-end=\"2651\" id=\"p-12\">\u201eCum \u00ee\u021bi permi\u021bi tu, ast\u0103zi, s\u0103 vii s\u0103 spui c\u0103 cineva \u00een \u021bara asta face o \u00ablege anti-Timi\u0219oara\u00bb?\u201d, scrie Fifor, care \u00eel acuz\u0103 pe edil c\u0103 \u00eencearc\u0103 s\u0103 transforme propria situa\u021bie \u00eentr-un conflict \u00eentre institu\u021biile statului \u0219i ora\u0219ul Timi\u0219oara.<\/p>\n<p data-start=\"2653\" data-end=\"2862\" id=\"p-13\">Deputatul PSD sus\u021bine c\u0103 Fritz le-ar fi cerut timi\u0219orenilor voturile \u00een numele integrit\u0103\u021bii \u0219i respect\u0103rii legii, iar ulterior ar fi \u00eenc\u0103lcat tocmai principiile pe care le-ar fi invocat \u00een campania electoral\u0103.<\/p>\n<p data-start=\"2864\" data-end=\"2975\" id=\"p-14\">\u201eA\u0219a c\u0103 nu legea \u00abscuip\u0103\u00bb pe voturile timi\u0219orenilor, Fritz. Tu ai scuipat pe voturile lor\u201d, afirm\u0103 Mihai Fifor.<\/p>\n<p data-start=\"2977\" data-end=\"3169\" id=\"p-15\">\u00cen continuare, parlamentarul \u00eel acuz\u0103 pe Fritz de \u201edubl\u0103 m\u0103sur\u0103\u201d \u0219i \u201eipocrizie\u201d, sus\u021bin\u00e2nd c\u0103 primarul ar \u00eencerca s\u0103 se ascund\u0103 \u00een spatele Timi\u0219oarei pentru a evita asumarea responsabilit\u0103\u021bii.<\/p>\n<p data-start=\"3171\" data-end=\"3430\" id=\"p-16\">\u201e\u00cen loc s\u0103 r\u0103spunzi pentru propriile fapte, te ascunzi \u00een spatele Timi\u0219oarei. \u00ce\u021bi transformi propria situa\u021bie juridic\u0103 \u00eentr-un atac asupra unui ora\u0219 \u00eentreg. \u00ce\u021bi transformi func\u021bia \u00eentr-un scut \u0219i Timi\u0219oara \u00eentr-un argument de ap\u0103rare personal\u0103\u201d, afirm\u0103 Fifor.<\/p>\n<p data-start=\"3432\" data-end=\"3568\" id=\"p-17\">Deputatul face referire \u0219i la jur\u0103m\u00e2ntul depus de Fritz la preluarea func\u021biei \u0219i sus\u021bine c\u0103 primarul ar fi \u00eenc\u0103lcat obliga\u021biile asumate.<\/p>\n<p data-start=\"3570\" data-end=\"3767\" id=\"p-18\">\u201eAi jurat credin\u021b\u0103 Rom\u00e2niei. Ai jurat s\u0103 fii devotat patriei \u0219i poporului rom\u00e2n. Ai jurat s\u0103 respec\u021bi Constitu\u021bia \u0219i legile Rom\u00e2niei. Ai jurat s\u0103 fii un bun rom\u00e2n. \u0218i ai jurat str\u00e2mb\u201d, scrie Fifor.<\/p>\n<h2 data-start=\"3769\" data-end=\"3901\" id=\"chapter-1\">Mesajul lui Fifor: \u201eNu tu e\u0219ti Timi\u0219oara\u201d<\/h2>\n<p data-start=\"3769\" data-end=\"3901\" id=\"p-19\">Mesajul se \u00eencheie \u00eentr-o not\u0103 extrem de dur\u0103, deputatul PSD afirm\u00e2nd c\u0103 Fritz este \u201eo ru\u0219ine pentru Timi\u0219oara \u0219i pentru \u021bara asta\u201d.<\/p>\n<p data-start=\"3903\" data-end=\"4036\" id=\"p-20\">\u201e\u0218i \u021bi-o spune unul care a fost \u00een strad\u0103 \u00een \u201989. \u0218i \u00een \u201990. Unul ai c\u0103rui prieteni au fost uci\u0219i la Timi\u0219oara\u201d, sus\u021bine Mihai Fifor.<\/p>\n<p data-start=\"4038\" data-end=\"4158\" id=\"p-21\">\u201eNu tu e\u0219ti Timi\u0219oara, Fritz! Bag\u0103 bine la cap lucrul \u0103sta!!!\u201d, este mesajul cu care deputatul PSD \u00ee\u0219i \u00eencheie postarea.<\/p>\n","protected":false},"excerpt":{"rendered":"<p>Fifor \u00eel acuz\u0103 pe Fritz c\u0103 folose\u0219te simbolul ora\u0219ului pentru a se ap\u0103ra de consecin\u021bele unei situa\u021bii juridice \u0219i \u00eei repro\u0219eaz\u0103 c\u0103 nu ar avea dreptul s\u0103 vorbeasc\u0103 \u00een numele &hellip; <a href=\"https:\/\/microscopemedia.com\/?p=710829\" class=\"more-link\">Read More<\/a><\/p>\n","protected":false},"author":1,"featured_media":710830,"comment_status":"closed","ping_status":"closed","sticky":false,"template":"Default","format":"standard","meta":[],"categories":[1],"tags":[],"_links":{"self":[{"href":"https:\/\/microscopemedia.com\/index.php?rest_route=\/wp\/v2\/posts\/710829"}],"collection":[{"href":"https:\/\/microscopemedia.com\/index.php?rest_route=\/wp\/v2\/posts"}],"about":[{"href":"https:\/\/microscopemedia.com\/index.php?rest_route=\/wp\/v2\/types\/post"}],"author":[{"embeddable":true,"href":"https:\/\/microscopemedia.com\/index.php?rest_route=\/wp\/v2\/users\/1"}],"replies":[{"embeddable":true,"href":"https:\/\/microscopemedia.com\/index.php?rest_route=%2Fwp%2Fv2%2Fcomments&post=710829"}],"version-history":[{"count":0,"href":"https:\/\/microscopemedia.com\/index.php?rest_route=\/wp\/v2\/posts\/710829\/revisions"}],"wp:featuredmedia":[{"embeddable":true,"href":"https:\/\/microscopemedia.com\/index.php?rest_route=\/wp\/v2\/media\/710830"}],"wp:attachment":[{"href":"https:\/\/microscopemedia.com\/index.php?rest_route=%2Fwp%2Fv2%2Fmedia&parent=710829"}],"wp:term":[{"taxonomy":"category","embeddable":true,"href":"https:\/\/microscopemedia.com\/index.php?rest_route=%2Fwp%2Fv2%2Fcategories&post=710829"},{"taxonomy":"post_tag","embeddable":true,"href":"https:\/\/microscopemedia.com\/index.php?rest_route=%2Fwp%2Fv2%2Ftags&post=710829"}],"curies":[{"name":"wp","href":"https:\/\/api.w.org\/{rel}","templated":true}]}}