{"id":710837,"date":"2026-08-31T06:46:03","date_gmt":"2026-08-31T06:46:03","guid":{"rendered":"https:\/\/microscopemedia.com\/?p=710837"},"modified":"2026-08-31T06:46:03","modified_gmt":"2026-08-31T06:46:03","slug":"elisabeta-lipa-dupa-trei-medalii-de-aur-si-un-record-mondial-pentru-romania-la-campionatele-mondiale-de-canotaj-romania-a-scris-istorie","status":"publish","type":"post","link":"https:\/\/microscopemedia.com\/?p=710837","title":{"rendered":"Elisabeta Lip\u0103, dup\u0103 trei medalii de aur \u0219i un record mondial pentru Rom\u00e2nia la Campionatele Mondiale de Canotaj: Rom\u00e2nia a scris istorie"},"content":{"rendered":"<div class=\"sgb-google-buttons\">\n<div class=\"display-flex justify-center google-logo\"><img decoding=\"async\" loading=\"lazy\" class=\"mg-x-auto\" width=\"30\" height=\"30\" src=\"https:\/\/microscopemedia.com\/wp-content\/uploads\/2026\/08\/elisabeta-lipa-dupa-trei-medalii-de-aur-si-un-record-mondial-pentru-romania-la-campionatele-mondiale-de-canotaj-romania-a-scris-istorie.png\" alt><\/div>\n<\/p><\/div>\n<p class=\"PDq2pG_selectionAnchorContainer\" data-start=\"140\" data-end=\"443\" id=\"p-0\">Pre\u0219edinta Federa\u021biei Rom\u00e2ne de Canotaj, Elisabeta Lip\u0103, a transmis un mesaj de felicitare pentru sportivii rom\u00e2ni dup\u0103 rezultatele ob\u021binute la Campionatele Mondiale de Canotaj de la Amsterdam. Rom\u00e2nia a \u00eencheiat competi\u021bia cu trei medalii de aur, un record mondial \u0219i locul 4 \u00een clasamentul pe medalii.<\/p>\n<div class=\"single__inline-gallery color-white mg-bottom-20 bg-black padding-5 md:rounded-10\">\n<div class=\"md:rounded-5 display-grid xs:grid-cols-2 grid-cols-3 gap-5\">\n<div class=\"single__inline-gallery-image relative column-span-2 row-span-2\">\n                <a href=\"https:\/\/www.mediafax.ro\/poze\/elisabeta-lipa-dupa-trei-medalii-de-aur-si-un-record-mondial-pentru-romania-la-campionatele-mondiale-de-canotaj-romania-a-scris-istorie-23798932\"><br \/>\n                    <img decoding=\"async\" loading=\"lazy\" src=\"https:\/\/microscopemedia.com\/wp-content\/uploads\/2026\/08\/elisabeta-lipa-dupa-trei-medalii-de-aur-si-un-record-mondial-pentru-romania-la-campionatele-mondiale-de-canotaj-romania-a-scris-istorie.jpg\" width=\"700\" height=\"450\"><br \/>\n                <\/a>\n                            <\/div>\n<div class=\"single__inline-gallery-image relative \">\n                <a href=\"https:\/\/www.mediafax.ro\/poze\/elisabeta-lipa-dupa-trei-medalii-de-aur-si-un-record-mondial-pentru-romania-la-campionatele-mondiale-de-canotaj-romania-a-scris-istorie-23798932\"><br \/>\n                    <img decoding=\"async\" loading=\"lazy\" src=\"https:\/\/microscopemedia.com\/wp-content\/uploads\/2026\/08\/elisabeta-lipa-dupa-trei-medalii-de-aur-si-un-record-mondial-pentru-romania-la-campionatele-mondiale-de-canotaj-romania-a-scris-istorie-1.jpg\" width=\"700\" height=\"450\"><br \/>\n                <\/a>\n                            <\/div>\n<\/p><\/div>\n<\/p><\/div>\n<p class=\"PDq2pG_selectionAnchorContainer\" data-start=\"641\" data-end=\"852\" id=\"p-1\">\u201eSunt emo\u021bii pe care cu greu le po\u021bi pune \u00een cuvinte. Emo\u021bii pe care, poate, le-am mai tr\u0103it cu o asemenea intensitate doar atunci c\u00e2nd eu \u00eens\u0103mi urcam pe podium \u0219i vedeam Tricolorul ridic\u00e2ndu-se pentru Rom\u00e2nia. A\u0219a am tr\u0103it acest weekend. Cu sufletul la gur\u0103. Cu pumnii str\u00e2n\u0219i. Cu speran\u021b\u0103 p\u00e2n\u0103 la ultima lovitur\u0103. De la agonie la extaz. Iar la final, o imens\u0103 m\u00e2ndrie: Rom\u00e2nia pleac\u0103 de la Campionatele Mondiale de Canotaj de la Amsterdam cu trei medalii de aur, un record mondial \u0219i o performan\u021b\u0103 care va r\u0103m\u00e2ne \u00een istoria canotajului!\u201d, a scris Elisabeta Lip\u0103 pe Facebook.<\/p>\n<p class=\"PDq2pG_selectionAnchorContainer\" data-start=\"1222\" data-end=\"1379\" id=\"p-2\"><strong>Primul<\/strong> titlu mondial a fost c\u00e2\u0219tigat de Simona Radi\u0219 \u0219i Adriana Adam, \u00een proba de dublu rame feminin (W2-). Cele dou\u0103 au \u00eencheiat cursa cu timpul de 6:49.86.<\/p>\n<p data-start=\"1381\" data-end=\"1605\" id=\"p-3\"><strong>Al doilea<\/strong> aur a venit \u00een proba de 8+1 feminin (W8+), unde au concurat Cristina Drug\u0103, Geanina Juncanariu, Ancu\u021ba Bodnar, Maria Lehaci, Magdalena Rusu, Amalia Chelaru, Adriana Adam, Simona Radi\u0219 \u0219i Victoria Petreanu, c\u00e2rmaci.<\/p>\n<p data-start=\"1607\" data-end=\"1680\" id=\"p-4\">Echipajul Rom\u00e2niei a stabilit \u0219i un record mondial, cu timpul de 5:51.88. \u201eUn timp care de acum \u00eenainte va purta \u00een dreptul lui numele ROM\u00c2NIEI\u201d, a transmis Elisabeta Lip\u0103.<\/p>\n<p data-start=\"1607\" data-end=\"1680\" id=\"p-5\">Rom\u00e2nia a c\u00e2\u0219tigat <strong>al treilea<\/strong> aur \u00een proba de 8+1 mixt (Mix8+), unde au concurat Cristina Drug\u0103, Amalia Chelaru, Adriana Adam, Florin Lehaci, Cosmin Iulian Ple\u0219escu, Ciprian Tudos\u0103, \u0218tefan Berariu, Simona Radi\u0219 \u0219i Victoria Petreanu, c\u00e2rmaci. Echipajul a \u00eencheiat cursa cu timpul de 5:35.75.<\/p>\n<p class=\"PDq2pG_selectionAnchorContainer\" data-start=\"2226\" data-end=\"2479\" id=\"p-6\">\u201eSimona Radi\u0219 \u0219i Adriana Adam au reu\u0219it ceva cu adev\u0103rat extraordinar: trei titluri mondiale la aceea\u0219i edi\u021bie a Campionatelor Mondiale, o performan\u021b\u0103 istoric\u0103! Trei curse de aur. Trei momente \u00een care Tricolorul a fost dus pe cea mai \u00eenalt\u0103 treapt\u0103. Sunt tare m\u00e2ndr\u0103 de voi! \u0218tiu c\u00e2t a\u021bi muncit pentru aceste rezultate. \u0218tiu c\u00e2te ore de antrenament sunt \u00een spatele unei curse de c\u00e2teva minute. \u0218tiu c\u00e2te sacrificii, c\u00e2te dimine\u021bi grele, c\u00e2t\u0103 oboseal\u0103 \u0219i c\u00e2t\u0103 disciplin\u0103 se ascund \u00een spatele unei medalii\u201d, a scris pre\u0219edinta Federa\u021biei Rom\u00e2ne de Canotaj.<\/p>\n<p data-start=\"2226\" data-end=\"2479\" id=\"p-7\">Ea a avut un mesaj \u0219i pentru sportivii rom\u00e2ni care nu au reu\u0219it s\u0103 urce pe podium, preciz\u00e2nd c\u0103 o \u201eclasare nu poate m\u0103sura \u00eentotdeauna munca unui sportiv\u201d.<\/p>\n<p class=\"PDq2pG_selectionAnchorContainer\" data-start=\"3062\" data-end=\"3336\" id=\"p-8\">\u201eDar ast\u0103zi vreau s\u0103 \u00eei felicit din tot sufletul \u0219i pe cei care nu au reu\u0219it s\u0103 urce pe podium. Pe cei care au terminat la un singur loc de medalie, pe cei care au luptat \u00een fiecare curs\u0103 \u0219i pe to\u021bi cei care au reprezentat Rom\u00e2nia cu demnitate la aceste Campionate Mondiale. O clasare nu poate m\u0103sura \u00eentotdeauna munca unui sportiv. Iar locul 4, at\u00e2t de aproape de podium, poate s\u0103 doar\u0103 enorm. Dar \u0219tiu c\u0103 tocmai astfel de momente cl\u0103desc marii campioni. S\u0103 nu uita\u021bi nicio clip\u0103 c\u00e2t valoreaz\u0103 drumul vostru \u0219i c\u00e2t\u0103 m\u00e2ndrie ne aduce\u021bi prin felul \u00een care lupta\u021bi pentru Rom\u00e2nia\u201d, a transmis Elisabeta Lip\u0103.<\/p>\n<p data-start=\"3062\" data-end=\"3336\" id=\"p-9\">Pre\u0219edinta Federa\u021biei le-a mul\u021bumit sportivilor pentru efortul depus, dar \u0219i antrenorilor, staffului medical, colegilor din Federa\u021bia Rom\u00e2n\u0103 de Canotaj, partenerilor \u0219i jurnali\u0219tilor care au contribuit la parcursul echipei.<\/p>\n<p class=\"PDq2pG_selectionAnchorContainer\" data-start=\"3896\" data-end=\"4034\" id=\"p-10\">\u201eV\u0103 mul\u021bumesc vou\u0103, sportivilor, pentru devotament, pentru sacrificii \u0219i pentru fiecare strop de energie l\u0103sat pe ap\u0103 pentru aceast\u0103 \u021bar\u0103. Le mul\u021bumesc antrenorilor, care v-au fost al\u0103turi zi dup\u0103 zi, staff-ului medical, colegilor din Federa\u021bia Rom\u00e2n\u0103 de Canotaj, partenerilor, jurnali\u0219tilor \u0219i tuturor celor care, departe de lumina reflectoarelor, au contribuit la aceste rezultate extraordinare\u201d, a mai scris Lip\u0103.<\/p>\n<p class=\"PDq2pG_selectionAnchorContainer\" data-start=\"5016\" data-end=\"5268\" id=\"p-11\">\u201eRom\u00e2nia \u00eencheie Campionatele Mondiale cu trei titluri mondiale, un record mondial \u0219i locul 4 \u00een clasamentul pe medalii. Dar dincolo de cifre, r\u0103m\u00e2ne ceva mult mai puternic: imaginea unor sportivi care au luptat p\u00e2n\u0103 la ultima lovitur\u0103 pentru \u021bara lor.\u201d, a mai precizat ea.<\/p>\n","protected":false},"excerpt":{"rendered":"<p>Pre\u0219edinta Federa\u021biei Rom\u00e2ne de Canotaj, Elisabeta Lip\u0103, a transmis un mesaj de felicitare pentru sportivii rom\u00e2ni dup\u0103 rezultatele ob\u021binute la Campionatele Mondiale de Canotaj de la Amsterdam. Rom\u00e2nia a \u00eencheiat &hellip; <a href=\"https:\/\/microscopemedia.com\/?p=710837\" class=\"more-link\">Read More<\/a><\/p>\n","protected":false},"author":1,"featured_media":710838,"comment_status":"closed","ping_status":"closed","sticky":false,"template":"Default","format":"standard","meta":[],"categories":[1],"tags":[],"_links":{"self":[{"href":"https:\/\/microscopemedia.com\/index.php?rest_route=\/wp\/v2\/posts\/710837"}],"collection":[{"href":"https:\/\/microscopemedia.com\/index.php?rest_route=\/wp\/v2\/posts"}],"about":[{"href":"https:\/\/microscopemedia.com\/index.php?rest_route=\/wp\/v2\/types\/post"}],"author":[{"embeddable":true,"href":"https:\/\/microscopemedia.com\/index.php?rest_route=\/wp\/v2\/users\/1"}],"replies":[{"embeddable":true,"href":"https:\/\/microscopemedia.com\/index.php?rest_route=%2Fwp%2Fv2%2Fcomments&post=710837"}],"version-history":[{"count":0,"href":"https:\/\/microscopemedia.com\/index.php?rest_route=\/wp\/v2\/posts\/710837\/revisions"}],"wp:featuredmedia":[{"embeddable":true,"href":"https:\/\/microscopemedia.com\/index.php?rest_route=\/wp\/v2\/media\/710838"}],"wp:attachment":[{"href":"https:\/\/microscopemedia.com\/index.php?rest_route=%2Fwp%2Fv2%2Fmedia&parent=710837"}],"wp:term":[{"taxonomy":"category","embeddable":true,"href":"https:\/\/microscopemedia.com\/index.php?rest_route=%2Fwp%2Fv2%2Fcategories&post=710837"},{"taxonomy":"post_tag","embeddable":true,"href":"https:\/\/microscopemedia.com\/index.php?rest_route=%2Fwp%2Fv2%2Ftags&post=710837"}],"curies":[{"name":"wp","href":"https:\/\/api.w.org\/{rel}","templated":true}]}}