{"id":710843,"date":"2026-08-31T07:26:03","date_gmt":"2026-08-31T07:26:03","guid":{"rendered":"https:\/\/microscopemedia.com\/?p=710843"},"modified":"2026-08-31T07:26:03","modified_gmt":"2026-08-31T07:26:03","slug":"nicusor-dan-mesaj-de-ziua-limbii-romane-pentru-prima-data-aniversam-impreuna-in-trei-tari-romania-republica-moldova-si-ucraina","status":"publish","type":"post","link":"https:\/\/microscopemedia.com\/?p=710843","title":{"rendered":"Nicu\u0219or Dan, mesaj de Ziua Limbii Rom\u00e2ne: Pentru prima dat\u0103 anivers\u0103m \u00eempreun\u0103 \u00een trei \u021b\u0103ri, Rom\u00e2nia, Republica Moldova \u0219i Ucraina"},"content":{"rendered":"<div readability=\"31.776657824934\">\n<div class=\"sgb-google-buttons\">\n<div class=\"display-flex justify-center google-logo\"><img decoding=\"async\" loading=\"lazy\" class=\"mg-x-auto\" width=\"30\" height=\"30\" src=\"https:\/\/microscopemedia.com\/wp-content\/uploads\/2026\/08\/nicusor-dan-mesaj-de-ziua-limbii-romane-pentru-prima-data-aniversam-impreuna-in-trei-tari-romania-republica-moldova-si-ucraina.png\" alt><\/div>\n<\/p><\/div>\n<p id=\"p-0\">Pre\u0219edintele Rom\u00e2niei, Nicu\u0219or Dan, a transmis luni un mesaj cu ocazia Zilei Limbii Rom\u00e2ne, preciz\u00e2nd c\u0103 limba \u0219i cultura rom\u00e2n\u0103 trebuie s\u0103 fie s\u0103rb\u0103torite \u00een cel mai bun mod \u0219i c\u0103, \u00eencep\u00e2nd din acest an, ziua este marcat\u0103 \u00eempreun\u0103 \u00een Rom\u00e2nia, Republica Moldova \u0219i Ucraina.<\/p>\n<p id=\"p-1\">\u201eAst\u0103zi s\u0103rb\u0103torim Ziua Limbii Rom\u00e2ne, \u00eentr-un moment cu o semnifica\u021bie aparte: pentru prima dat\u0103 anivers\u0103m \u00eempreun\u0103 \u00een trei \u021b\u0103ri, Rom\u00e2nia, Republica Moldova \u0219i Ucraina\u201d, a transmis Nicu\u0219or Dan.<\/p>\n<p id=\"p-2\">Pre\u0219edintele a declarat c\u0103 \u201eprotejarea drepturilor rom\u00e2nilor de pretutindeni \u0219i promovarea limbii \u0219i culturii noastre r\u0103m\u00e2n obiective esen\u021biale ale statului rom\u00e2n dincolo de grani\u021be\u201d.<\/p>\n<p id=\"p-3\">Despre limba rom\u00e2n\u0103, Nicu\u0219or Dan a precizat c\u0103&nbsp;rolul s\u0103u este foarte important \u00een p\u0103strarea leg\u0103turilor istorice \u0219i culturale dintre comunit\u0103\u021bile rom\u00e2ne\u0219ti.<\/p>\n<p id=\"p-4\">\u201eSuntem uni\u021bi de acest liant valoros al limbii rom\u00e2ne, care ne ancoreaz\u0103 \u00een istorie \u0219i ne deschide viitorul. La mul\u021bi ani Limbii Rom\u00e2ne \u0219i tuturor celor care o vorbesc, o scriu \u0219i o p\u0103streaz\u0103 vie!\u201d, a mai transmis pre\u0219edintele Rom\u00e2niei.<\/p>\n<p id=\"p-5\">Ziua Limbii Rom\u00e2ne este s\u0103rb\u0103torit\u0103 anual pe data de 31 august. \u00cen acest an, Ucraina marcheaz\u0103 oficial pentru prima dat\u0103 aceast\u0103 zi, dup\u0103 ce pre\u0219edintele Volodimir Zelenski a semnat decretul privind instituirea Zilei Limbii Rom\u00e2ne \u00een Ucraina.<\/p>\n<\/p><\/div>\n","protected":false},"excerpt":{"rendered":"<p>Pre\u0219edintele Rom\u00e2niei, Nicu\u0219or Dan, a transmis luni un mesaj cu ocazia Zilei Limbii Rom\u00e2ne, preciz\u00e2nd c\u0103 limba \u0219i cultura rom\u00e2n\u0103 trebuie s\u0103 fie s\u0103rb\u0103torite \u00een cel mai bun mod \u0219i &hellip; <a href=\"https:\/\/microscopemedia.com\/?p=710843\" class=\"more-link\">Read More<\/a><\/p>\n","protected":false},"author":1,"featured_media":710844,"comment_status":"closed","ping_status":"closed","sticky":false,"template":"Default","format":"standard","meta":[],"categories":[1],"tags":[],"_links":{"self":[{"href":"https:\/\/microscopemedia.com\/index.php?rest_route=\/wp\/v2\/posts\/710843"}],"collection":[{"href":"https:\/\/microscopemedia.com\/index.php?rest_route=\/wp\/v2\/posts"}],"about":[{"href":"https:\/\/microscopemedia.com\/index.php?rest_route=\/wp\/v2\/types\/post"}],"author":[{"embeddable":true,"href":"https:\/\/microscopemedia.com\/index.php?rest_route=\/wp\/v2\/users\/1"}],"replies":[{"embeddable":true,"href":"https:\/\/microscopemedia.com\/index.php?rest_route=%2Fwp%2Fv2%2Fcomments&post=710843"}],"version-history":[{"count":0,"href":"https:\/\/microscopemedia.com\/index.php?rest_route=\/wp\/v2\/posts\/710843\/revisions"}],"wp:featuredmedia":[{"embeddable":true,"href":"https:\/\/microscopemedia.com\/index.php?rest_route=\/wp\/v2\/media\/710844"}],"wp:attachment":[{"href":"https:\/\/microscopemedia.com\/index.php?rest_route=%2Fwp%2Fv2%2Fmedia&parent=710843"}],"wp:term":[{"taxonomy":"category","embeddable":true,"href":"https:\/\/microscopemedia.com\/index.php?rest_route=%2Fwp%2Fv2%2Fcategories&post=710843"},{"taxonomy":"post_tag","embeddable":true,"href":"https:\/\/microscopemedia.com\/index.php?rest_route=%2Fwp%2Fv2%2Ftags&post=710843"}],"curies":[{"name":"wp","href":"https:\/\/api.w.org\/{rel}","templated":true}]}}