{"id":710845,"date":"2026-08-31T07:37:03","date_gmt":"2026-08-31T07:37:03","guid":{"rendered":"https:\/\/microscopemedia.com\/?p=710845"},"modified":"2026-08-31T07:37:03","modified_gmt":"2026-08-31T07:37:03","slug":"de-ce-sarbatorim-ziua-limbii-romane-pe-31-august-ce-s-a-intamplat-la-chisinau-in-1989","status":"publish","type":"post","link":"https:\/\/microscopemedia.com\/?p=710845","title":{"rendered":"De ce s\u0103rb\u0103torim Ziua Limbii Rom\u00e2ne pe 31 august. Ce s-a \u00eent\u00e2mplat la Chi\u0219in\u0103u \u00een 1989"},"content":{"rendered":"<div class=\"sgb-google-buttons\">\n<div class=\"display-flex justify-center google-logo\"><img decoding=\"async\" loading=\"lazy\" class=\"mg-x-auto\" width=\"30\" height=\"30\" src=\"https:\/\/microscopemedia.com\/wp-content\/uploads\/2026\/08\/de-ce-sarbatorim-ziua-limbii-romane-pe-31-august-ce-s-a-intamplat-la-chisinau-in-1989.png\" alt><\/div>\n<\/p><\/div>\n<p id=\"p-0\">Ziua Limbii Rom\u00e2ne este s\u0103rb\u0103torit\u0103 \u00een fiecare an pe 31 august.<\/p>\n<p id=\"p-1\">Data de 31 august este legat\u0103 de mi\u0219carea de rena\u0219tere na\u021bional\u0103 din Republica Moldova de la sf\u00e2r\u0219itul anilor \u201980, c\u00e2nd una dintre principalele revendic\u0103ri ale popula\u021biei era revenirea la alfabetul latin \u0219i recunoa\u0219terea limbii rom\u00e2ne.<\/p>\n<p id=\"p-2\">La 27 august 1989, cu doar c\u00e2teva zile \u00eenaintea adopt\u0103rii legilor lingvistice, sute de mii de oameni s-au adunat la Chi\u0219in\u0103u, la Marea Adunare Na\u021bional\u0103, pentru a cere ca limba rom\u00e2n\u0103 s\u0103 devin\u0103 limb\u0103 de stat \u0219i s\u0103 se revin\u0103 la grafia latin\u0103.<\/p>\n<p id=\"p-3\">Pe 31 august 1989, Sovietul Suprem al RSS Moldovene\u0219ti a adoptat legisla\u021bia privind statutul limbii de stat \u0219i revenirea la alfabetul latin.<\/p>\n<p id=\"p-4\">Evenimentul a avut o puternic\u0103 semnifica\u021bie politic\u0103 \u0219i identitar\u0103. \u00cen perioada sovietic\u0103, limba rom\u00e2n\u0103 fusese scris\u0103 cu alfabet chirilic, iar rusa avea o pozi\u021bie dominant\u0103 \u00een administra\u021bie \u0219i \u00een mare parte din spa\u021biul public. Legile adoptate \u00een august 1989 au reprezentat una dintre cele mai importante victorii ale mi\u0219c\u0103rii de rena\u0219tere na\u021bional\u0103 din RSS Moldoveneasc\u0103.<\/p>\n<p id=\"p-5\">Din 1990, ziua de 31 august este s\u0103rb\u0103toare na\u021bional\u0103 \u00een Republica Moldova. Ini\u021bial, aceasta a fost celebrat\u0103 sub denumirea \u201eLimba noastr\u0103 cea rom\u00e2n\u0103\u201d sau \u201eZiua limbii rom\u00e2ne\u201d.<\/p>\n<p id=\"p-6\">\u00cen 1994, denumirea a fost schimbat\u0103 \u00een \u201eLimba noastr\u0103\u201d, \u00een contextul adopt\u0103rii noii Constitu\u021bii, care folosea sintagma \u201elimba moldoveneasc\u0103\u201d.<\/p>\n<p id=\"p-7\">\u00cen martie 2023, Parlamentul Republicii Moldova a decis \u00eenlocuirea sintagmei \u201elimba moldoveneasc\u0103\u201d cu \u201elimba rom\u00e2n\u0103\u201d \u00een legisla\u021bie.<\/p>\n<h2 id=\"chapter-0\">Ziua Limbii Rom\u00e2ne, s\u0103rb\u0103torit\u0103 oficial \u00een Rom\u00e2nia din 2013<\/h2>\n<p id=\"p-8\">\u00cen Rom\u00e2nia, ziua de 31 august a fost instituit\u0103 oficial drept Ziua Limbii Rom\u00e2ne \u00een 2013, prin Legea nr. 53\/2013. Propunerea legislativ\u0103 fusese ini\u021biat\u0103 \u00een 2011 de 166 de parlamentari din toate grupurile politice.<\/p>\n<p id=\"p-9\">Proiectul a fost adoptat de Senat \u00een decembrie 2011 \u0219i de Camera Deputa\u021bilor \u00een februarie 2013. Legea a fost promulgat\u0103 de pre\u0219edintele Traian B\u0103sescu la 13 martie 2013 \u0219i publicat\u0103 \u00een Monitorul Oficial la 19 martie.<\/p>\n<p id=\"p-10\">Potrivit legii, Ziua Limbii Rom\u00e2ne poate fi marcat\u0103 prin manifest\u0103ri culturale \u0219i educative organizate de autorit\u0103\u021bi \u0219i institu\u021bii publice, precum \u0219i de reprezentan\u021bele diplomatice \u0219i institutele culturale ale Rom\u00e2niei din str\u0103in\u0103tate.<\/p>\n<h2 id=\"chapter-1\">Ziua Limbii Rom\u00e2ne este s\u0103rb\u0103torit\u0103 \u00een premier\u0103 \u00een Ucraina<\/h2>\n<p id=\"p-11\">Din 2026, Ziua Limbii Rom\u00e2ne este s\u0103rb\u0103torit\u0103 oficial \u0219i \u00een Ucraina. Pre\u0219edintele Volodimir Zelenski a semnat \u00een martie un decret prin care ziua de 31 august a fost instituit\u0103 drept Ziua Limbii Rom\u00e2ne \u00een Ucraina.<\/p>\n<p id=\"p-12\">Zelenski a spus c\u0103 aceast\u0103 decizie face parte din eforturile de dezvoltare a cooper\u0103rii culturale dintre Ucraina \u0219i Rom\u00e2nia \u0219i de consolidare a respectului reciproc. \u00cen Rom\u00e2nia, Ziua Limbii Ucrainene este s\u0103rb\u0103torit\u0103 pe 9 noiembrie.<\/p>\n","protected":false},"excerpt":{"rendered":"<p>Ziua Limbii Rom\u00e2ne este s\u0103rb\u0103torit\u0103 \u00een fiecare an pe 31 august. Data de 31 august este legat\u0103 de mi\u0219carea de rena\u0219tere na\u021bional\u0103 din Republica Moldova de la sf\u00e2r\u0219itul anilor \u201980, &hellip; <a href=\"https:\/\/microscopemedia.com\/?p=710845\" class=\"more-link\">Read More<\/a><\/p>\n","protected":false},"author":1,"featured_media":710846,"comment_status":"closed","ping_status":"closed","sticky":false,"template":"Default","format":"standard","meta":[],"categories":[1],"tags":[],"_links":{"self":[{"href":"https:\/\/microscopemedia.com\/index.php?rest_route=\/wp\/v2\/posts\/710845"}],"collection":[{"href":"https:\/\/microscopemedia.com\/index.php?rest_route=\/wp\/v2\/posts"}],"about":[{"href":"https:\/\/microscopemedia.com\/index.php?rest_route=\/wp\/v2\/types\/post"}],"author":[{"embeddable":true,"href":"https:\/\/microscopemedia.com\/index.php?rest_route=\/wp\/v2\/users\/1"}],"replies":[{"embeddable":true,"href":"https:\/\/microscopemedia.com\/index.php?rest_route=%2Fwp%2Fv2%2Fcomments&post=710845"}],"version-history":[{"count":0,"href":"https:\/\/microscopemedia.com\/index.php?rest_route=\/wp\/v2\/posts\/710845\/revisions"}],"wp:featuredmedia":[{"embeddable":true,"href":"https:\/\/microscopemedia.com\/index.php?rest_route=\/wp\/v2\/media\/710846"}],"wp:attachment":[{"href":"https:\/\/microscopemedia.com\/index.php?rest_route=%2Fwp%2Fv2%2Fmedia&parent=710845"}],"wp:term":[{"taxonomy":"category","embeddable":true,"href":"https:\/\/microscopemedia.com\/index.php?rest_route=%2Fwp%2Fv2%2Fcategories&post=710845"},{"taxonomy":"post_tag","embeddable":true,"href":"https:\/\/microscopemedia.com\/index.php?rest_route=%2Fwp%2Fv2%2Ftags&post=710845"}],"curies":[{"name":"wp","href":"https:\/\/api.w.org\/{rel}","templated":true}]}}