{"id":710853,"date":"2026-08-31T08:27:03","date_gmt":"2026-08-31T08:27:03","guid":{"rendered":"https:\/\/microscopemedia.com\/?p=710853"},"modified":"2026-08-31T08:27:03","modified_gmt":"2026-08-31T08:27:03","slug":"maia-sandu-mesaj-de-ziua-limbii-romane-astazi-o-putem-vorbi-liber-fara-teama","status":"publish","type":"post","link":"https:\/\/microscopemedia.com\/?p=710853","title":{"rendered":"Maia Sandu, mesaj de Ziua Limbii Rom\u00e2ne: Ast\u0103zi o putem vorbi liber, f\u0103r\u0103 team\u0103"},"content":{"rendered":"<div class=\"sgb-google-buttons\">\n<div class=\"display-flex justify-center google-logo\"><img decoding=\"async\" loading=\"lazy\" class=\"mg-x-auto\" width=\"30\" height=\"30\" src=\"https:\/\/microscopemedia.com\/wp-content\/uploads\/2026\/08\/maia-sandu-mesaj-de-ziua-limbii-romane-astazi-o-putem-vorbi-liber-fara-teama.png\" alt><\/div>\n<\/p><\/div>\n<p id=\"p-0\">Pre\u0219edinta Republicii Moldova, Maia Sandu, a transmis, luni, pe Facebook, un mesaj cu ocazia Zilei Limbii Rom\u00e2ne.<\/p>\n<p id=\"p-1\">Lidera de la Chi\u0219in\u0103u a afirmat c\u0103 limba rom\u00e2n\u0103 reprezint\u0103 o parte esen\u021bial\u0103 a identit\u0103\u021bii \u0219i fiin\u021bei oamenilor \u0219i c\u0103 aceasta a d\u0103inuit datorit\u0103 genera\u021biilor care au p\u0103strat-o chiar \u0219i \u00een perioade marcate de interdic\u021bii \u0219i umilin\u021be.<\/p>\n<p id=\"p-2\">\u201eLimba rom\u00e2n\u0103 este parte din fiin\u021ba noastr\u0103. P\u0103rin\u021bii \u0219i bunicii no\u0219tri au continuat s\u0103 o vorbeasc\u0103 \u0219i \u00een cele mai vitrege vremuri, \u00een ciuda interdic\u021biilor \u0219i umilin\u021belor. Datorit\u0103 lor, limba rom\u00e2n\u0103 a d\u0103inuit pe aceast\u0103 bucat\u0103 de p\u0103m\u00e2nt\u201d, a scris Maia Sandu pe Facebook.<\/p>\n<p id=\"p-3\">Pre\u0219edinta Republicii Moldova a mai subliniat c\u0103 \u00een prezent, limba rom\u00e2n\u0103 poate fi vorbit\u0103 liber, f\u0103r\u0103 team\u0103, ceea ce implic\u0103 \u0219i responsabilitatea de a o proteja \u0219i de a o transmite mai departe.<\/p>\n<p id=\"p-4\">\u201eAst\u0103zi o putem vorbi liber, f\u0103r\u0103 team\u0103. Cu at\u00e2t mai mult, avem datoria s\u0103 avem grij\u0103 de ea. \u0218i, mai ales, s\u0103 le transmitem copiilor no\u0219tri dragostea pentru limba rom\u00e2n\u0103, a\u0219a cum am primit-o \u0219i noi de la cei dinaintea noastr\u0103. S\u0103 le l\u0103s\u0103m aceast\u0103 mo\u0219tenire pre\u021bioas\u0103: o limb\u0103 vie, vorbit\u0103 frumos, \u00een care s\u0103-\u0219i spun\u0103 pove\u0219tile, s\u0103-\u0219i c\u00e2nte doinele \u0219i s\u0103-\u0219i rosteasc\u0103 dorul La mul\u021bi ani, Limba Rom\u00e2n\u0103!\u201d, a spus Maia Sandu.<\/p>\n<h2 id=\"chapter-0\">31 august, Ziua Limbii Rom\u00e2ne<\/h2>\n<p id=\"p-6\">Ziua Limbii Rom\u00e2ne<span><a href=\"https:\/\/www.mediafax.ro\/social\/de-ce-sarbatorim-ziua-limbii-romane-pe-31-august-ce-s-a-intamplat-la-chisinau-in-1989-23798963\"> este s\u0103rb\u0103torit\u0103 anual la data de 31 august<\/a> <\/span>\u00een Rom\u00e2nia \u0219i Republica Moldova, iar din acest an este marcat\u0103 oficial \u0219i \u00een Ucraina.<\/p>\n<p id=\"p-7\">Data de 31 august este legat\u0103 de mi\u0219carea de rena\u0219tere na\u021bional\u0103 din Republica Moldova de la sf\u00e2r\u0219itul anilor \u201980, c\u00e2nd una dintre principalele revendic\u0103ri ale popula\u021biei era revenirea la alfabetul latin \u0219i recunoa\u0219terea limbii rom\u00e2ne.<\/p>\n<p id=\"p-8\">La 27 august 1989, cu doar c\u00e2teva zile \u00eenaintea adopt\u0103rii legilor lingvistice, sute de mii de oameni s-au adunat la Chi\u0219in\u0103u, la Marea Adunare Na\u021bional\u0103, pentru a cere ca limba rom\u00e2n\u0103 s\u0103 devin\u0103 limb\u0103 de stat \u0219i s\u0103 se revin\u0103 la grafia latin\u0103.<\/p>\n<p id=\"p-9\">Pe 31 august 1989, Sovietul Suprem al RSS Moldovene\u0219ti a adoptat legisla\u021bia privind statutul limbii de stat \u0219i revenirea la alfabetul latin.<\/p>\n<p id=\"p-10\">\u00cen Rom\u00e2nia, ziua de 31 august a fost instituit\u0103 oficial drept Ziua Limbii Rom\u00e2ne \u00een 2013, prin Legea nr. 53\/2013. Propunerea legislativ\u0103 fusese ini\u021biat\u0103 \u00een 2011 de 166 de parlamentari din toate grupurile politice.<\/p>\n<p id=\"p-11\">Potrivit legii, Ziua Limbii Rom\u00e2ne poate fi marcat\u0103 prin manifest\u0103ri culturale \u0219i educative organizate de autorit\u0103\u021bi \u0219i institu\u021bii publice, precum \u0219i de reprezentan\u021bele diplomatice \u0219i institutele culturale ale Rom\u00e2niei din str\u0103in\u0103tate.<\/p>\n","protected":false},"excerpt":{"rendered":"<p>Pre\u0219edinta Republicii Moldova, Maia Sandu, a transmis, luni, pe Facebook, un mesaj cu ocazia Zilei Limbii Rom\u00e2ne. Lidera de la Chi\u0219in\u0103u a afirmat c\u0103 limba rom\u00e2n\u0103 reprezint\u0103 o parte esen\u021bial\u0103 &hellip; <a href=\"https:\/\/microscopemedia.com\/?p=710853\" class=\"more-link\">Read More<\/a><\/p>\n","protected":false},"author":1,"featured_media":710854,"comment_status":"closed","ping_status":"closed","sticky":false,"template":"Default","format":"standard","meta":[],"categories":[1],"tags":[],"_links":{"self":[{"href":"https:\/\/microscopemedia.com\/index.php?rest_route=\/wp\/v2\/posts\/710853"}],"collection":[{"href":"https:\/\/microscopemedia.com\/index.php?rest_route=\/wp\/v2\/posts"}],"about":[{"href":"https:\/\/microscopemedia.com\/index.php?rest_route=\/wp\/v2\/types\/post"}],"author":[{"embeddable":true,"href":"https:\/\/microscopemedia.com\/index.php?rest_route=\/wp\/v2\/users\/1"}],"replies":[{"embeddable":true,"href":"https:\/\/microscopemedia.com\/index.php?rest_route=%2Fwp%2Fv2%2Fcomments&post=710853"}],"version-history":[{"count":0,"href":"https:\/\/microscopemedia.com\/index.php?rest_route=\/wp\/v2\/posts\/710853\/revisions"}],"wp:featuredmedia":[{"embeddable":true,"href":"https:\/\/microscopemedia.com\/index.php?rest_route=\/wp\/v2\/media\/710854"}],"wp:attachment":[{"href":"https:\/\/microscopemedia.com\/index.php?rest_route=%2Fwp%2Fv2%2Fmedia&parent=710853"}],"wp:term":[{"taxonomy":"category","embeddable":true,"href":"https:\/\/microscopemedia.com\/index.php?rest_route=%2Fwp%2Fv2%2Fcategories&post=710853"},{"taxonomy":"post_tag","embeddable":true,"href":"https:\/\/microscopemedia.com\/index.php?rest_route=%2Fwp%2Fv2%2Ftags&post=710853"}],"curies":[{"name":"wp","href":"https:\/\/api.w.org\/{rel}","templated":true}]}}