{"id":710863,"date":"2026-08-31T09:37:03","date_gmt":"2026-08-31T09:37:03","guid":{"rendered":"https:\/\/microscopemedia.com\/?p=710863"},"modified":"2026-08-31T09:37:03","modified_gmt":"2026-08-31T09:37:03","slug":"final-de-pnrr-ilie-bolojan-trebuie-sa-tragem-niste-lectii-clasamentul-cat-a-obtinut-romania-de-la-ue-ce-mai-putem-recupera","status":"publish","type":"post","link":"https:\/\/microscopemedia.com\/?p=710863","title":{"rendered":"Final de PNRR. Ilie Bolojan: \u201eTrebuie s\u0103 tragem ni\u0219te lec\u021bii\u201d. Clasamentul: c\u00e2t a ob\u021binut Rom\u00e2nia de la UE, ce mai putem recupera"},"content":{"rendered":"<div class=\"sgb-google-buttons\">\n<div class=\"display-flex justify-center google-logo\"><img decoding=\"async\" loading=\"lazy\" class=\"mg-x-auto\" width=\"30\" height=\"30\" src=\"https:\/\/microscopemedia.com\/wp-content\/uploads\/2026\/08\/final-de-pnrr-ilie-bolojan-trebuie-sa-tragem-niste-lectii-clasamentul-cat-a-obtinut-romania-de-la-ue-ce-mai-putem-recupera.png\" alt><\/div>\n<\/p><\/div>\n<p id=\"p-0\"><span data-subtree=\"aimfl\" data-copy-service-computed-style=\"font-family: &quot;Google Sans&quot;, Arial, sans-serif; font-size: 16px; font-weight: 400; margin: 0px; text-decoration: none; border-bottom: 0px rgb(22, 23, 26);\">Ast\u0103zi, la data limit\u0103 de <\/span><strong class=\"rQesXe MPyX\" data-sfc-cp data-sfc-root=\"ep\" data-complete=\"true\" data-copy-service-computed-style=\"font-family: &quot;Google Sans&quot;, Arial, sans-serif; font-size: 16px; font-weight: 700; margin: 0px; text-decoration: none; border-bottom: 0px rgb(22, 23, 26);\">31 august 2026<!--TgQPHd|||[]--><\/strong>, bilan\u021bul PNRR pentru Rom\u00e2nia arat\u0103 c\u0103 \u021bara noastr\u0103 a reu\u0219it s\u0103 termine o parte din proiectele pentru care s-a angajat \u00een fa\u021ba Comisiei Europene.<\/p>\n<p id=\"p-1\">Din cele peste 15.000 de investi\u021bii asumate, aproape 4500 de proiecte au r\u0103mas nefinalizate sau nerecep\u021bionate la termenul oficial de ast\u0103zi.<\/p>\n<hr>\n<h2 id=\"chapter-0\">Din 20 de miliarde de euro, Rom\u00e2nia a \u00eencasat efectiv 13 miliarde de euro<\/h2>\n<p id=\"p-2\">Din bugetul total recalculat al Rom\u00e2niei de circa <strong class=\"rQesXe MPyX\" data-sfc-cp data-sfc-root=\"ep\" data-complete=\"true\" data-copy-service-computed-style=\"font-family: &quot;Google Sans&quot;, Arial, sans-serif; font-size: 16px; font-weight: 700; margin: 0px; text-decoration: none; border-bottom: 0px rgb(22, 23, 26);\">20 de miliarde de euro<!--TgQPHd|||[]--><\/strong> (redus de la cele 29,2 miliarde ini\u021biale), \u021bara a \u00eencasat efectiv doar \u00een jur de <strong class=\"rQesXe MPyX\" data-sfc-cp data-sfc-root=\"ep\" data-complete=\"true\" data-copy-service-computed-style=\"font-family: &quot;Google Sans&quot;, Arial, sans-serif; font-size: 16px; font-weight: 700; margin: 0px; text-decoration: none; border-bottom: 0px rgb(22, 23, 26);\">13 miliarde de euro<!--TgQPHd|||[]--><\/strong>, pierz\u00e2nd definitiv sume importante din cauza blocajelor politice \u0219i a \u00eent\u00e2rzierilor.<\/p>\n<hr>\n<h2 id=\"chapter-1\">Ilie Bolojan: \u201eTrebuie s\u0103 tragem ni\u0219te lec\u021bii. Din 19 spitale, am finalizat 8\u201d<\/h2>\n<p id=\"p-3\"><img class=\"aligncenter wp-image-23799025 size-full\" src=\"https:\/\/microscopemedia.com\/wp-content\/uploads\/2026\/08\/final-de-pnrr-ilie-bolojan-trebuie-sa-tragem-niste-lectii-clasamentul-cat-a-obtinut-romania-de-la-ue-ce-mai-putem-recupera.webp\" alt width=\"900\" height=\"600\" loading=\"lazy\" decoding=\"async\" srcset=\"https:\/\/microscopemedia.com\/wp-content\/uploads\/2026\/08\/final-de-pnrr-ilie-bolojan-trebuie-sa-tragem-niste-lectii-clasamentul-cat-a-obtinut-romania-de-la-ue-ce-mai-putem-recupera-1.webp 500w, https:\/\/microscopemedia.com\/wp-content\/uploads\/2026\/08\/final-de-pnrr-ilie-bolojan-trebuie-sa-tragem-niste-lectii-clasamentul-cat-a-obtinut-romania-de-la-ue-ce-mai-putem-recupera.webp 728w\"><\/p>\n<p id=\"p-4\"><span><strong><a href=\"https:\/\/gov.ro\/ro\/stiri\/declaratii-ale-premierului-ilie-bolojan-la-inaugurarea-noului-centru-chirurgical-cardiovascular-din-cadrul-institutului-de-urgenta-pentru-boli-cardiovasculare-i-transplant-targu-mure#null\">\u00centr-o vizit\u0103 la T\u00e2rgu Mure\u0219<\/a><\/strong><\/span>, la recep\u021bia unui Centru de chirurgie cardiovascular\u0103, finan\u021bat din PNRR, premierul demis, Ilie Bolojan a declarat:<\/p>\n<p id=\"p-5\">\u201eEste un final de program PNRR, a\u0219a cum spuneam, \u0219i aici trebuie s\u0103 tragem ni\u0219te lec\u021bii pentru noi, nu neap\u0103rat pentru zona de s\u0103n\u0103tate, dar g\u00e2ndi\u021bi-v\u0103 c\u0103 la s\u0103n\u0103tate am \u00eenceput cu un buget din PNRR de peste dou\u0103 miliarde de euro \u0219i prin reduceri succesive am ajuns la pu\u021bin peste un miliard de euro, ceea ce \u00eenseamn\u0103 c\u0103 banii nu s-au pierdut, dar banii au plecat c\u0103tre alte domenii unde au putut fi consuma\u021bi.<\/p>\n<p id=\"p-6\">\u0218i asta \u00eenseamn\u0103 c\u0103, de la 19 spitale, la c\u00e2te am ajuns dup\u0103 ce s-a rea\u0219ezat PNRR-ul \u00een 2023, am ajuns s\u0103 fim \u00een situa\u021bia s\u0103 finaliz\u0103m practic 8, ceea ce \u00eenseamn\u0103 c\u0103 celelalte au fost transferate pe alte finan\u021b\u0103ri, sau din fondurile europene de coeziune sau din bugetele na\u021bionale, dar asta \u00eenseamn\u0103 ni\u0219te ani de \u00eent\u00e2rziere, ni\u0219te ani \u00een care pacien\u021bi din toat\u0103 \u021bara, medici, profesioni\u015fti din s\u0103n\u0103tate, nu au condi\u021bii la fel de bune pentru a se trata \u0219i sunt ni\u0219te ani pe care i-am pierdut, practic\u201d.<\/p>\n<h2 id=\"chapter-2\">\u201ePe ultima sut\u0103 de metri\u201d<\/h2>\n<p id=\"p-7\">Ilie Bolojan a vorbit despre simplificarea procedurilor de licita\u021bie, de autorizare, de administrarea proiectelor de c\u0103tre profesioni\u0219ti \u00een domeniu \u0219i de parteneriate cu autorit\u0103\u021bile locale.<\/p>\n<p id=\"p-8\">\u201ePentru a putea \u00eens\u0103 \u00eenchide aceste proiecte a fost nevoie de un efort important \u00een aceast\u0103 perioad\u0103 \u0219i cum de multe ori facem noi, \u0219i nu \u00eentotdeauna este bine, <strong>tragem tare pe ultima sut\u0103 de metri<\/strong>, \u0219i \u00een aceast\u0103 perioad\u0103 am reu\u0219it s\u0103 debloc\u0103m finan\u021b\u0103ri, <strong>s\u0103 rea\u0219ez\u0103m linii de credite, s\u0103 trecem peste aspectele birocratice \u0219i le mul\u021bumesc tuturor celor care pe ultima sut\u0103 de metri au f\u0103cut posibil acest lucru\u201d<\/strong>, a spus Ilie Bolojan.<\/p>\n<hr>\n<h2 id=\"chapter-3\">Returnarea banilor<\/h2>\n<p id=\"p-9\">\u0218i Parlamentul Rom\u00e2niei a adoptat de urgen\u021b\u0103 o lege care stipuleaz\u0103 c\u0103 lucr\u0103rile efectuate dup\u0103 data de 31 august nu mai sunt decontate din bani europeni, ci <strong class=\"rQesXe MPyX\" data-sfc-cp data-sfc-root=\"ep\" data-complete=\"true\" data-copy-service-computed-style=\"font-family: &quot;Google Sans&quot;, Arial, sans-serif; font-size: 16px; font-weight: 700; margin: 0px; text-decoration: none; border-bottom: 0px rgb(22, 23, 26);\">vor fi pl\u0103tite din bugetele locale, de stat sau alte fonduri<!--TgQPHd|||[]--><\/strong>. Dac\u0103 beneficiarii nu le termin\u0103 p\u00e2n\u0103 la 31 decembrie 2026, vor fi obliga\u021bi s\u0103 returneze to\u021bi banii primi\u021bi anterior.<\/p>\n<hr>\n<h2 id=\"chapter-4\">Domeniile \u00een care Rom\u00e2nia a finalizat \u00een majoritate proiectele: infrastructur\u0103, dezvoltare, educa\u021bie \u0219i digitalizare<\/h2>\n<p>Rom\u00e2nia a f<span class=\"iNqyIf\" data-sfc-cp data-sfc-root=\"ep\" data-complete=\"true\" data-copy-service-computed-style=\"font-family: &quot;Google Sans&quot;, Arial, sans-serif; font-size: 16px; font-weight: 400; margin: 0px; text-decoration: none; border-bottom: 0px rgb(22, 23, 26);\">inalizat la termen <strong class=\"rQesXe MPyX\" data-sfc-cp data-sfc-root=\"ep\" data-complete=\"true\" data-copy-service-computed-style=\"font-family: &quot;Google Sans&quot;, Arial, sans-serif; font-size: 16px; font-weight: 700; margin: 0px; text-decoration: none; border-bottom: 0px rgb(22, 23, 26);\">343 de kilometri de autostrad\u0103<!--TgQPHd|||[]--><\/strong> din totalul asumat prin PNRR. <\/span><\/p>\n<p><span class=\"iNqyIf\" data-sfc-cp data-sfc-root=\"ep\" data-complete=\"true\" data-copy-service-computed-style=\"font-family: &quot;Google Sans&quot;, Arial, sans-serif; font-size: 16px; font-weight: 400; margin: 0px; text-decoration: none; border-bottom: 0px rgb(22, 23, 26);\">Ministerul Dezvolt\u0103rii a reu\u0219it s\u0103 recep\u021bioneze mii de proiecte de eficien\u021b\u0103 energetic\u0103, reabilit\u0103ri termice, consolid\u0103ri seismice \u0219i infrastructur\u0103 verde.<\/span><\/p>\n<p>\u00cen privin\u021ba Educa\u021biei \u0219i Digitaliz\u0103rii, dot\u0103rile pentru \u0219coli \u0219i o mare parte din laboratoarele informatice au fost implementate \u00een unit\u0103\u021bile de \u00eenv\u0103\u021b\u0103m\u00e2nt.<\/p>\n<div role=\"heading\" aria-level=\"3\" data-animation-nesting data-sfc-cp data-wiz-attrbind=\"aria-level=FzFKof_1g\/fLk2Md\" data-sfc-root=\"ep\" data-complete=\"true\" data-processed=\"true\" data-sae data-copy-service-computed-style=\"font-family: &quot;Google Sans&quot;, Arial, sans-serif; font-size: 24px; font-weight: 500; margin: 24px 0px 12px; text-decoration: none; border-bottom: 0px rgb(22, 23, 26);\" readability=\"22.881256133464\">\n<h2 class=\"otQkpb\" role=\"heading\" aria-level=\"3\" data-wiz-attrbind=\"aria-level=FzFKof_39\/fLk2Md\" data-sfc-root=\"ep\" data-complete=\"true\" data-processed=\"true\" data-copy-service-computed-style=\"font-family: &quot;Google Sans&quot;, Arial, sans-serif; font-size: 24px; font-weight: 500; margin: 24px 0px 12px; text-decoration: none; border-bottom: 0px rgb(22, 23, 26);\" id=\"chapter-5\">Ce proiecte nu a terminat Rom\u00e2nia<\/h2>\n<ul class=\"KsbFXc U6u95\" data-sfc-cp data-sfc-root=\"ep\" data-ved=\"2ahUKEwiyv-O_vMqWAxV-JxAIHbE3HwEQ-7AUeggIAggBCB0QAA\" data-hveid=\"CAIIAQgdEAA\" data-processed=\"true\" data-complete=\"true\" data-copy-service-computed-style=\"font-family: &quot;Google Sans&quot;, Arial, sans-serif; font-size: 16px; font-weight: 400; margin: 12px 0px 16px; text-decoration: none; border-bottom: 0px rgb(22, 23, 26);\">\n<li class=\"Z1qcYe\" data-sfc-cp data-sfc-root=\"ep\" data-hveid=\"CAIIAQgdEAE\" data-sae data-complete=\"true\" data-copy-service-computed-style=\"font-family: &quot;Google Sans&quot;, Arial, sans-serif; font-size: 16px; font-weight: 400; margin: 0px 0px 12px; text-decoration: none; border-bottom: 0px rgb(22, 23, 26);\"><span class=\"iNqyIf\" data-sfc-cp data-sfc-root=\"ep\" data-complete=\"true\" data-copy-service-computed-style=\"font-family: &quot;Google Sans&quot;, Arial, sans-serif; font-size: 16px; font-weight: 400; margin: 0px; text-decoration: none; border-bottom: 0px rgb(22, 23, 26);\"><strong class=\"rQesXe MPyX\" data-sfc-cp data-sfc-root=\"ep\" data-complete=\"true\" data-copy-service-computed-style=\"font-family: &quot;Google Sans&quot;, Arial, sans-serif; font-size: 16px; font-weight: 700; margin: 0px; text-decoration: none; border-bottom: 0px rgb(22, 23, 26);\">Pe Infrastructur\u0103 Rutier\u0103, <\/strong><strong class=\"rQesXe MPyX\" data-sfc-cp data-sfc-root=\"ep\" data-complete=\"true\" data-copy-service-computed-style=\"font-family: &quot;Google Sans&quot;, Arial, sans-serif; font-size: 16px; font-weight: 700; margin: 0px; text-decoration: none; border-bottom: 0px rgb(22, 23, 26);\">86,5 kilometri de autostrad\u0103<\/strong> au ratat termenul de 31 august \u0219i vor trebui termina\u021bi p\u00e2n\u0103 la sf\u00e2r\u0219itul anului pe banii statului rom\u00e2n.<\/span><\/li>\n<li class=\"Z1qcYe\" data-sfc-cp data-sfc-root=\"ep\" data-hveid=\"CAIIAQgdEAY\" data-complete=\"true\" data-processed=\"true\" data-sae data-copy-service-computed-style=\"font-family: &quot;Google Sans&quot;, Arial, sans-serif; font-size: 16px; font-weight: 400; margin: 0px 0px 12px; text-decoration: none; border-bottom: 0px rgb(22, 23, 26);\"><span class=\"iNqyIf\" data-sfc-cp data-sfc-root=\"ep\" data-complete=\"true\" data-copy-service-computed-style=\"font-family: &quot;Google Sans&quot;, Arial, sans-serif; font-size: 16px; font-weight: 400; margin: 0px; text-decoration: none; border-bottom: 0px rgb(22, 23, 26);\"><b>S\u0103n\u0103tate: <\/b>Din cele 19 spitale sau sec\u021bii noi programate ini\u021bial prin PNRR, <strong class=\"rQesXe MPyX\" data-sfc-cp data-sfc-root=\"ep\" data-complete=\"true\" data-copy-service-computed-style=\"font-family: &quot;Google Sans&quot;, Arial, sans-serif; font-size: 16px; font-weight: 700; margin: 0px; text-decoration: none; border-bottom: 0px rgb(22, 23, 26);\">doar 8 au fost finalizate la termen<\/strong>. Restul de 11 au fost scoase din PNRR \u0219i transferate pe alte surse de finan\u021bare (fonduri de coeziune sau \u00eemprumuturi) din cauza \u00eent\u00e2rzierilor.<\/span><\/li>\n<li class=\"Z1qcYe\" data-sfc-cp data-sfc-root=\"ep\" data-hveid=\"CAIIAQgdEAs\" data-complete=\"true\" data-processed=\"true\" data-sae data-copy-service-computed-style=\"font-family: &quot;Google Sans&quot;, Arial, sans-serif; font-size: 16px; font-weight: 400; margin: 0px 0px 12px; text-decoration: none; border-bottom: 0px rgb(22, 23, 26);\"><span class=\"iNqyIf\" data-sfc-cp data-sfc-root=\"ep\" data-complete=\"true\" data-copy-service-computed-style=\"font-family: &quot;Google Sans&quot;, Arial, sans-serif; font-size: 16px; font-weight: 400; margin: 0px; text-decoration: none; border-bottom: 0px rgb(22, 23, 26);\"><strong class=\"rQesXe MPyX\" data-sfc-cp data-sfc-root=\"ep\" data-complete=\"true\" data-copy-service-computed-style=\"font-family: &quot;Google Sans&quot;, Arial, sans-serif; font-size: 16px; font-weight: 700; margin: 0px; text-decoration: none; border-bottom: 0px rgb(22, 23, 26);\">Reforme (Legea Salariz\u0103rii):<\/strong> Din cauza blocajului politic privind noua Lege a salariz\u0103rii unice \u00een sectorul bugetar, Rom\u00e2nia a pierdut definitiv <strong class=\"rQesXe MPyX\" data-sfc-cp data-sfc-root=\"ep\" data-complete=\"true\" data-copy-service-computed-style=\"font-family: &quot;Google Sans&quot;, Arial, sans-serif; font-size: 16px; font-weight: 700; margin: 0px; text-decoration: none; border-bottom: 0px rgb(22, 23, 26);\">770 de milioane de euro<\/strong> ata\u0219a\u021bi acestui jalon.<\/span> <span><strong><a href=\"https:\/\/www.presidency.ro\/ro\/media\/comunicate-de-presa\/declaratie-de-presa-a-presedintelui-romaniei-nicusor-dan\">Pre\u0219edintele Rom\u00e2niei, Nicu\u0219or Dan a dat vina pe partidele fostei coali\u021bii de guvern\u0103m\u00e2nt<\/a><\/strong><\/span> pentru e\u0219ec.<\/li>\n<li class=\"Z1qcYe\" data-sfc-cp data-sfc-root=\"ep\" data-hveid=\"CAIIAQgdEBA\" data-complete=\"true\" data-processed=\"true\" data-sae data-copy-service-computed-style=\"font-family: &quot;Google Sans&quot;, Arial, sans-serif; font-size: 16px; font-weight: 400; margin: 0px 0px 12px; text-decoration: none; border-bottom: 0px rgb(22, 23, 26);\"><span class=\"iNqyIf\" data-sfc-cp data-sfc-root=\"ep\" data-complete=\"true\" data-copy-service-computed-style=\"font-family: &quot;Google Sans&quot;, Arial, sans-serif; font-size: 16px; font-weight: 400; margin: 0px; text-decoration: none; border-bottom: 0px rgb(22, 23, 26);\"><strong class=\"rQesXe MPyX\" data-sfc-cp data-sfc-root=\"ep\" data-complete=\"true\" data-copy-service-computed-style=\"font-family: &quot;Google Sans&quot;, Arial, sans-serif; font-size: 16px; font-weight: 700; margin: 0px; text-decoration: none; border-bottom: 0px rgb(22, 23, 26);\">Investi\u021bii locale \u00eent\u00e2rziate:<\/strong> Peste 2.500 de proiecte de utilit\u0103\u021bi, cre\u0219e sau reabilit\u0103ri tehnice gestionate de prim\u0103rii sunt nefinalizate, presiunea pic\u00e2nd acum direct pe bugetele prim\u0103riilor.<\/span><\/li>\n<\/ul>\n<hr>\n<h2 data-sfc-root=\"ep\" data-hveid=\"CAIIAQgjEAA\" data-complete=\"true\" data-processed=\"true\" aria-owns=\"action-menu-parent-container\" data-copy-service-computed-style=\"font-family: &quot;Google Sans&quot;, Arial, sans-serif; font-size: 16px; font-weight: 400; margin: 12px 0px 16px; text-decoration: none; border-bottom: 0px rgb(22, 23, 26);\" id=\"chapter-6\">Ultima dat\u0103: 30 septembrie 2026<\/h2>\n<p>Calendarul PNRR impune acum ca ultim\u0103 born\u0103 data de <strong class=\"rQesXe MPyX\" data-sfc-cp data-sfc-root=\"ep\" data-complete=\"true\" data-copy-service-computed-style=\"font-family: &quot;Google Sans&quot;, Arial, sans-serif; font-size: 16px; font-weight: 700; margin: 0px; text-decoration: none; border-bottom: 0px rgb(22, 23, 26);\">30 septembrie 2026<\/strong> pentru trimiterea ultimei cereri de plat\u0103 c\u0103tre Comisia European\u0103, care va deconta strict lucr\u0103rile executate fizic p\u00e2n\u0103 la miezul nop\u021bii din 31 august.<\/p>\n<p>Ministrul Drago\u0219 P\u00eeslaru a declarat c\u0103 ultima cerere de plat\u0103 a Rom\u00e2niei din cadrul PNRR (Cererea num\u0103rul 6) urmeaz\u0103 s\u0103 fie trimis\u0103 oficial Comisiei Europene p\u00e2n\u0103 la data limit\u0103 de <strong class=\"rQesXe MPyX\" data-sfc-cp data-sfc-root=\"ep\" data-complete=\"true\" data-copy-service-computed-style=\"font-family: &quot;Google Sans&quot;, Arial, sans-serif; font-size: 16px; font-weight: 700; margin: 0px; text-decoration: none; border-bottom: 0px rgb(22, 23, 26);\">30 septembrie 2026<\/strong>. Aceasta are o valoare brut\u0103 estimat\u0103 la aproximativ <strong class=\"rQesXe MPyX\" data-sfc-cp data-sfc-root=\"ep\" data-complete=\"true\" data-copy-service-computed-style=\"font-family: &quot;Google Sans&quot;, Arial, sans-serif; font-size: 16px; font-weight: 700; margin: 0px; text-decoration: none; border-bottom: 0px rgb(22, 23, 26);\">8,8 miliarde de euro<\/strong> (compus\u0103 din granturi \u0219i \u00eemprumuturi), \u00eens\u0103 suma final\u0103 \u00eencasat\u0103 va fi considerabil mai mic\u0103 din cauza jaloanelor ratate.<\/p>\n<hr>\n<h2 data-sfc-root=\"ep\" data-hveid=\"CAIIAQgjEAA\" data-complete=\"true\" data-processed=\"true\" aria-owns=\"action-menu-parent-container\" data-copy-service-computed-style=\"font-family: &quot;Google Sans&quot;, Arial, sans-serif; font-size: 16px; font-weight: 400; margin: 12px 0px 16px; text-decoration: none; border-bottom: 0px rgb(22, 23, 26);\" id=\"chapter-7\"><span data-subtree=\"aimfl\" data-copy-service-computed-style=\"font-family: &quot;Google Sans&quot;, Arial, sans-serif; font-size: 16px; font-weight: 400; margin: 0px; text-decoration: none; border-bottom: 0px rgb(22, 23, 26);\">Rom\u00e2nia, la coada clasamentului UE. Bulgaria ne dep\u0103\u0219e\u0219te<\/span><\/h2>\n<p><span data-subtree=\"aimfl\" data-copy-service-computed-style=\"font-family: &quot;Google Sans&quot;, Arial, sans-serif; font-size: 16px; font-weight: 400; margin: 0px; text-decoration: none; border-bottom: 0px rgb(22, 23, 26);\">\u00cen compara\u021bie cu restul Uniunii Europene, <\/span><strong class=\"rQesXe MPyX\" data-sfc-cp data-sfc-root=\"ep\" data-complete=\"true\" data-copy-service-computed-style=\"font-family: &quot;Google Sans&quot;, Arial, sans-serif; font-size: 16px; font-weight: 700; margin: 0px; text-decoration: none; border-bottom: 0px rgb(22, 23, 26);\">Rom\u00e2nia se situeaz\u0103 la coada clasamentului \u00een ceea ce prive\u0219te procentul de bani \u00eencasa\u021bi efectiv<\/strong> din Mecanismul de Redresare \u0219i Rezilien\u021b\u0103 (RRF), reu\u0219ind s\u0103 securizeze doar aproximativ <strong class=\"rQesXe MPyX\" data-sfc-cp data-sfc-root=\"ep\" data-complete=\"true\" data-copy-service-computed-style=\"font-family: &quot;Google Sans&quot;, Arial, sans-serif; font-size: 16px; font-weight: 700; margin: 0px; text-decoration: none; border-bottom: 0px rgb(22, 23, 26);\">61% din totalul aloc\u0103rii sale revizuite<\/strong> (circa 13 miliarde de euro).<\/p>\n<\/div>\n<p>Campioanele absolute la ob\u021binerea banilor din PNRR sunt <strong>Spania \u0219i Italia<\/strong> \u2013 care au atras 90-100% din fonduri, depun\u00e2nd constant cereri (7-8 tran\u0219e) \u0219i au absorbit zeci de miliarde de euro rapid. Celor dou\u0103 state sunt urmate de <strong>Portugalia \u0219i Grecia<\/strong> \u2013 cu o rat\u0103 de absor\u021bie de 80-85%.<\/p>\n<p>Majoritatea statelor UE au ob\u021binut \u00een jur de 70-75% din fondurile alocate ini\u021bial, Polonia a ob\u021binut peste 65% din bani, \u00een ultimul an acceler\u00e2nd puternic cererile de finan\u021bare.<\/p>\n<p>\u00cen tot acest context, Rom\u00e2nia \u2013 aflat\u0103 \u00een coada clasamentului \u2013 este dep\u0103\u0219it\u0103 doar de <strong>Bulgaria<\/strong> \u2013 care a ob\u021binut doar <strong class=\"rQesXe MPyX\" data-sfc-cp data-sfc-root=\"ep\" data-complete=\"true\" data-copy-service-computed-style=\"font-family: &quot;Google Sans&quot;, Arial, sans-serif; font-size: 14px; font-weight: 700; margin: 0px; text-decoration: none; border-bottom: 0px rgb(78, 80, 89);\">53% din fondurile PNRR<\/strong>, \u021bara fiind afectat\u0103 de instabilitate politic\u0103 puternic\u0103.<\/p>\n","protected":false},"excerpt":{"rendered":"<p>Ast\u0103zi, la data limit\u0103 de 31 august 2026, bilan\u021bul PNRR pentru Rom\u00e2nia arat\u0103 c\u0103 \u021bara noastr\u0103 a reu\u0219it s\u0103 termine o parte din proiectele pentru care s-a angajat \u00een fa\u021ba &hellip; <a href=\"https:\/\/microscopemedia.com\/?p=710863\" class=\"more-link\">Read More<\/a><\/p>\n","protected":false},"author":1,"featured_media":710864,"comment_status":"closed","ping_status":"closed","sticky":false,"template":"Default","format":"standard","meta":[],"categories":[1],"tags":[],"_links":{"self":[{"href":"https:\/\/microscopemedia.com\/index.php?rest_route=\/wp\/v2\/posts\/710863"}],"collection":[{"href":"https:\/\/microscopemedia.com\/index.php?rest_route=\/wp\/v2\/posts"}],"about":[{"href":"https:\/\/microscopemedia.com\/index.php?rest_route=\/wp\/v2\/types\/post"}],"author":[{"embeddable":true,"href":"https:\/\/microscopemedia.com\/index.php?rest_route=\/wp\/v2\/users\/1"}],"replies":[{"embeddable":true,"href":"https:\/\/microscopemedia.com\/index.php?rest_route=%2Fwp%2Fv2%2Fcomments&post=710863"}],"version-history":[{"count":0,"href":"https:\/\/microscopemedia.com\/index.php?rest_route=\/wp\/v2\/posts\/710863\/revisions"}],"wp:featuredmedia":[{"embeddable":true,"href":"https:\/\/microscopemedia.com\/index.php?rest_route=\/wp\/v2\/media\/710864"}],"wp:attachment":[{"href":"https:\/\/microscopemedia.com\/index.php?rest_route=%2Fwp%2Fv2%2Fmedia&parent=710863"}],"wp:term":[{"taxonomy":"category","embeddable":true,"href":"https:\/\/microscopemedia.com\/index.php?rest_route=%2Fwp%2Fv2%2Fcategories&post=710863"},{"taxonomy":"post_tag","embeddable":true,"href":"https:\/\/microscopemedia.com\/index.php?rest_route=%2Fwp%2Fv2%2Ftags&post=710863"}],"curies":[{"name":"wp","href":"https:\/\/api.w.org\/{rel}","templated":true}]}}