{"id":710865,"date":"2026-08-31T09:57:02","date_gmt":"2026-08-31T09:57:02","guid":{"rendered":"https:\/\/microscopemedia.com\/?p=710865"},"modified":"2026-08-31T09:57:02","modified_gmt":"2026-08-31T09:57:02","slug":"macron-in-suedia-pentru-un-acord-de-miliarde-de-euro-privind-achizitia-de-fregate-si-consolidarea-parteneriatului-strategic","status":"publish","type":"post","link":"https:\/\/microscopemedia.com\/?p=710865","title":{"rendered":"Macron, \u00een Suedia pentru un acord de miliarde de euro privind achizi\u021bia de fregate \u0219i consolidarea parteneriatului strategic"},"content":{"rendered":"<div class=\"sgb-google-buttons\">\n<div class=\"display-flex justify-center google-logo\"><img decoding=\"async\" loading=\"lazy\" class=\"mg-x-auto\" width=\"30\" height=\"30\" src=\"https:\/\/microscopemedia.com\/wp-content\/uploads\/2026\/08\/macron-in-suedia-pentru-un-acord-de-miliarde-de-euro-privind-achizitia-de-fregate-si-consolidarea-parteneriatului-strategic.png\" alt><\/div>\n<\/p><\/div>\n<p id=\"p-0\">Pre\u0219edintele francez Emmanuel Macron este a\u0219teptat luni la Stockholm, \u00een Suedia, unde urmeaz\u0103 s\u0103 semneze, \u00eempreun\u0103 cu premierul suedez Ulf Kristersson, un acord \u00een valoare de 4,3 miliarde de euro pentru furnizarea a patru <strong>fregate franceze<\/strong>.<\/p>\n<p id=\"p-1\">Acordul face parte dintr-un pachet complex de m\u0103suri prin care <a href=\"https:\/\/www.mediafax.ro\/externe\/franta-vrea-sa-coopereze-cu-suedia-pentru-un-avion-de-lupta-de-noua-generatie-dupa-esecul-proiectului-cu-germania-23798191\">Fran\u021ba \u0219i Suedia vor s\u0103 \u00ee\u0219i consolideze cooperarea strategic\u0103<\/a>, mai ales \u00een domeniul ap\u0103r\u0103rii \u0219i securit\u0103\u021bii, potrivit <a href=\"https:\/\/www.euronews.com\/my-europe\/2026\/08\/31\/macron-in-sweden-to-sign-multi-billion-euro-frigate-deal-and-strengthen-strategic-partners\">Euronews<\/a>.<\/p>\n<p class=\"PDq2pG_selectionAnchorContainer\" data-start=\"519\" data-end=\"642\" id=\"p-2\">Potrivit \u00een\u021belegerii dintre cei doi, prima fregat\u0103 construit\u0103 de grupul industrial francez Naval Group ar urma s\u0103 fie livrat\u0103 \u00een 2030.<\/p>\n<p data-start=\"644\" data-end=\"885\" id=\"p-3\">Tot luni, ministrul francez al Ap\u0103r\u0103rii, Catherine Vautrin, \u0219i omologul s\u0103u suedez, P\u00e5l Jonson, vor semna un acord pentru dezvoltarea cooper\u0103rii \u00een domeniul ap\u0103r\u0103rii, inclusiv \u00een \u201edomeniile opera\u021bional, al capacit\u0103\u021bilor \u0219i industrial\u201d.<\/p>\n<p data-start=\"644\" data-end=\"885\" id=\"p-4\">Vizita lui Macron este considerat\u0103 de Palatul \u00c9lys\u00e9e drept o <strong>nou\u0103 etap\u0103<\/strong> \u00een aprofundarea parteneriatului strategic dintre Fran\u021ba \u0219i Suedia. Se dore\u0219te consolidarea ap\u0103r\u0103rii europene, dar \u0219i cea a NATO.<\/p>\n<p class=\"PDq2pG_selectionAnchorContainer\" data-start=\"1101\" data-end=\"1298\" id=\"p-5\">Suedia a anun\u021bat \u00een luna mai c\u0103 va cump\u0103ra cele patru fregate, din motiv c\u0103 dore\u0219te modernizarea for\u021belor sale armate, av\u00e2nd \u00een vedere r\u0103zboiul din Ucraina \u0219i aderarea \u021b\u0103rii la NATO, \u00een 2024.<\/p>\n<p data-start=\"1300\" data-end=\"1508\" id=\"p-6\">La momentul anun\u021bului, premierul Ulf Kristersson a descris achizi\u021bia drept \u201euna dintre cele mai mari investi\u021bii suedeze \u00een domeniul ap\u0103r\u0103rii de la introducerea avionului de v\u00e2n\u0103toare Gripen \u00een anii 1980\u201d.<\/p>\n<p data-start=\"1300\" data-end=\"1508\" id=\"p-7\"><strong>Fregatele<\/strong>, adic\u0103 navele militare, produse de Naval Group sunt concepute pentru a r\u0103spunde mai multor tipuri de amenin\u021b\u0103ri. Potrivit companiei, acestea pot \u201edetecta \u0219i neutraliza toate tipurile de amenin\u021b\u0103ri\u201d, fie ele \u201ede suprafa\u021b\u0103, aeriene, subacvatice, asimetrice sau cibernetice\u201d.<\/p>\n<p class=\"PDq2pG_selectionAnchorContainer\" data-start=\"1770\" data-end=\"1985\" id=\"p-8\">Cooperarea militar\u0103 dintre Fran\u021ba \u0219i Suedia s-a extins \u0219i \u00een cadrul NATO. La summitul Alian\u021bei de la Ankara, din luna iulie, Fran\u021ba a anun\u021bat c\u0103 vrea s\u0103 ajute cu trupe la o misiune NATO condus\u0103 de Suedia \u00een Finlanda.<\/p>\n<p data-start=\"1987\" data-end=\"2187\" id=\"p-9\">\u00centr-o declara\u021bie comun\u0103, cele trei \u021b\u0103ri au precizat c\u0103 \u201eFran\u021ba va contribui cu desf\u0103\u0219ur\u0103ri de for\u021be terestre la rota\u021biile For\u021belor Terestre Avansate din Finlanda, inclusiv cu o unitate de lupt\u0103\u201d.<\/p>\n","protected":false},"excerpt":{"rendered":"<p>Pre\u0219edintele francez Emmanuel Macron este a\u0219teptat luni la Stockholm, \u00een Suedia, unde urmeaz\u0103 s\u0103 semneze, \u00eempreun\u0103 cu premierul suedez Ulf Kristersson, un acord \u00een valoare de 4,3 miliarde de euro &hellip; <a href=\"https:\/\/microscopemedia.com\/?p=710865\" class=\"more-link\">Read More<\/a><\/p>\n","protected":false},"author":1,"featured_media":710866,"comment_status":"closed","ping_status":"closed","sticky":false,"template":"Default","format":"standard","meta":[],"categories":[1],"tags":[],"_links":{"self":[{"href":"https:\/\/microscopemedia.com\/index.php?rest_route=\/wp\/v2\/posts\/710865"}],"collection":[{"href":"https:\/\/microscopemedia.com\/index.php?rest_route=\/wp\/v2\/posts"}],"about":[{"href":"https:\/\/microscopemedia.com\/index.php?rest_route=\/wp\/v2\/types\/post"}],"author":[{"embeddable":true,"href":"https:\/\/microscopemedia.com\/index.php?rest_route=\/wp\/v2\/users\/1"}],"replies":[{"embeddable":true,"href":"https:\/\/microscopemedia.com\/index.php?rest_route=%2Fwp%2Fv2%2Fcomments&post=710865"}],"version-history":[{"count":0,"href":"https:\/\/microscopemedia.com\/index.php?rest_route=\/wp\/v2\/posts\/710865\/revisions"}],"wp:featuredmedia":[{"embeddable":true,"href":"https:\/\/microscopemedia.com\/index.php?rest_route=\/wp\/v2\/media\/710866"}],"wp:attachment":[{"href":"https:\/\/microscopemedia.com\/index.php?rest_route=%2Fwp%2Fv2%2Fmedia&parent=710865"}],"wp:term":[{"taxonomy":"category","embeddable":true,"href":"https:\/\/microscopemedia.com\/index.php?rest_route=%2Fwp%2Fv2%2Fcategories&post=710865"},{"taxonomy":"post_tag","embeddable":true,"href":"https:\/\/microscopemedia.com\/index.php?rest_route=%2Fwp%2Fv2%2Ftags&post=710865"}],"curies":[{"name":"wp","href":"https:\/\/api.w.org\/{rel}","templated":true}]}}