{"id":710867,"date":"2026-08-31T10:16:03","date_gmt":"2026-08-31T10:16:03","guid":{"rendered":"https:\/\/microscopemedia.com\/?p=710867"},"modified":"2026-08-31T10:16:03","modified_gmt":"2026-08-31T10:16:03","slug":"sondaj-in-timp-ce-afd-domina-estul-germaniei-la-berlin-conduce-extrema-stanga","status":"publish","type":"post","link":"https:\/\/microscopemedia.com\/?p=710867","title":{"rendered":"Sondaj: \u00cen timp ce AfD domin\u0103 estul Germaniei, la Berlin conduce extrema st\u00e2ng\u0103"},"content":{"rendered":"<div readability=\"46.625\">\n<div class=\"sgb-google-buttons\">\n<div class=\"display-flex justify-center google-logo\"><img decoding=\"async\" loading=\"lazy\" class=\"mg-x-auto\" width=\"30\" height=\"30\" src=\"https:\/\/microscopemedia.com\/wp-content\/uploads\/2026\/08\/sondaj-in-timp-ce-afd-domina-estul-germaniei-la-berlin-conduce-extrema-stanga.png\" alt><\/div>\n<\/p><\/div>\n<p id=\"p-0\">Die Linke, partid de extrema st\u00e2ng\u0103 care \u00ee\u0219i are originile \u00een forma\u021biunea ce a condus fosta Germanie de Est, se afl\u0103 pe primul loc \u00een sondajul realizat de institutul Civey, cu 20%, informeaz\u0103 agen\u021bia dpa.<\/p>\n<p id=\"p-1\">Uniunea Cre\u0219tin-Democrat\u0103 (CDU), partidul de centru-dreapta al cancelarului Friedrich Merz, este cotat\u0103 cu 19%, iar forma\u021biunea de extrema dreapt\u0103 Alternativa pentru Germania (AfD) are 18%.<\/p>\n<p id=\"p-2\">Aleg\u0103torii din landul Berlin vor merge la urne pe 20 septembrie pentru a alege un nou parlament regional.<\/p>\n<p id=\"p-3\">Scrutinul va avea loc la doar dou\u0103 s\u0103pt\u0103m\u00e2ni dup\u0103 alegerile din landul estic Saxonia-Anhalt, unde <a href=\"https:\/\/www.mediafax.ro\/externe\/angela-merkel-avertisment-inaintea-alegerilor-din-saxonia-anhalt-trebuie-sa-luptam-pentru-democratie-23798575\">AfD<\/a> ar putea ajunge pentru prima dat\u0103 \u00een istoria sa la conducerea unui land.<\/p>\n<p id=\"p-4\">\u00cen Saxonia-Anhalt, AfD are un avans categoric \u00eenaintea alegerilor din 6 septembrie. Un sondaj realizat de Forschungsgruppe Wahlen pentru ZDF \u0219i publicat vineri coteaz\u0103 partidul de extrema dreapt\u0103 cu 40% din voturi, urmat la mare distan\u021b\u0103 de CDU, cu 23%. Die Linke ar ob\u021bine 13%, Partidul Social-Democrat (SPD) 9%, iar Verzii 6%. FDP \u0219i BSW sunt cotate cu c\u00e2te 3%, sub pragul electoral de 5%.<\/p>\n<p id=\"p-5\">AfD se afl\u0103 pe primul loc \u00een sondaje \u0219i \u00een Mecklenburg-Pomerania Occidental\u0103, un alt land din estul Germaniei, unde alegerile vor avea loc \u00een aceea\u0219i zi cu scrutinul din Berlin. Partidul este cotat cu 36%, fa\u021b\u0103 de 29% pentru SPD.<\/p>\n<p id=\"p-6\">Berlinul este condus \u00een prezent de o coali\u021bie format\u0103 din CDU \u0219i SPD. Sondajele indic\u0103 \u00eens\u0103 c\u0103 dup\u0103 alegeri ar putea fi necesar\u0103 o coali\u021bie format\u0103 din trei partide.<\/p>\n<p id=\"p-7\">Una dintre variante ar fi o alian\u021b\u0103 \u00eentre Die Linke, Verzi \u0219i SPD. Verzii \u0219i social-democra\u021bii sunt cota\u021bi fiecare cu aproximativ 15%.<\/p>\n<p id=\"p-8\">Principalele partide germane au exclus p\u00e2n\u0103 acum orice coali\u021bie cu AfD. A\u0219a-numitul \u201ecordon sanitar\u201d urm\u0103re\u0219te izolarea forma\u021biunii de extrema dreapt\u0103 \u0219i men\u021binerea ei \u00een afara guvern\u0103rii.<\/p>\n<\/p><\/div>\n","protected":false},"excerpt":{"rendered":"<p>Die Linke, partid de extrema st\u00e2ng\u0103 care \u00ee\u0219i are originile \u00een forma\u021biunea ce a condus fosta Germanie de Est, se afl\u0103 pe primul loc \u00een sondajul realizat de institutul Civey, &hellip; <a href=\"https:\/\/microscopemedia.com\/?p=710867\" class=\"more-link\">Read More<\/a><\/p>\n","protected":false},"author":1,"featured_media":710868,"comment_status":"closed","ping_status":"closed","sticky":false,"template":"Default","format":"standard","meta":[],"categories":[1],"tags":[],"_links":{"self":[{"href":"https:\/\/microscopemedia.com\/index.php?rest_route=\/wp\/v2\/posts\/710867"}],"collection":[{"href":"https:\/\/microscopemedia.com\/index.php?rest_route=\/wp\/v2\/posts"}],"about":[{"href":"https:\/\/microscopemedia.com\/index.php?rest_route=\/wp\/v2\/types\/post"}],"author":[{"embeddable":true,"href":"https:\/\/microscopemedia.com\/index.php?rest_route=\/wp\/v2\/users\/1"}],"replies":[{"embeddable":true,"href":"https:\/\/microscopemedia.com\/index.php?rest_route=%2Fwp%2Fv2%2Fcomments&post=710867"}],"version-history":[{"count":0,"href":"https:\/\/microscopemedia.com\/index.php?rest_route=\/wp\/v2\/posts\/710867\/revisions"}],"wp:featuredmedia":[{"embeddable":true,"href":"https:\/\/microscopemedia.com\/index.php?rest_route=\/wp\/v2\/media\/710868"}],"wp:attachment":[{"href":"https:\/\/microscopemedia.com\/index.php?rest_route=%2Fwp%2Fv2%2Fmedia&parent=710867"}],"wp:term":[{"taxonomy":"category","embeddable":true,"href":"https:\/\/microscopemedia.com\/index.php?rest_route=%2Fwp%2Fv2%2Fcategories&post=710867"},{"taxonomy":"post_tag","embeddable":true,"href":"https:\/\/microscopemedia.com\/index.php?rest_route=%2Fwp%2Fv2%2Ftags&post=710867"}],"curies":[{"name":"wp","href":"https:\/\/api.w.org\/{rel}","templated":true}]}}