{"id":710869,"date":"2026-08-31T10:27:03","date_gmt":"2026-08-31T10:27:03","guid":{"rendered":"https:\/\/microscopemedia.com\/?p=710869"},"modified":"2026-08-31T10:27:03","modified_gmt":"2026-08-31T10:27:03","slug":"oana-toiu-la-reuniunea-anuala-a-diplomatiei-romane-miza-romaniei-nu-este-sa-se-adaposteasca-ci-sa-inainteze","status":"publish","type":"post","link":"https:\/\/microscopemedia.com\/?p=710869","title":{"rendered":"Oana \u021aoiu, la Reuniunea Anual\u0103 a Diploma\u021biei Rom\u00e2ne: Miza Rom\u00e2niei nu este s\u0103 se ad\u0103posteasc\u0103, ci s\u0103 \u00eenainteze"},"content":{"rendered":"<div readability=\"31.604883462819\">\n<div class=\"sgb-google-buttons\">\n<div class=\"display-flex justify-center google-logo\"><img decoding=\"async\" loading=\"lazy\" class=\"mg-x-auto\" width=\"30\" height=\"30\" src=\"https:\/\/microscopemedia.com\/wp-content\/uploads\/2026\/08\/oana-toiu-la-reuniunea-anuala-a-diplomatiei-romane-miza-romaniei-nu-este-sa-se-adaposteasca-ci-sa-inainteze.png\" alt><\/div>\n<\/p><\/div>\n<p data-path-to-node=\"0\" id=\"p-0\">Oana \u021aoiu, ministru interimar al Afacerilor Externe, a participat luni, 31 august, la Reuniunea Anual\u0103 a Diploma\u021biei Rom\u00e2ne, desf\u0103\u0219urat\u0103 la Palatul Parlamentului. \u00cen fa\u021ba a 200 de diploma\u021bi \u0219i consuli, reprezentanta Guvernului a \u021binut un discurs, \u00een deschiderea evenimentului.<\/p>\n<p data-path-to-node=\"0\" id=\"p-1\">\u201eReperele noastre de politic\u0103 extern\u0103 r\u0103m\u00e2n ferme, dar ele trebuie adaptate activ. Nu trebuie \u0219i nu avem de f\u0103cut o alegere \u00eentre pilonii no\u0219tri: r\u0103m\u00e2nem o ancor\u0103 puternic\u0103 \u00eentre UE \u0219i SUA, investind constant \u00een parteneriatul transatlantic \u00een timp ce NATO \u0219i postura american\u0103 pe continent se revizuiesc. Europa, la r\u00e2ndul s\u0103u, este mai mult dec\u00e2t un cadru, este un amplificator al securit\u0103\u021bii \u0219i prosperit\u0103\u021bii noastre pe termen lung\u201d, a declarat Oana \u021aoiu, \u00eentr-o postare pe Facebook.<\/p>\n<p id=\"p-3\">Ministra de Externe a subliniat obiectivele institu\u021biei pe care o conduce, dar \u0219i ce a f\u0103cut bine \u00een materie de diploma\u021bie:<\/p>\n<ul>\n<li>Rom\u00e2nia coordoneaz\u0103 grupul \u201ePrietenii Coeziunii\u201d pentru ca viitorul buget al UE s\u0103 r\u0103spund\u0103 nevoilor noastre directe;<\/li>\n<li>Performan\u021b\u0103 istoric\u0103 pentru aderarea la OCDE;<\/li>\n<li dir=\"auto\">\u00cen fa\u021ba riscurilor crescute ne-am consolidat profilul de furnizor de securitate la Marea Neagr\u0103<\/li>\n<li>Conectivitate strategic\u0103;<\/li>\n<li>Ne exercit\u0103m activ viziunea strategic\u0103 prin pre\u0219edin\u021biile pe care le de\u021binem \u00een prezent \u00een formatul Ini\u021biativei Central Europene (ICE);<\/li>\n<li>Suntem al\u0103turi de cet\u0103\u021beni \u0219i Diaspora.<\/li>\n<\/ul>\n<p id=\"p-4\">La reuniune au participat \u0219efii misiunilor diplomatice \u0219i oficiilor consulare ale Rom\u00e2niei, dar \u0219i persoane importante din MAE \u0219i oficiali rom\u00e2ni.<\/p>\n<\/p><\/div>\n","protected":false},"excerpt":{"rendered":"<p>Oana \u021aoiu, ministru interimar al Afacerilor Externe, a participat luni, 31 august, la Reuniunea Anual\u0103 a Diploma\u021biei Rom\u00e2ne, desf\u0103\u0219urat\u0103 la Palatul Parlamentului. \u00cen fa\u021ba a 200 de diploma\u021bi \u0219i consuli, &hellip; <a href=\"https:\/\/microscopemedia.com\/?p=710869\" class=\"more-link\">Read More<\/a><\/p>\n","protected":false},"author":1,"featured_media":710870,"comment_status":"closed","ping_status":"closed","sticky":false,"template":"Default","format":"standard","meta":[],"categories":[1],"tags":[],"_links":{"self":[{"href":"https:\/\/microscopemedia.com\/index.php?rest_route=\/wp\/v2\/posts\/710869"}],"collection":[{"href":"https:\/\/microscopemedia.com\/index.php?rest_route=\/wp\/v2\/posts"}],"about":[{"href":"https:\/\/microscopemedia.com\/index.php?rest_route=\/wp\/v2\/types\/post"}],"author":[{"embeddable":true,"href":"https:\/\/microscopemedia.com\/index.php?rest_route=\/wp\/v2\/users\/1"}],"replies":[{"embeddable":true,"href":"https:\/\/microscopemedia.com\/index.php?rest_route=%2Fwp%2Fv2%2Fcomments&post=710869"}],"version-history":[{"count":0,"href":"https:\/\/microscopemedia.com\/index.php?rest_route=\/wp\/v2\/posts\/710869\/revisions"}],"wp:featuredmedia":[{"embeddable":true,"href":"https:\/\/microscopemedia.com\/index.php?rest_route=\/wp\/v2\/media\/710870"}],"wp:attachment":[{"href":"https:\/\/microscopemedia.com\/index.php?rest_route=%2Fwp%2Fv2%2Fmedia&parent=710869"}],"wp:term":[{"taxonomy":"category","embeddable":true,"href":"https:\/\/microscopemedia.com\/index.php?rest_route=%2Fwp%2Fv2%2Fcategories&post=710869"},{"taxonomy":"post_tag","embeddable":true,"href":"https:\/\/microscopemedia.com\/index.php?rest_route=%2Fwp%2Fv2%2Ftags&post=710869"}],"curies":[{"name":"wp","href":"https:\/\/api.w.org\/{rel}","templated":true}]}}