{"id":710873,"date":"2026-08-31T10:56:04","date_gmt":"2026-08-31T10:56:04","guid":{"rendered":"https:\/\/microscopemedia.com\/?p=710873"},"modified":"2026-08-31T10:56:04","modified_gmt":"2026-08-31T10:56:04","slug":"politico-franta-si-germania-propun-o-reforma-a-politicii-externe-a-ue-chestionar-trimis-catre-toate-statele","status":"publish","type":"post","link":"https:\/\/microscopemedia.com\/?p=710873","title":{"rendered":"Politico: Fran\u021ba \u0219i Germania propun o reform\u0103 a politicii externe a UE. Chestionar trimis c\u0103tre toate statele"},"content":{"rendered":"<div><img decoding=\"async\" src=\"https:\/\/microscopemedia.com\/wp-content\/uploads\/2026\/08\/politico-franta-si-germania-propun-o-reforma-a-politicii-externe-a-ue-chestionar-trimis-catre-toate-statele.jpg\" class=\"ff-og-image-inserted\"><\/div>\n<h2 id=\"chapter-1\">Noua propunere<\/h2>\n<p id=\"p-3\"><span dir=\"auto\">Noul document din partea Fran\u021bei \u0219i Germaniei este o \u00eencercare de a consolida rolul lui Kallas, recunosc\u00e2nd \u00een acela\u0219i timp c\u0103 o mare parte din puterea real\u0103 de a conduce politica extern\u0103 revine Comisiei.<\/span><\/p>\n<p id=\"p-4\"><span dir=\"auto\">Propunerile prev\u0103d, de asemenea, o oarecare sl\u0103bire a SEAE prin mutarea unei p\u0103r\u021bi dintre cei 5.000 de angaja\u021bi \u0219i func\u021bii ale sale c\u0103tre Comisie, pe fondul presiunilor de a reduce drastic bugetul pe termen lung al UE, potrivit a trei diploma\u021bi care au vorbit <span><strong><a href=\"https:\/\/www.politico.eu\/article\/kaja-kallas-eu-foreign-policy-eeas-france-germany-reform\/?utm_source=RSS_Feed&amp;utm_medium=RSS&amp;utm_campaign=RSS_Syndication\">cu POLITICO<\/a><\/strong><\/span>.<\/span><\/p>\n<p id=\"p-5\"><span dir=\"auto\">Documentul franco-german va fi \u00een centrul aten\u021biei la reuniunea mini\u0219trilor de externe ai UE de mar\u021bi, la Wicklow, Irlanda.<\/span><\/p>\n<h2 id=\"chapter-2\">Nemul\u021bumiri<\/h2>\n<p id=\"p-6\"><span dir=\"auto\">Nu toat\u0103 lumea este mul\u021bumit\u0103: \u201eO schimbare institu\u021bional\u0103 major\u0103 \u00een acest moment nu este realist\u0103\u201d, a declarat un diplomat UE, excluz\u00e2nd orice reforme majore \u00eenainte de sf\u00e2r\u0219itul celui de-al doilea mandat al lui von der Leyen, \u00een 2029.<\/span><\/p>\n<p id=\"p-7\"><span dir=\"auto\">\u201eS\u0103 recunoa\u0219tem\u2026 politica extern\u0103 a UE func\u021bioneaz\u0103 doar dac\u0103 statele membre o doresc\u201d, a declarat pentru&nbsp;<\/span><strong><a href=\"https:\/\/www.politico.eu\/newsletter\/brussels-playbook\/paris-and-berlins-plan-to-fix-eu-foreign-policy\/\" data-type=\"link\" data-id=\"https:\/\/www.politico.eu\/newsletter\/brussels-playbook\/paris-and-berlins-plan-to-fix-eu-foreign-policy\/\"><span dir=\"auto\">Brussels Playbook<\/span><\/a><\/strong><span dir=\"auto\"><strong>&nbsp;<\/strong>un oficial UE, c\u0103ruia i s-a acordat anonimatul pentru a vorbi liber . \u201eMutarea unor echipe de la SEAE la Comisie nu va rezolva situa\u021bia din Orientul Mijlociu \u0219i nici nu va opri r\u0103zboiul Rusiei.\u201d<\/span><\/p>\n<p id=\"p-8\"><span dir=\"auto\">\u201eUE ar avea o influen\u021b\u0103 mai mare la nivel global dac\u0103 am alinia mai bine instrumentele pe care le avem \u2013 de la diploma\u021bie la politicile privind vizele, comer\u021b, ajutor \u0219i misiunile UE \u2013 la urm\u0103rirea intereselor europene. \u00cenaltul Reprezentant al UE [Kallas] poate oferi aceast\u0103 direc\u021bie strategic\u0103, av\u00e2nd \u00een vedere leg\u0103tura sa cu Consiliul\u201d, a declarat oficialul.<\/span><\/p>\n<h2 id=\"chapter-3\"><span dir=\"auto\">Propuneri c\u0103tre capitalele UE<\/span><\/h2>\n<p id=\"p-9\"><span dir=\"auto\">\u00centre timp, Kallas a trimis capitalelor un scurt chestionar prin care le solicit\u0103 opiniile \u0219i inten\u021bioneaz\u0103 s\u0103 fac\u0103 ni\u0219te \u201epropuneri ini\u021biale\u201d \u00een aceast\u0103 s\u0103pt\u0103m\u00e2n\u0103, potrivit oficialului UE.<\/span><\/p>\n<p id=\"p-10\"><span dir=\"auto\">Cele cinci \u201e\u00eentreb\u0103ri directoare\u201d urm\u0103resc feedback cu privire la modul \u00een care: <\/span><\/p>\n<p id=\"p-11\"><span dir=\"auto\">1) UE poate deveni un \u201eactor extern global mai asertiv din punct de vedere strategic\u201d; <\/span><\/p>\n<p id=\"p-12\"><span dir=\"auto\">2) SEAE poate ob\u021bine mai mult\u0103 valoare de pe urma celor 145 de delega\u021bii ale sale; <\/span><\/p>\n<p id=\"p-13\"><span dir=\"auto\">3) \u00ee\u0219i poate \u00eendeplini mandatul prev\u0103zut \u00een tratat; <\/span><\/p>\n<p id=\"p-14\"><span dir=\"auto\">4) \u00ee\u0219i poate eficientiza structura institu\u021bional\u0103 \u00eempreun\u0103 cu Comisia \u0219i Consiliul<\/span><\/p>\n<p id=\"p-15\"><span dir=\"auto\"> 5) poate contribui mai eficient la discu\u021biile liderilor.<\/span><\/p>\n<p id=\"p-16\"><span dir=\"auto\">\u00cens\u0103 Kallas vrea s\u0103 a\u0219tepte p\u00e2n\u0103 c\u00e2nd noua sa echip\u0103 de conducere, inclusiv noul secretar general Kajsa Ollongren, va fi numit\u0103 \u00eenainte de a face mi\u0219c\u0103ri majore, a declarat oficialul UE.<\/span><\/p>\n","protected":false},"excerpt":{"rendered":"<p>Noua propunere Noul document din partea Fran\u021bei \u0219i Germaniei este o \u00eencercare de a consolida rolul lui Kallas, recunosc\u00e2nd \u00een acela\u0219i timp c\u0103 o mare parte din puterea real\u0103 de &hellip; <a href=\"https:\/\/microscopemedia.com\/?p=710873\" class=\"more-link\">Read More<\/a><\/p>\n","protected":false},"author":1,"featured_media":710874,"comment_status":"closed","ping_status":"closed","sticky":false,"template":"Default","format":"standard","meta":[],"categories":[1],"tags":[],"_links":{"self":[{"href":"https:\/\/microscopemedia.com\/index.php?rest_route=\/wp\/v2\/posts\/710873"}],"collection":[{"href":"https:\/\/microscopemedia.com\/index.php?rest_route=\/wp\/v2\/posts"}],"about":[{"href":"https:\/\/microscopemedia.com\/index.php?rest_route=\/wp\/v2\/types\/post"}],"author":[{"embeddable":true,"href":"https:\/\/microscopemedia.com\/index.php?rest_route=\/wp\/v2\/users\/1"}],"replies":[{"embeddable":true,"href":"https:\/\/microscopemedia.com\/index.php?rest_route=%2Fwp%2Fv2%2Fcomments&post=710873"}],"version-history":[{"count":0,"href":"https:\/\/microscopemedia.com\/index.php?rest_route=\/wp\/v2\/posts\/710873\/revisions"}],"wp:featuredmedia":[{"embeddable":true,"href":"https:\/\/microscopemedia.com\/index.php?rest_route=\/wp\/v2\/media\/710874"}],"wp:attachment":[{"href":"https:\/\/microscopemedia.com\/index.php?rest_route=%2Fwp%2Fv2%2Fmedia&parent=710873"}],"wp:term":[{"taxonomy":"category","embeddable":true,"href":"https:\/\/microscopemedia.com\/index.php?rest_route=%2Fwp%2Fv2%2Fcategories&post=710873"},{"taxonomy":"post_tag","embeddable":true,"href":"https:\/\/microscopemedia.com\/index.php?rest_route=%2Fwp%2Fv2%2Ftags&post=710873"}],"curies":[{"name":"wp","href":"https:\/\/api.w.org\/{rel}","templated":true}]}}