{"id":710879,"date":"2026-08-31T11:46:03","date_gmt":"2026-08-31T11:46:03","guid":{"rendered":"https:\/\/microscopemedia.com\/?p=710879"},"modified":"2026-08-31T11:46:03","modified_gmt":"2026-08-31T11:46:03","slug":"sorin-grindeanu-spune-ca-isi-asuma-functia-de-prim-ministru-eu-stiu-ce-inseamna-sa-fii-premier-cum-vrea-psd-sa-arate-viitorul-guvern","status":"publish","type":"post","link":"https:\/\/microscopemedia.com\/?p=710879","title":{"rendered":"Sorin Grindeanu spune c\u0103 \u00ee\u0219i asum\u0103 func\u021bia de prim-ministru: \u201eEu \u0219tiu ce \u00eenseamn\u0103 s\u0103 fii premier\u201d. Cum vrea PSD s\u0103 arate viitorul Guvern"},"content":{"rendered":"<div readability=\"35.26362625139\">\n<div class=\"sgb-google-buttons\">\n<div class=\"display-flex justify-center google-logo\"><img decoding=\"async\" loading=\"lazy\" class=\"mg-x-auto\" width=\"30\" height=\"30\" src=\"https:\/\/microscopemedia.com\/wp-content\/uploads\/2026\/08\/sorin-grindeanu-spune-ca-isi-asuma-functia-de-prim-ministru-eu-stiu-ce-inseamna-sa-fii-premier-cum-vrea-psd-sa-arate-viitorul-guvern.png\" alt><\/div>\n<\/p><\/div>\n<p data-path-to-node=\"0\" id=\"p-0\">Sorin Grindeanu, pre\u0219edintele PSD, a declarat luni, 31 august, la ie\u0219irea din \u0219edin\u021ba PSD, c\u0103 \u00ee\u0219i asum\u0103 func\u021bia de premier, ba chiar a ad\u0103ugat c\u0103 are deja experien\u021ba necesar\u0103. Consiliul politic al partidului a votat priorit\u0103\u021bile PSD pentru viitorul Guvern, pe care le va sus\u021bine \u00een negocierile pentru viitorul Guvern.<\/p>\n<p data-path-to-node=\"0\" id=\"p-1\">\u201ePropunerea PSD pentru func\u021bia de prim-ministru este luat\u0103 de acum 3 luni. Nu s-a schimbat nimic. Noi nu ne schimb\u0103m deciziile dup\u0103 cum bate v\u00e2ntul. Evident c\u0103 mi-asum func\u021bia de prim-ministru. \u00cens\u0103 v\u0103 reamintesc c\u0103 pre\u0219edintele e cel care face desemnarea\u201d, a declarat Sorin Grindeanu.<\/p>\n<h2 data-path-to-node=\"0\" id=\"chapter-0\">Culorile viitorului Guvern. Grindeanu: Guvern \u00een jurul PSD<\/h2>\n<p data-path-to-node=\"0\" id=\"p-2\">Pre\u0219edintele PSD spune c\u0103 va sus\u021bine doar dou\u0103 variante: cea a unui guvern monocolor PSD \u0219i cea a unui guvern \u201e\u00een jurul PSD\u201d. De altfel, liderul a mai spus c\u0103 nu va vota un Guvern din care PSD s\u0103 nu fac\u0103 parte.<\/p>\n<p data-path-to-node=\"0\" id=\"p-3\">\u201eCeea ce am stabilit noi ast\u0103zi, Partidul Social-Democrat, este cadrul politic \u00een care PSD va sus\u021bine viitorul guvern, iar variantele sunt fie guvern minoritar PSD, fie un guvern \u00een jurul PSD. Spre deosebire de al\u021bii care confund\u0103 guvernul cu o prim\u0103rie, eu \u0219tiu ce \u00eenseamn\u0103 s\u0103 fii premier. Am avut \u00een acele \u0219ase luni\u201d, a mai spus \u0219eful partidului.<\/p>\n<p data-path-to-node=\"0\" id=\"p-4\">Negocierile pentru viitorul Guvern urmeaz\u0103 s\u0103 fie purtate la Palatul Cotroceni, \u00een zilele urm\u0103toare, cu toate partidele politice pro-occidentale.<\/p>\n<\/p><\/div>\n","protected":false},"excerpt":{"rendered":"<p>Sorin Grindeanu, pre\u0219edintele PSD, a declarat luni, 31 august, la ie\u0219irea din \u0219edin\u021ba PSD, c\u0103 \u00ee\u0219i asum\u0103 func\u021bia de premier, ba chiar a ad\u0103ugat c\u0103 are deja experien\u021ba necesar\u0103. Consiliul &hellip; <a href=\"https:\/\/microscopemedia.com\/?p=710879\" class=\"more-link\">Read More<\/a><\/p>\n","protected":false},"author":1,"featured_media":710880,"comment_status":"closed","ping_status":"closed","sticky":false,"template":"Default","format":"standard","meta":[],"categories":[1],"tags":[],"_links":{"self":[{"href":"https:\/\/microscopemedia.com\/index.php?rest_route=\/wp\/v2\/posts\/710879"}],"collection":[{"href":"https:\/\/microscopemedia.com\/index.php?rest_route=\/wp\/v2\/posts"}],"about":[{"href":"https:\/\/microscopemedia.com\/index.php?rest_route=\/wp\/v2\/types\/post"}],"author":[{"embeddable":true,"href":"https:\/\/microscopemedia.com\/index.php?rest_route=\/wp\/v2\/users\/1"}],"replies":[{"embeddable":true,"href":"https:\/\/microscopemedia.com\/index.php?rest_route=%2Fwp%2Fv2%2Fcomments&post=710879"}],"version-history":[{"count":0,"href":"https:\/\/microscopemedia.com\/index.php?rest_route=\/wp\/v2\/posts\/710879\/revisions"}],"wp:featuredmedia":[{"embeddable":true,"href":"https:\/\/microscopemedia.com\/index.php?rest_route=\/wp\/v2\/media\/710880"}],"wp:attachment":[{"href":"https:\/\/microscopemedia.com\/index.php?rest_route=%2Fwp%2Fv2%2Fmedia&parent=710879"}],"wp:term":[{"taxonomy":"category","embeddable":true,"href":"https:\/\/microscopemedia.com\/index.php?rest_route=%2Fwp%2Fv2%2Fcategories&post=710879"},{"taxonomy":"post_tag","embeddable":true,"href":"https:\/\/microscopemedia.com\/index.php?rest_route=%2Fwp%2Fv2%2Ftags&post=710879"}],"curies":[{"name":"wp","href":"https:\/\/api.w.org\/{rel}","templated":true}]}}