{"id":710881,"date":"2026-08-31T11:57:03","date_gmt":"2026-08-31T11:57:03","guid":{"rendered":"https:\/\/microscopemedia.com\/?p=710881"},"modified":"2026-08-31T11:57:03","modified_gmt":"2026-08-31T11:57:03","slug":"sorin-grindeanu-intrebat-daca-exclude-o-alianta-de-guvernare-cu-aur-este-necesar-un-moment-zero-in-politica-romaneasca","status":"publish","type":"post","link":"https:\/\/microscopemedia.com\/?p=710881","title":{"rendered":"Sorin Grindeanu, \u00eentrebat dac\u0103 exclude o alian\u021b\u0103 de guvernare cu AUR: Este necesar un moment zero \u00een politica rom\u00e2neasc\u0103"},"content":{"rendered":"<div class=\"sgb-google-buttons\">\n<div class=\"display-flex justify-center google-logo\"><img decoding=\"async\" loading=\"lazy\" class=\"mg-x-auto\" width=\"30\" height=\"30\" src=\"https:\/\/microscopemedia.com\/wp-content\/uploads\/2026\/08\/sorin-grindeanu-intrebat-daca-exclude-o-alianta-de-guvernare-cu-aur-este-necesar-un-moment-zero-in-politica-romaneasca.png\" alt><\/div>\n<\/p><\/div>\n<p class=\"PDq2pG_selectionAnchorContainer\" data-start=\"146\" data-end=\"386\" id=\"p-0\">Pre\u0219edintele PSD, <a href=\"https:\/\/www.mediafax.ro\/politic\/psd-propune-acordul-celor-zece-prioritati-nationale-si-un-guvern-cu-mandat-de-24-de-luni-ce-plan-are-partidul-pentru-romania-23799068\">Sorin Grindeanu<\/a>, a declarat luni, dup\u0103 negocierile social-democra\u021bilor de la Sinaia, c\u0103 Rom\u00e2nia are nevoie urgent de un Guvern legitim \u0219i cu puteri depline, care s\u0103 poat\u0103 lua decizii \u00een actualul context economic \u0219i social.<\/p>\n<p data-start=\"388\" data-end=\"703\" id=\"p-1\">PSD a anun\u021bat c\u0103 va sus\u021bine fie <a href=\"https:\/\/www.mediafax.ro\/politic\/psd-isi-pune-conditiile-pentru-viitorul-guvern-nu-vom-sustine-nicio-formula-din-care-nu-facem-parte-23799061\">formarea unui Guvern minoritar social-democrat<\/a>, fie a unui Guvern politic construit \u00een jurul PSD, al\u0103turi de forma\u021biunile care sunt dispuse s\u0103 participe la guvernare. Totodat\u0103, social-democra\u021bii precizeaz\u0103 c\u0103 nu vor sus\u021bine o formul\u0103 de guvernare din care partidul nu face parte.<\/p>\n<p class=\"PDq2pG_selectionAnchorContainer\" data-start=\"705\" data-end=\"931\" id=\"p-2\">\u00centrebat dac\u0103 PSD este dispus s\u0103 negocieze cu AUR pentru a ob\u021bine sus\u021binerea necesar\u0103 \u00een Parlament, Sorin Grindeanu a respins aceast\u0103 variant\u0103, spun\u00e2nd c\u0103 \u201epozi\u021bia noastr\u0103 nu s-a schimbat\u201d.<\/p>\n<p data-start=\"933\" data-end=\"1069\" id=\"p-3\">Acesta a venit cu critici dure \u0219i la adresa actualei situa\u021bii politice, acuz\u00e2nd Guvernul condus de premierul interimar Ilie Bolojan c\u0103 a luat \u201em\u0103suri dezastruoase\u201d.<\/p>\n<p data-start=\"933\" data-end=\"1069\" id=\"p-4\">\u201e\u0218ti\u021bi c\u0103 Rom\u00e2nia se afl\u0103 \u00eentr-o situa\u021bie at\u00e2t de dificil\u0103 din punct de vedere economic \u0219i social dup\u0103 m\u0103surile dezastruoase ale lui Ilie Bolojan \u00eenc\u00e2t cred c\u0103 este, p\u00e2n\u0103 la urm\u0103, o nesim\u021bire \u0219i e corect cuv\u00e2ntul \u0219i o sfidare efectiv\u0103 la adresa rom\u00e2nilor ca acest circ politic s\u0103 continue\u201d, a declarat liderul PSD.<\/p>\n<h2 data-start=\"933\" data-end=\"1069\" id=\"chapter-0\">Grindeanu: \u201eOrgoliile \u0219i certurile continue nu cresc nici economia \u0219i nici veniturile rom\u00e2nilor\u201d<\/h2>\n<p class=\"PDq2pG_selectionAnchorContainer\" data-start=\"2001\" data-end=\"2180\" id=\"p-5\">Pre\u0219edintele PSD a sus\u021binut c\u0103 \u201eorgoliile \u0219i certurile continue nu cresc nici economia \u0219i nici veniturile rom\u00e2nilor. Dac\u0103 vrem ca \u00een 2028 s\u0103 nu fie un cutremur politic, cred c\u0103 toate partidele trebuie s\u0103-\u0219i dea seama \u0219i s\u0103 ac\u021bioneze mai responsabil. Toate partidele\u201d.<\/p>\n<p class=\"PDq2pG_selectionAnchorContainer\" data-start=\"2455\" data-end=\"2603\" id=\"p-6\">Acesta a spus c\u0103 \u201estr\u00e2mbatul din nas \u0219i cearta permanent\u0103, din perspectiva noastr\u0103, provoac\u0103 blocaje politice \u0219i mai provoac\u0103 ceva: lehamite din partea oamenilor, a rom\u00e2nilor\u201d.<\/p>\n<p data-start=\"3192\" data-end=\"3419\" id=\"p-7\">\u00cen ceea ce prive\u0219te formarea unui eventual Guvern, Sorin Grindeanu a spun c\u0103 PSD se bazeaz\u0103 inclusiv pe sprijinul unor parlamentari de dreapta care ar putea vota o formul\u0103 de Executiv construit\u0103 \u00een jurul social-democra\u021bilor.<\/p>\n<p data-start=\"3192\" data-end=\"3419\" id=\"p-8\">\u201eEu v\u0103 spun c\u0103 mizez inclusiv pe oameni de bun\u0103 credin\u021b\u0103 de la partidele de dreapta, care vor vota un posibil guvern format, a\u0219a cum am spus mai devreme\u201d, a declarat pre\u0219edintele PSD.<\/p>\n<h2 data-start=\"3192\" data-end=\"3419\" id=\"chapter-1\">Grindeanu exclude \u00een continuare o alian\u021b\u0103 cu AUR<\/h2>\n<p class=\"PDq2pG_selectionAnchorContainer\" data-start=\"3606\" data-end=\"3714\" id=\"p-9\">Liderul PSD a precizat \u00eens\u0103 c\u0103 acest lucru nu \u00eenseamn\u0103 c\u0103 PSD inten\u021bioneaz\u0103 s\u0103 formeze o alian\u021b\u0103 de guvernare cu AUR.<\/p>\n<p class=\"PDq2pG_selectionAnchorContainer\" data-start=\"3716\" data-end=\"3909\" id=\"p-10\">\u201e\u00cen ceea ce prive\u0219te AUR pozi\u021bia noastr\u0103 NU s-a schimbat. Respect \u0219i respect\u0103m aleg\u0103torii acestui partid, \u00eens\u0103 nu exist\u0103 perspectiv\u0103 de a avea alian\u021b\u0103 de guvernare cu AUR\u201d, a afirmat Grindeanu.<\/p>\n<p data-section-id=\"1vh4rg5\" data-start=\"3911\" data-end=\"3959\" id=\"p-11\">El a mai declarat c\u0103 \u201edac\u0103 vrem ca Partidul Social-Democrat, \u0219i vrem acest lucru cu to\u021bii, s\u0103 c\u00e2\u0219tige alegerile, ca \u0219i p\u00e2n\u0103 acum, atunci \u021binta este s\u0103 se bat\u0103 la locul 1\u201d.<\/p>\n","protected":false},"excerpt":{"rendered":"<p>Pre\u0219edintele PSD, Sorin Grindeanu, a declarat luni, dup\u0103 negocierile social-democra\u021bilor de la Sinaia, c\u0103 Rom\u00e2nia are nevoie urgent de un Guvern legitim \u0219i cu puteri depline, care s\u0103 poat\u0103 lua &hellip; <a href=\"https:\/\/microscopemedia.com\/?p=710881\" class=\"more-link\">Read More<\/a><\/p>\n","protected":false},"author":1,"featured_media":710882,"comment_status":"closed","ping_status":"closed","sticky":false,"template":"Default","format":"standard","meta":[],"categories":[1],"tags":[],"_links":{"self":[{"href":"https:\/\/microscopemedia.com\/index.php?rest_route=\/wp\/v2\/posts\/710881"}],"collection":[{"href":"https:\/\/microscopemedia.com\/index.php?rest_route=\/wp\/v2\/posts"}],"about":[{"href":"https:\/\/microscopemedia.com\/index.php?rest_route=\/wp\/v2\/types\/post"}],"author":[{"embeddable":true,"href":"https:\/\/microscopemedia.com\/index.php?rest_route=\/wp\/v2\/users\/1"}],"replies":[{"embeddable":true,"href":"https:\/\/microscopemedia.com\/index.php?rest_route=%2Fwp%2Fv2%2Fcomments&post=710881"}],"version-history":[{"count":0,"href":"https:\/\/microscopemedia.com\/index.php?rest_route=\/wp\/v2\/posts\/710881\/revisions"}],"wp:featuredmedia":[{"embeddable":true,"href":"https:\/\/microscopemedia.com\/index.php?rest_route=\/wp\/v2\/media\/710882"}],"wp:attachment":[{"href":"https:\/\/microscopemedia.com\/index.php?rest_route=%2Fwp%2Fv2%2Fmedia&parent=710881"}],"wp:term":[{"taxonomy":"category","embeddable":true,"href":"https:\/\/microscopemedia.com\/index.php?rest_route=%2Fwp%2Fv2%2Fcategories&post=710881"},{"taxonomy":"post_tag","embeddable":true,"href":"https:\/\/microscopemedia.com\/index.php?rest_route=%2Fwp%2Fv2%2Ftags&post=710881"}],"curies":[{"name":"wp","href":"https:\/\/api.w.org\/{rel}","templated":true}]}}