{"id":710895,"date":"2026-08-31T13:37:03","date_gmt":"2026-08-31T13:37:03","guid":{"rendered":"https:\/\/microscopemedia.com\/?p=710895"},"modified":"2026-08-31T13:37:03","modified_gmt":"2026-08-31T13:37:03","slug":"trafic-restrictionat-in-bucuresti-incepand-de-marti-din-cauza-unei-avarii-la-reteaua-de-gaze","status":"publish","type":"post","link":"https:\/\/microscopemedia.com\/?p=710895","title":{"rendered":"Trafic restric\u021bionat \u00een Bucure\u0219ti, \u00eencep\u00e2nd de mar\u021bi, din cauza unei avarii la re\u021beaua de gaze"},"content":{"rendered":"<div readability=\"20.772329246935\">\n<div class=\"sgb-google-buttons\">\n<div class=\"display-flex justify-center google-logo\"><img decoding=\"async\" loading=\"lazy\" class=\"mg-x-auto\" width=\"30\" height=\"30\" src=\"https:\/\/microscopemedia.com\/wp-content\/uploads\/2026\/08\/trafic-restrictionat-in-bucuresti-incepand-de-marti-din-cauza-unei-avarii-la-reteaua-de-gaze.png\" alt><\/div>\n<\/p><\/div>\n<p id=\"p-0\">Potrivit Brig\u0103zii Rutiere, restric\u021bia va fi instituit\u0103 de la ora 09:30 \u0219i va fi valabil\u0103 p\u00e2n\u0103 pe 6 septembrie, la ora 00:00, pe sensul de mers dinspre strada Delea Veche c\u0103tre Calea C\u0103l\u0103ra\u0219i.<\/p>\n<p id=\"p-1\">Pe cel\u0103lalt sens, dinspre Calea C\u0103l\u0103ra\u0219i c\u0103tre strada Matei Voievod, traficul se va desf\u0103\u0219ura \u00een condi\u021bii normale.<\/p>\n<p id=\"p-2\">Brigada Rutier\u0103 le recomand\u0103 \u0219oferilor s\u0103 circule cu pruden\u021b\u0103, s\u0103 p\u0103streze o distan\u021b\u0103 suficient\u0103 pentru a putea fr\u00e2na \u00een condi\u021bii de siguran\u021b\u0103 \u0219i s\u0103 respecte semnalizarea rutier\u0103 temporar\u0103, precum \u0219i indica\u021biile poli\u021bi\u0219tilor rutieri.<\/p>\n<p id=\"p-3\">Pietonii sunt sf\u0103tui\u021bi s\u0103 respecte semnalele poli\u021bi\u0219tilor \u0219i s\u0103 traverseze doar prin locurile special amenajate, la culoarea verde a semaforului, dup\u0103 ce s-au asigurat c\u0103 \u0219oferii le-au \u00een\u021beles inten\u021bia de a traversa.<\/p>\n<\/p><\/div>\n","protected":false},"excerpt":{"rendered":"<p>Potrivit Brig\u0103zii Rutiere, restric\u021bia va fi instituit\u0103 de la ora 09:30 \u0219i va fi valabil\u0103 p\u00e2n\u0103 pe 6 septembrie, la ora 00:00, pe sensul de mers dinspre strada Delea Veche &hellip; <a href=\"https:\/\/microscopemedia.com\/?p=710895\" class=\"more-link\">Read More<\/a><\/p>\n","protected":false},"author":1,"featured_media":710896,"comment_status":"closed","ping_status":"closed","sticky":false,"template":"Default","format":"standard","meta":[],"categories":[1],"tags":[],"_links":{"self":[{"href":"https:\/\/microscopemedia.com\/index.php?rest_route=\/wp\/v2\/posts\/710895"}],"collection":[{"href":"https:\/\/microscopemedia.com\/index.php?rest_route=\/wp\/v2\/posts"}],"about":[{"href":"https:\/\/microscopemedia.com\/index.php?rest_route=\/wp\/v2\/types\/post"}],"author":[{"embeddable":true,"href":"https:\/\/microscopemedia.com\/index.php?rest_route=\/wp\/v2\/users\/1"}],"replies":[{"embeddable":true,"href":"https:\/\/microscopemedia.com\/index.php?rest_route=%2Fwp%2Fv2%2Fcomments&post=710895"}],"version-history":[{"count":0,"href":"https:\/\/microscopemedia.com\/index.php?rest_route=\/wp\/v2\/posts\/710895\/revisions"}],"wp:featuredmedia":[{"embeddable":true,"href":"https:\/\/microscopemedia.com\/index.php?rest_route=\/wp\/v2\/media\/710896"}],"wp:attachment":[{"href":"https:\/\/microscopemedia.com\/index.php?rest_route=%2Fwp%2Fv2%2Fmedia&parent=710895"}],"wp:term":[{"taxonomy":"category","embeddable":true,"href":"https:\/\/microscopemedia.com\/index.php?rest_route=%2Fwp%2Fv2%2Fcategories&post=710895"},{"taxonomy":"post_tag","embeddable":true,"href":"https:\/\/microscopemedia.com\/index.php?rest_route=%2Fwp%2Fv2%2Ftags&post=710895"}],"curies":[{"name":"wp","href":"https:\/\/api.w.org\/{rel}","templated":true}]}}