{"id":710899,"date":"2026-08-31T14:07:03","date_gmt":"2026-08-31T14:07:03","guid":{"rendered":"https:\/\/microscopemedia.com\/?p=710899"},"modified":"2026-08-31T14:07:03","modified_gmt":"2026-08-31T14:07:03","slug":"al-12-lea-zbor-umanitar-al-romaniei-din-gaza-cinci-copii-au-fost-evacuati-pentru-ingrijiri-medicale-de-urgenta","status":"publish","type":"post","link":"https:\/\/microscopemedia.com\/?p=710899","title":{"rendered":"Al 12-lea zbor umanitar al Rom\u00e2niei din Gaza. Cinci copii au fost evacua\u021bi pentru \u00eengrijiri medicale de urgen\u021b\u0103"},"content":{"rendered":"<div readability=\"36.27508650519\">\n<div class=\"sgb-google-buttons\">\n<div class=\"display-flex justify-center google-logo\"><img decoding=\"async\" loading=\"lazy\" class=\"mg-x-auto\" width=\"30\" height=\"30\" src=\"https:\/\/microscopemedia.com\/wp-content\/uploads\/2026\/08\/al-12-lea-zbor-umanitar-al-romaniei-din-gaza-cinci-copii-au-fost-evacuati-pentru-ingrijiri-medicale-de-urgenta.png\" alt><\/div>\n<\/p><\/div>\n<p id=\"p-0\">Opera\u021biunea a fost coordonat\u0103 de Ministerul Afacerilor Externe (MAE), \u00een colaborare cu Ministerul Ap\u0103r\u0103rii Na\u021bionale (MApN), Ministerul Afacerilor Interne \u2013 Departamentul pentru Situa\u021bii de Urgen\u021b\u0103 (DSU) \u0219i Ministerul S\u0103n\u0103t\u0103\u021bii, \u00een coordonare cu structurile dedicate ale Comisiei Europene.<\/p>\n<p id=\"p-1\">Transportul a fost al 12-lea zbor umanitar organizat de Rom\u00e2nia \u0219i, potrivit MAE, reflect\u0103 angajamentele asumate de \u021bara noastr\u0103 \u00een cadrul Consiliului de Pace de la Washington.<\/p>\n<div id=\"attachment_23799258\" class=\"wp-caption alignnone\" readability=\"33\"><img loading=\"lazy\" fetchpriority=\"high\" decoding=\"async\" aria-describedby=\"caption-attachment-23799258\" class=\" wp-image-23799258\" src=\"https:\/\/microscopemedia.com\/wp-content\/uploads\/2026\/08\/al-12-lea-zbor-umanitar-al-romaniei-din-gaza-cinci-copii-au-fost-evacuati-pentru-ingrijiri-medicale-de-urgenta.jpg\" alt width=\"399\" height=\"225\" srcset=\"https:\/\/microscopemedia.com\/wp-content\/uploads\/2026\/08\/al-12-lea-zbor-umanitar-al-romaniei-din-gaza-cinci-copii-au-fost-evacuati-pentru-ingrijiri-medicale-de-urgenta.jpg 300w, https:\/\/microscopemedia.com\/wp-content\/uploads\/2026\/08\/al-12-lea-zbor-umanitar-al-romaniei-din-gaza-cinci-copii-au-fost-evacuati-pentru-ingrijiri-medicale-de-urgenta-1.jpg 1024w, https:\/\/microscopemedia.com\/wp-content\/uploads\/2026\/08\/al-12-lea-zbor-umanitar-al-romaniei-din-gaza-cinci-copii-au-fost-evacuati-pentru-ingrijiri-medicale-de-urgenta-2.jpg 768w, https:\/\/microscopemedia.com\/wp-content\/uploads\/2026\/08\/al-12-lea-zbor-umanitar-al-romaniei-din-gaza-cinci-copii-au-fost-evacuati-pentru-ingrijiri-medicale-de-urgenta-3.jpg 1536w, https:\/\/www.mediafax.ro\/wp-content\/uploads\/2026\/08\/789872635_1004507832174236_3874955438803000746_n.jpg 1600w\" sizes=\"(max-width: 399px) 100vw, 399px\"><\/p>\n<p id=\"caption-attachment-23799258\" class=\"wp-caption-text\">Sursa foto: Facebook Ministerul Afacerilor Externe\/ Ministry of Foreign Affairs, Romania<\/p>\n<\/div>\n<p id=\"p-2\">Opera\u021biunea \u201ea vizat evacuarea a 5 pacien\u021bi pediatrici vulnerabili, care necesit\u0103 \u00eengrijiri medicale specializate de urgen\u021b\u0103, al\u0103turi de membri ai familiilor acestora. \u00cen total, 20 de persoane au fost evacuate\u201d, transmite MAE, pe Facebook.<\/p>\n<p id=\"p-3\">Misiunea a fost realizat\u0103 cu sprijinul opera\u021bional al Ambasadei Rom\u00e2niei la Tel Aviv. Echipa diplomatic\u0103 \u0219i consular\u0103 a ambasadei a fost prezent\u0103 pe Aeroportul Ramon din Eilat pentru asisten\u021b\u0103 consular\u0103 \u0219i coordonare logistic\u0103. La opera\u021biune a participat, \u00een calitate de observator, \u0219i Ambasada SUA la Ierusalim.<\/p>\n<p id=\"p-4\">La bordul aeronavei s-a aflat o echip\u0103 medical\u0103 SMURD, care a monitorizat \u0219i asistat pacien\u021bii pe durata transportului.<\/p>\n<p id=\"p-5\">Opera\u021biunea s-a desf\u0103\u0219urat sub egida Mecanismului de Protec\u021bie Civil\u0103 al Uniunii Europene (UCPM), \u00een cooperare cu Organiza\u021bia Mondial\u0103 a S\u0103n\u0103t\u0103\u021bii.<\/p>\n<\/p><\/div>\n","protected":false},"excerpt":{"rendered":"<p>Opera\u021biunea a fost coordonat\u0103 de Ministerul Afacerilor Externe (MAE), \u00een colaborare cu Ministerul Ap\u0103r\u0103rii Na\u021bionale (MApN), Ministerul Afacerilor Interne \u2013 Departamentul pentru Situa\u021bii de Urgen\u021b\u0103 (DSU) \u0219i Ministerul S\u0103n\u0103t\u0103\u021bii, \u00een &hellip; <a href=\"https:\/\/microscopemedia.com\/?p=710899\" class=\"more-link\">Read More<\/a><\/p>\n","protected":false},"author":1,"featured_media":710900,"comment_status":"closed","ping_status":"closed","sticky":false,"template":"Default","format":"standard","meta":[],"categories":[1],"tags":[],"_links":{"self":[{"href":"https:\/\/microscopemedia.com\/index.php?rest_route=\/wp\/v2\/posts\/710899"}],"collection":[{"href":"https:\/\/microscopemedia.com\/index.php?rest_route=\/wp\/v2\/posts"}],"about":[{"href":"https:\/\/microscopemedia.com\/index.php?rest_route=\/wp\/v2\/types\/post"}],"author":[{"embeddable":true,"href":"https:\/\/microscopemedia.com\/index.php?rest_route=\/wp\/v2\/users\/1"}],"replies":[{"embeddable":true,"href":"https:\/\/microscopemedia.com\/index.php?rest_route=%2Fwp%2Fv2%2Fcomments&post=710899"}],"version-history":[{"count":0,"href":"https:\/\/microscopemedia.com\/index.php?rest_route=\/wp\/v2\/posts\/710899\/revisions"}],"wp:featuredmedia":[{"embeddable":true,"href":"https:\/\/microscopemedia.com\/index.php?rest_route=\/wp\/v2\/media\/710900"}],"wp:attachment":[{"href":"https:\/\/microscopemedia.com\/index.php?rest_route=%2Fwp%2Fv2%2Fmedia&parent=710899"}],"wp:term":[{"taxonomy":"category","embeddable":true,"href":"https:\/\/microscopemedia.com\/index.php?rest_route=%2Fwp%2Fv2%2Fcategories&post=710899"},{"taxonomy":"post_tag","embeddable":true,"href":"https:\/\/microscopemedia.com\/index.php?rest_route=%2Fwp%2Fv2%2Ftags&post=710899"}],"curies":[{"name":"wp","href":"https:\/\/api.w.org\/{rel}","templated":true}]}}