{"id":710909,"date":"2026-08-31T15:17:03","date_gmt":"2026-08-31T15:17:03","guid":{"rendered":"https:\/\/microscopemedia.com\/?p=710909"},"modified":"2026-08-31T15:17:03","modified_gmt":"2026-08-31T15:17:03","slug":"solutia-propusa-pentru-criza-volkswagen-angajatii-sa-lucreze-cinci-ore-in-plus-pe-saptamana-pentru-a-evita-inchiderea-fabricilor-din-germania","status":"publish","type":"post","link":"https:\/\/microscopemedia.com\/?p=710909","title":{"rendered":"Solu\u021bia propus\u0103 pentru criza Volkswagen: angaja\u021bii s\u0103 lucreze cinci ore \u00een plus pe s\u0103pt\u0103m\u00e2n\u0103 pentru a evita \u00eenchiderea fabricilor din Germania"},"content":{"rendered":"<div class=\"sgb-google-buttons\">\n<div class=\"display-flex justify-center google-logo\"><img decoding=\"async\" loading=\"lazy\" class=\"mg-x-auto\" width=\"30\" height=\"30\" src=\"https:\/\/microscopemedia.com\/wp-content\/uploads\/2026\/08\/solutia-propusa-pentru-criza-volkswagen-angajatii-sa-lucreze-cinci-ore-in-plus-pe-saptamana-pentru-a-evita-inchiderea-fabricilor-din-germania.png\" alt><\/div>\n<\/p><\/div>\n<p id=\"p-0\">Angaja\u021bii Volkswagen, conducerea companiei \u0219i liderii politici trebuie s\u0103 colaboreze pentru a limita efectele reducerilor de personal \u0219i de produc\u021bie \u0219i pentru a face compania mai competitiv\u0103, a declarat premierul landului Saxonia, Michael Kretschmer, conform <a href=\"https:\/\/www.reuters.com\/business\/world-at-work\/german-state-leader-urges-joint-effort-solve-volkswagen-crisis-2026-08-31\/\" target=\"_blank\" rel=\"noopener\">Reuters<\/a>.<\/p>\n<p id=\"p-1\">Kretschmer, membru al Uniunii Cre\u0219tin-Democrate (CDU), partidul cancelarului Friedrich Merz, este presat s\u0103 protejeze locurile de munc\u0103 din industria auto din Saxonia, una dintre regiunile mai s\u0103race ale Germaniei \u0219i un bastion al partidului de extrem\u0103 dreapta AfD.<\/p>\n<h2 id=\"chapter-0\">Volkswagen, cel mai mare angajator privat din Saxonia<\/h2>\n<p id=\"p-2\">Volkswagen este cel mai mare angajator privat din Saxonia \u0219i are aproximativ 10.000 de angaja\u021bi \u00een trei fabrici. Alte zeci de mii de locuri de munc\u0103 depind indirect de companie, prin re\u021beaua de furnizori.<\/p>\n<p id=\"p-3\">Printre acestea se num\u0103r\u0103 fabrica de ma\u0219ini electrice din Zwickau, una dintre cele patru unit\u0103\u021bi despre care conducerea Volkswagen a spus c\u0103 nu au un viitor clar dup\u0103 2030.<\/p>\n<h2 id=\"chapter-1\">Kretschmer spune c\u0103 produc\u021bia trebuie men\u021binut\u0103 \u00een Germania<\/h2>\n<p id=\"p-4\">\u201eTrebuie s\u0103 lucr\u0103m cu to\u021bii \u00eempreun\u0103 la acest lucru\u201d, a declarat Kretschmer pentru Reuters. \u201ePur \u0219i simplu, produc\u021bia \u00een Germania trebuie s\u0103 devin\u0103 mai bun\u0103, mai u\u0219oar\u0103 \u0219i mai rentabil\u0103\u201d.<\/p>\n<p id=\"p-5\">Kretschmer s-a \u00eent\u00e2lnit s\u0103pt\u0103m\u00e2na trecut\u0103 cu directorul general al <a href=\"https:\/\/www.mediafax.ro\/auto\/scandal-la-volkswagen-seful-companiei-a-fost-huiduit-de-10-000-de-angajati-dupa-ce-a-adus-vorba-de-concedieri-23796577\">Volkswagen<\/a>, Oliver Blume, \u0219i cu pre\u0219edintele Consiliului de Supraveghere, Hans Dieter P\u00f6tsch, pentru a discuta despre viitorul fabricii din Zwickau. El a spus \u00eens\u0103 c\u0103 nu a fost g\u0103sit\u0103 deocamdat\u0103 o solu\u021bie concret\u0103.<\/p>\n<p id=\"p-6\">\u201eObiectivul nostru este s\u0103 facem posibil\u0103 \u0219i s\u0103 men\u021binem produc\u021bia \u00een Germania, nu s\u0103 o transfer\u0103m \u00een str\u0103in\u0103tate\u201d, a spus Kretschmer.<\/p>\n<p id=\"p-7\">Premierul Saxoniei a afirmat c\u0103 o decizie privind viitorul fabricii din Zwickau trebuie luat\u0103 \u00een urm\u0103toarele luni. \u00cen opinia sa, o hot\u0103r\u00e2re rapid\u0103 ar reduce incertitudinea \u00een r\u00e2ndul angaja\u021bilor \u0219i ar ajuta la cre\u0219terea productivit\u0103\u021bii.<\/p>\n<p id=\"p-8\">Kretschmer a indicat printre problemele industriei auto \u0219i pre\u021burile ridicate ale energiei din Germania.<\/p>\n<p id=\"p-9\">El a criticat \u0219i planurile Uniunii Europene de eliminare treptat\u0103 a motoarelor cu combustie, chiar dac\u0103 blocul comunitar a relaxat \u00eentre timp obiectivul stabilit ini\u021bial pentru 2035.<\/p>\n<h2 id=\"chapter-2\">Angaja\u021bii ar putea lucra cinci ore \u00een plus pe s\u0103pt\u0103m\u00e2n\u0103<\/h2>\n<p id=\"p-10\">Premierul Saxoniei sus\u021bine \u0219i planurile conducerii Volkswagen de simplificare a structurii companiei \u0219i de reducere a num\u0103rului de modele.<\/p>\n<p id=\"p-11\">\u201eSuntem prea scumpi\u201d, a declarat el luni diminea\u021b\u0103 pentru postul public ZDF, referindu-se la costurile produc\u021biei \u00een Germania, potrivit dpa.<\/p>\n<p id=\"p-12\">Totu\u0219i, \u00een locul reducerii salariilor, Kretschmer a propus \u201eun pachet de m\u0103suri\u201d, care s\u0103 includ\u0103 \u0219i \u201e\u00eentr-o anumit\u0103 m\u0103sur\u0103, un program de lucru mai lung\u201d.<\/p>\n<p id=\"p-13\">O variant\u0103 ar fi renegocierea contractului colectiv de munc\u0103 \u0219i cre\u0219terea programului de lucru de la 35 la 40 de ore pe s\u0103pt\u0103m\u00e2n\u0103.<\/p>\n<p id=\"p-14\">IG Metall, cel mai mare sindicat din Germania, insist\u0103 \u00eens\u0103 asupra men\u021binerii s\u0103pt\u0103m\u00e2nii de lucru de 35 de ore.<\/p>\n","protected":false},"excerpt":{"rendered":"<p>Angaja\u021bii Volkswagen, conducerea companiei \u0219i liderii politici trebuie s\u0103 colaboreze pentru a limita efectele reducerilor de personal \u0219i de produc\u021bie \u0219i pentru a face compania mai competitiv\u0103, a declarat premierul &hellip; <a href=\"https:\/\/microscopemedia.com\/?p=710909\" class=\"more-link\">Read More<\/a><\/p>\n","protected":false},"author":1,"featured_media":710910,"comment_status":"closed","ping_status":"closed","sticky":false,"template":"Default","format":"standard","meta":[],"categories":[1],"tags":[],"_links":{"self":[{"href":"https:\/\/microscopemedia.com\/index.php?rest_route=\/wp\/v2\/posts\/710909"}],"collection":[{"href":"https:\/\/microscopemedia.com\/index.php?rest_route=\/wp\/v2\/posts"}],"about":[{"href":"https:\/\/microscopemedia.com\/index.php?rest_route=\/wp\/v2\/types\/post"}],"author":[{"embeddable":true,"href":"https:\/\/microscopemedia.com\/index.php?rest_route=\/wp\/v2\/users\/1"}],"replies":[{"embeddable":true,"href":"https:\/\/microscopemedia.com\/index.php?rest_route=%2Fwp%2Fv2%2Fcomments&post=710909"}],"version-history":[{"count":0,"href":"https:\/\/microscopemedia.com\/index.php?rest_route=\/wp\/v2\/posts\/710909\/revisions"}],"wp:featuredmedia":[{"embeddable":true,"href":"https:\/\/microscopemedia.com\/index.php?rest_route=\/wp\/v2\/media\/710910"}],"wp:attachment":[{"href":"https:\/\/microscopemedia.com\/index.php?rest_route=%2Fwp%2Fv2%2Fmedia&parent=710909"}],"wp:term":[{"taxonomy":"category","embeddable":true,"href":"https:\/\/microscopemedia.com\/index.php?rest_route=%2Fwp%2Fv2%2Fcategories&post=710909"},{"taxonomy":"post_tag","embeddable":true,"href":"https:\/\/microscopemedia.com\/index.php?rest_route=%2Fwp%2Fv2%2Ftags&post=710909"}],"curies":[{"name":"wp","href":"https:\/\/api.w.org\/{rel}","templated":true}]}}