{"id":710929,"date":"2026-08-31T17:47:03","date_gmt":"2026-08-31T17:47:03","guid":{"rendered":"https:\/\/microscopemedia.com\/?p=710929"},"modified":"2026-08-31T17:47:03","modified_gmt":"2026-08-31T17:47:03","slug":"trei-companii-de-stat-radiate-dupa-fuziuni-oana-gheorghiu-un-angajament-vechi-de-peste-patru-ani-dus-in-sfarsit-la-capat-ce-spune-cfr-despre-companiile-preluatee","status":"publish","type":"post","link":"https:\/\/microscopemedia.com\/?p=710929","title":{"rendered":"Trei companii de stat, radiate dup\u0103 fuziuni. Oana Gheorghiu: \u201eUn angajament vechi de peste patru ani, dus, \u00een sf\u00e2r\u0219it, la cap\u0103t\u201d\/ Ce spune CFR despre companiile preluatee"},"content":{"rendered":"<div class=\"sgb-google-buttons\">\n<div class=\"display-flex justify-center google-logo\"><img decoding=\"async\" loading=\"lazy\" class=\"mg-x-auto\" width=\"30\" height=\"30\" src=\"https:\/\/microscopemedia.com\/wp-content\/uploads\/2026\/08\/trei-companii-de-stat-radiate-dupa-fuziuni-oana-gheorghiu-un-angajament-vechi-de-peste-patru-ani-dus-in-sfarsit-la-capat-ce-spune-cfr-despre-companiile-preluatee.png\" alt><\/div>\n<\/p><\/div>\n<h2 data-start=\"1794\" data-end=\"1992\" id=\"chapter-0\">UPDATE ora 20:39 \u2013 CFR preia patrimoniul, drepturile \u0219i obliga\u021biile a dou\u0103 societ\u0103\u021bi<\/h2>\n<p class=\"PDq2pG_selectionAnchorContainer\" data-start=\"2049\" data-end=\"2244\" id=\"p-0\">CFR SA <a href=\"https:\/\/cfr.ro\/31-august-2026-cfr-s-a-isi-consolideaza-structura-fuziunile-cu-telecomunicatii-cfr-si-tipografica-filaret-finalizate\/\" target=\"_blank\" rel=\"noopener\">a anun\u021bat<\/a> c\u0103 procesele de fuziune prin absorb\u021bie cu Telecomunica\u021bii CFR SA \u0219i Tipografica \u201eFilaret\u201d SA au fost finalizate dup\u0103 admiterea, la 31 august, a cererilor de \u00eenregistrare.<\/p>\n<p data-start=\"2246\" data-end=\"2431\" id=\"p-1\">CFR este societatea absorbant\u0103, astfel c\u0103 activit\u0103\u021bile, patrimoniul, drepturile \u0219i obliga\u021biile celor dou\u0103 societ\u0103\u021bi sunt integrate \u00een structura sa.<\/p>\n<p data-start=\"2433\" data-end=\"2684\" id=\"p-2\">Compania subliniaz\u0103 c\u0103 opera\u021biunile reprezint\u0103 o reorganizare intern\u0103 a unor entit\u0103\u021bi controlate de stat \u0219i nu presupun privatizarea societ\u0103\u021bilor absorbite sau transferarea activelor c\u0103tre investitori priva\u021bi.<\/p>\n<p data-start=\"2686\" data-end=\"2906\" id=\"p-3\">Telecomunica\u021bii CFR \u0219i Tipografica \u201eFilaret\u201d \u00ee\u0219i \u00eenceteaz\u0103 existen\u021ba juridic\u0103 distinct\u0103 f\u0103r\u0103 lichidare. Activit\u0103\u021bile lor nu sunt \u00eens\u0103 eliminate, ci vor continua \u00een interiorul CFR SA.<\/p>\n<h2 data-section-id=\"rpny87\" data-start=\"2908\" data-end=\"2950\" id=\"chapter-1\">Ce urm\u0103re\u0219te CFR prin cele dou\u0103 fuziuni<\/h2>\n<p data-start=\"2952\" data-end=\"3219\" id=\"p-4\">Administratorul infrastructurii feroviare sus\u021bine c\u0103 reorganizarea ar trebui s\u0103 simplifice circuitele administrative \u0219i decizionale, s\u0103 reduc\u0103 suprapunerile \u00eentre func\u021biile administrative \u0219i de suport \u0219i s\u0103 permit\u0103 gestionarea integrat\u0103 a patrimoniului \u0219i resurselor.<\/p>\n<p data-start=\"3221\" data-end=\"3400\" id=\"p-5\">Contractele \u0219i activit\u0103\u021bile celor dou\u0103 foste entit\u0103\u021bi vor fi, de asemenea, integrate \u00een procesele interne de administrare \u0219i control ale CFR.<\/p>\n<p data-start=\"3402\" data-end=\"3746\" id=\"p-6\">Compania evit\u0103 \u00eens\u0103 s\u0103 avanseze, \u00een acest moment, o cifr\u0103 privind economiile care ar urma s\u0103 rezulte din restructurare. CFR precizeaz\u0103 c\u0103 efectele economice \u0219i opera\u021bionale concrete vor putea fi m\u0103surate numai dup\u0103 integrarea complet\u0103 a activit\u0103\u021bilor \u0219i c\u0103 eventualele economii nu au fost \u00eenc\u0103 determinate.<\/p>\n<h2 data-start=\"4068\" data-end=\"4290\" id=\"chapter-2\">\u0218tirea ini\u021bial\u0103:<\/h2>\n<p class=\"PDq2pG_selectionAnchorContainer\" data-start=\"1794\" data-end=\"1992\" id=\"p-7\">\u00cen sectorul energetic, Electrocentrale Grup a fuzionat prin absorb\u021bie cu Societatea de Administrare a Participa\u021biilor \u00een Energie (SAPE), companie aflat\u0103 \u00een portofoliul Ministerului Energiei.<\/p>\n<p data-start=\"1994\" data-end=\"2267\" id=\"p-8\">\u00cen transporturi, procesul a vizat dou\u0103 societ\u0103\u021bi: Societatea Tipografic\u0103 Filaret \u0219i Telecomunica\u021bii CFR. Ambele au fuzionat prin absorb\u021bie cu Compania Na\u021bional\u0103 de C\u0103i Ferate CFR SA (CNCFR), aflat\u0103 \u00een portofoliul Ministerului Transporturilor \u0219i Infrastructurii.<\/p>\n<p data-start=\"2269\" data-end=\"2498\" id=\"p-9\">Potrivit Oanei Gheorghiu, Oficiul Registrului Comer\u021bului a admis cele trei fuziuni \u0219i radierea societ\u0103\u021bilor absorbite. \u00cen cazul a dou\u0103 dintre acestea, hot\u0103r\u00e2rile au fost pronun\u021bate chiar luni \u0219i urmeaz\u0103 s\u0103 fie comunicate oficial.<\/p>\n<p data-start=\"2500\" data-end=\"2686\" id=\"p-10\">\u201eE o reform\u0103 de guvernan\u021b\u0103 corporativ\u0103 asumat\u0103 prin PNRR, care elimin\u0103 structuri paralele \u0219i consolideaz\u0103 administrarea companiilor de stat din aceste domenii\u201d, a transmis vicepremierul.<\/p>\n<h2 data-section-id=\"7jios\" data-start=\"2688\" data-end=\"2760\" id=\"chapter-3\">Gheorghiu: Restructurarea a pornit de la un proiect cu 22 de companii<\/h2>\n<p data-start=\"2762\" data-end=\"2938\" id=\"p-12\">Vicepremierul sus\u021bine c\u0103, \u00een momentul \u00een care a intrat \u00een Guvern, \u00een noiembrie 2025, nu fusese f\u0103cut niciun pas pentru restructurarea vreunei societ\u0103\u021bi \u00een cadrul jalonului 443.<\/p>\n<p data-start=\"2940\" data-end=\"3116\" id=\"p-13\">Ulterior, a fost ini\u021biat un proiect-pilot care viza 22 de companii de stat, pentru restructurare sau listare, \u00een conformitate cu angajamentele asumate de Rom\u00e2nia prin PNRR.<\/p>\n<p data-start=\"3118\" data-end=\"3219\" id=\"p-14\">\u201eP\u00e2n\u0103 la demiterea Guvernului, am reu\u0219it s\u0103 pornim restructurarea a 3 companii\u201d, a afirmat Gheorghiu.<\/p>\n<p data-start=\"3221\" data-end=\"3361\" id=\"p-15\">Aceasta consider\u0103 finalizarea celor trei opera\u021biuni doar \u00eenceputul unui proces mai amplu de reformare a sectorului \u00eentreprinderilor publice.<\/p>\n<p data-start=\"3363\" data-end=\"3531\" id=\"p-16\">\u201eAst\u0103zi am f\u0103cut primul pas \u0219i am ar\u0103tat c\u0103 se poate. De aici \u00eenainte, acest drum poate fi continuat acolo unde performan\u021ba economic\u0103 o cere\u201d, a transmis vicepremierul.<\/p>\n<h2 data-section-id=\"1oszchs\" data-start=\"3533\" data-end=\"3600\" id=\"chapter-4\">Jalonul 443, declarat \u00eenchis \u00een ultima zi de implementare a PNRR<\/h2>\n<p data-start=\"3602\" data-end=\"3812\" id=\"p-17\">Potrivit Oanei Gheorghiu, Guvernul a \u00eenchis astfel, chiar pe 31 august, jalonul 443 din PNRR. Obiectivul acestuia a fost restructurarea companiilor de stat pentru cre\u0219terea eficien\u021bei \u0219i performan\u021bei economice.<\/p>\n<p data-start=\"4086\" data-end=\"4185\" id=\"p-18\">\u201eUn angajament vechi de peste patru ani, dus, \u00een sf\u00e2r\u0219it, la cap\u0103t\u201d, a concluzionat Oana Gheorghiu.<\/p>\n","protected":false},"excerpt":{"rendered":"<p>UPDATE ora 20:39 \u2013 CFR preia patrimoniul, drepturile \u0219i obliga\u021biile a dou\u0103 societ\u0103\u021bi CFR SA a anun\u021bat c\u0103 procesele de fuziune prin absorb\u021bie cu Telecomunica\u021bii CFR SA \u0219i Tipografica \u201eFilaret\u201d &hellip; <a href=\"https:\/\/microscopemedia.com\/?p=710929\" class=\"more-link\">Read More<\/a><\/p>\n","protected":false},"author":1,"featured_media":710930,"comment_status":"closed","ping_status":"closed","sticky":false,"template":"Default","format":"standard","meta":[],"categories":[1],"tags":[],"_links":{"self":[{"href":"https:\/\/microscopemedia.com\/index.php?rest_route=\/wp\/v2\/posts\/710929"}],"collection":[{"href":"https:\/\/microscopemedia.com\/index.php?rest_route=\/wp\/v2\/posts"}],"about":[{"href":"https:\/\/microscopemedia.com\/index.php?rest_route=\/wp\/v2\/types\/post"}],"author":[{"embeddable":true,"href":"https:\/\/microscopemedia.com\/index.php?rest_route=\/wp\/v2\/users\/1"}],"replies":[{"embeddable":true,"href":"https:\/\/microscopemedia.com\/index.php?rest_route=%2Fwp%2Fv2%2Fcomments&post=710929"}],"version-history":[{"count":0,"href":"https:\/\/microscopemedia.com\/index.php?rest_route=\/wp\/v2\/posts\/710929\/revisions"}],"wp:featuredmedia":[{"embeddable":true,"href":"https:\/\/microscopemedia.com\/index.php?rest_route=\/wp\/v2\/media\/710930"}],"wp:attachment":[{"href":"https:\/\/microscopemedia.com\/index.php?rest_route=%2Fwp%2Fv2%2Fmedia&parent=710929"}],"wp:term":[{"taxonomy":"category","embeddable":true,"href":"https:\/\/microscopemedia.com\/index.php?rest_route=%2Fwp%2Fv2%2Fcategories&post=710929"},{"taxonomy":"post_tag","embeddable":true,"href":"https:\/\/microscopemedia.com\/index.php?rest_route=%2Fwp%2Fv2%2Ftags&post=710929"}],"curies":[{"name":"wp","href":"https:\/\/api.w.org\/{rel}","templated":true}]}}