{"id":710937,"date":"2026-08-31T18:37:03","date_gmt":"2026-08-31T18:37:03","guid":{"rendered":"https:\/\/microscopemedia.com\/?p=710937"},"modified":"2026-08-31T18:37:03","modified_gmt":"2026-08-31T18:37:03","slug":"psd-ataca-usr-dupa-condamnarea-lui-clotilde-armand-partidul-penalilor-si-condamnatilor","status":"publish","type":"post","link":"https:\/\/microscopemedia.com\/?p=710937","title":{"rendered":"PSD atac\u0103 USR dup\u0103 condamnarea lui Clotilde Armand: \u201ePartidul penalilor \u0219i condamna\u021bilor\u201d"},"content":{"rendered":"<div class=\"sgb-google-buttons\">\n<div class=\"display-flex justify-center google-logo\"><img decoding=\"async\" loading=\"lazy\" class=\"mg-x-auto\" width=\"30\" height=\"30\" src=\"https:\/\/microscopemedia.com\/wp-content\/uploads\/2026\/08\/psd-ataca-usr-dupa-condamnarea-lui-clotilde-armand-partidul-penalilor-si-condamnatilor.png\" alt><\/div>\n<\/p><\/div>\n<p id=\"p-0\">\u201eUSR a c\u0103zut \u00een propria minciun\u0103! Dup\u0103 ce Clotilde Armand a fost condamnat\u0103 \u00een prim\u0103 instan\u021b\u0103 \u0219i dup\u0103 ce pre\u0219edintele USR, condamnatul Fritz, \u0219i-a pierdut mandatul de primar din cauza conflictului de interese, USR \u00ee\u0219i demonstreaz\u0103 din plin duplicitatea \u0219i criza moral\u0103 profund\u0103 \u00een care se afl\u0103\u201d, transmite PSD, luni seara, \u00eentr-un comunicat.<\/p>\n<h2 id=\"chapter-0\">Rezolu\u021bia USR privind membrii condamna\u021bi<\/h2>\n<p id=\"p-1\">PSD aminte\u0219te apoi c\u0103, \u00een timpul campaniei electorale preziden\u021biale din 2024, Biroul Na\u021bional al USR a adoptat \u00een unanimitate o rezolu\u021bie referitoare la membrii condamna\u021bi penal.<\/p>\n<p id=\"p-2\">\u201eOrice membru USR care este condamnat penal pentru o infrac\u021biune s\u0103v\u00e2r\u0219it\u0103 cu inten\u021bie, \u00een prim\u0103 instan\u021b\u0103, va fi exclus din partid dac\u0103 nu \u00ee\u0219i va da demisia din USR\u201d, prevedea rezolu\u021bia citat\u0103 de PSD.<\/p>\n<h2 id=\"chapter-1\">PSD: Regula nu a fost aplicat\u0103 \u00een cazul lui Armand<\/h2>\n<p id=\"p-3\">Social-democra\u021bii sus\u021bin c\u0103 regula nu a fost aplicat\u0103 \u00een cazul lui Clotilde Armand, dup\u0103 condamnarea acesteia \u00een prim\u0103 instan\u021b\u0103.<\/p>\n<p id=\"p-4\">\u201eAcum \u00eens\u0103, \u00een pofida condamn\u0103rii primite de Clotilde Armand, nimeni din conducerea USR nu a dispus aplicarea rezolu\u021biei din 2024 \u0219i excluderea INFRACTOAREI din partid. Dimpotriv\u0103, PENALA CONDAMNAT\u0102 Clotilde Armand, sus\u021bine cu un tupeu f\u0103r\u0103 margini c\u0103 va face \u00een continuare politic\u0103 \u00een USR, pe motiv c\u0103 pedeapsa cu \u00eenchisoarea pe care a primit-o nu este cu executare\u201d, transmite PSD.<\/p>\n<h2 id=\"chapter-2\">PSD acuz\u0103 USR de dublu standard<\/h2>\n<p id=\"p-5\">Social-democra\u021bii acuz\u0103 apoi USR c\u0103, \u00een trecut, le-a cerut politicienilor din alte partide s\u0103 se retrag\u0103 din via\u021ba public\u0103 \u00eenainte ca situa\u021biile lor juridice s\u0103 fie solu\u021bionate definitiv.<\/p>\n<p id=\"p-6\">\u201ePSD aminte\u0219te c\u0103, ani la r\u00e2nd, USR a c\u0103lcat \u00een picioare prezum\u021bia constitu\u021bional\u0103 de nevinov\u0103\u021bie, cer\u00e2nd cu agresivitate politicienilor din alte partide \u201es\u0103 fac\u0103 pasul \u00een spate\u201d, cu mult \u00eenainte de a fi judeca\u021bi sau condamna\u021bi definitiv. Acum \u00eens\u0103, fal\u0219ii deontologi din USR fac scut \u00een jurul penalilor \u0219i condamna\u021bilor din partidul lor \u0219i atac\u0103 orbe\u0219te Justi\u021bia, instan\u021bele de judecat\u0103 \u0219i statul de drept din Rom\u00e2nia\u201d.<\/p>\n<p id=\"p-7\">\u201eRu\u0219ine penalilor \u0219i condamna\u021bilor din USR! USR este acum PARTIDUL PENALILOR \u0218I CONDAMNA\u021aILOR \u00ceN FUNC\u021aII PUBLICE!\u201d, \u00eencheie PSD comunicatul.<\/p>\n<h2 id=\"chapter-3\">Clotilde Armand, condamnat\u0103 la un an de \u00eenchisoare<\/h2>\n<p id=\"p-8\"><a href=\"https:\/\/www.mediafax.ro\/stirile-zilei\/clotilde-armand-condamnata-la-1-an-de-inchisoare-pentru-folosirea-functiei-pentru-favorizarea-unor-persoane-interdictie-si-pentru-candidatura-ce-a-stabilit-instanta-de-fond-23799263\">Clotilde Armand,<\/a> fostul primar al Sectorului 1 \u0219i lider al USR, a fost condamnat\u0103 luni pe fond la 1 an de \u00eenchisoare, cu am\u00e2narea aplic\u0103rii pedepsei.<\/p>\n<p id=\"p-9\">Judec\u0103toria Sectorului 1 a stabilit condamnarea inculpatei Armand Clotilde \u2013 Marie \u2013 Brigitte la pedeapsa de 1 an de \u00eenchisoare pentru s\u0103v\u00e2r\u0219irea infrac\u021biunii de folosirea func\u021biei pentru favorizarea unor persoane \u00een form\u0103 continuat\u0103, \u00een patru acte materiale.<\/p>\n<p id=\"p-10\">Procesul a fost deschis \u00een urma unei sesiz\u0103ri transmise de Agen\u021bia Na\u021bional\u0103 de Integritate (ANI). Inspectorii de integritate au reclamat faptul c\u0103 Clotilde Armand s-a numit singur\u0103 \u00een func\u021bia de manager al unui proiect anticorup\u021bie finan\u021bat din fonduri europene \u0219i a semnat dispozi\u021bii prin care \u0219i-a majorat propria indemniza\u021bie lunar\u0103 cu p\u00e2n\u0103 la 30%.<\/p>\n","protected":false},"excerpt":{"rendered":"<p>\u201eUSR a c\u0103zut \u00een propria minciun\u0103! Dup\u0103 ce Clotilde Armand a fost condamnat\u0103 \u00een prim\u0103 instan\u021b\u0103 \u0219i dup\u0103 ce pre\u0219edintele USR, condamnatul Fritz, \u0219i-a pierdut mandatul de primar din cauza &hellip; <a href=\"https:\/\/microscopemedia.com\/?p=710937\" class=\"more-link\">Read More<\/a><\/p>\n","protected":false},"author":1,"featured_media":710938,"comment_status":"closed","ping_status":"closed","sticky":false,"template":"Default","format":"standard","meta":[],"categories":[1],"tags":[],"_links":{"self":[{"href":"https:\/\/microscopemedia.com\/index.php?rest_route=\/wp\/v2\/posts\/710937"}],"collection":[{"href":"https:\/\/microscopemedia.com\/index.php?rest_route=\/wp\/v2\/posts"}],"about":[{"href":"https:\/\/microscopemedia.com\/index.php?rest_route=\/wp\/v2\/types\/post"}],"author":[{"embeddable":true,"href":"https:\/\/microscopemedia.com\/index.php?rest_route=\/wp\/v2\/users\/1"}],"replies":[{"embeddable":true,"href":"https:\/\/microscopemedia.com\/index.php?rest_route=%2Fwp%2Fv2%2Fcomments&post=710937"}],"version-history":[{"count":0,"href":"https:\/\/microscopemedia.com\/index.php?rest_route=\/wp\/v2\/posts\/710937\/revisions"}],"wp:featuredmedia":[{"embeddable":true,"href":"https:\/\/microscopemedia.com\/index.php?rest_route=\/wp\/v2\/media\/710938"}],"wp:attachment":[{"href":"https:\/\/microscopemedia.com\/index.php?rest_route=%2Fwp%2Fv2%2Fmedia&parent=710937"}],"wp:term":[{"taxonomy":"category","embeddable":true,"href":"https:\/\/microscopemedia.com\/index.php?rest_route=%2Fwp%2Fv2%2Fcategories&post=710937"},{"taxonomy":"post_tag","embeddable":true,"href":"https:\/\/microscopemedia.com\/index.php?rest_route=%2Fwp%2Fv2%2Ftags&post=710937"}],"curies":[{"name":"wp","href":"https:\/\/api.w.org\/{rel}","templated":true}]}}