{"id":710939,"date":"2026-08-31T18:56:03","date_gmt":"2026-08-31T18:56:03","guid":{"rendered":"https:\/\/microscopemedia.com\/?p=710939"},"modified":"2026-08-31T18:56:03","modified_gmt":"2026-08-31T18:56:03","slug":"dancila-despre-guvernul-bolojan-au-venit-cu-o-poveste-frumoasa-pe-care-romanii-au-crezut-o-si-eu-am-crezut","status":"publish","type":"post","link":"https:\/\/microscopemedia.com\/?p=710939","title":{"rendered":"D\u0103ncil\u0103, despre Guvernul Bolojan: \u201eAu venit cu o poveste frumoas\u0103 pe care rom\u00e2nii au crezut-o. \u0218i eu am crezut\u201d"},"content":{"rendered":"<div class=\"sgb-google-buttons\">\n<div class=\"display-flex justify-center google-logo\"><img decoding=\"async\" loading=\"lazy\" class=\"mg-x-auto\" width=\"30\" height=\"30\" src=\"https:\/\/microscopemedia.com\/wp-content\/uploads\/2026\/08\/dancila-despre-guvernul-bolojan-au-venit-cu-o-poveste-frumoasa-pe-care-romanii-au-crezut-o-si-eu-am-crezut.png\" alt><\/div>\n<\/p><\/div>\n<p id=\"p-0\">Viorica D\u0103ncil\u0103 a criticat discu\u021biile privind legea salariz\u0103rii, despre care spune c\u0103 au fost folosite pentru a acoperi alte probleme.<\/p>\n<p id=\"p-1\">\u201eUita\u021bi-v\u0103 c\u00e2t\u0103 \u00eenver\u0219unare a fost cu legea salariz\u0103rii, c\u0103 pierdem 770 de milioane \u0219i nenoroceam ni\u0219te domenii foarte importante. Dar nu spuneau c\u0103 noi, din cei 50 de miliarde, despre care pomenea domnul pre\u0219edinte Iohannis, nu am luat dec\u00e2t 13. Deci avem de luat 37 de miliarde p\u00e2n\u0103 la sf\u00e2r\u0219itul anului urm\u0103tor, din cadrul financiar multianual 2021-2027. P\u0103i acolo avem politic\u0103 de coeziune. Ce presupune? Investi\u021bii\u201d, a afirmat fostul premier, la Marius Tuc\u0103 Show de la G\u00e2ndul.<\/p>\n<p id=\"p-2\">D\u0103ncil\u0103 a criticat modul \u00een care sunt stabilite priorit\u0103\u021bile Guvernului \u0219i a dat ca exemple salariile demnitarilor \u0219i m\u0103surile care afecteaz\u0103 anumite categorii sociale.<\/p>\n<p id=\"p-3\">\u201eSunt de acord c\u0103 \u0219i ei merit\u0103 o cre\u0219tere, dar dup\u0103 ce ai crescut la to\u021bi. Adic\u0103 tu vrei s\u0103 tai bursele sociale, ai t\u0103iat de la m\u0103mici, de la persoanele cu dizabilit\u0103\u021bi \u0219i vrei s\u0103 cre\u0219ti salariile mini\u0219trilor. Acest lucru a ar\u0103tat c\u0103, de fapt, nu conteaz\u0103 dec\u00e2t ceea ce \u00eei prive\u0219t. Aceast\u0103 austeritate de care a vorbit domnul Bolojan \u0219i vorbesc \u00een continuare \u0219i cei de la USR \u0219i mai mul\u021bi a fost o austeritate pe care ei vor s\u0103 o suporte doar ceilal\u021bi, nu referitoare la ei. Dac\u0103 e\u0219ti un om corect, aceast\u0103 austeritate \u00eencepe de la v\u00e2rf\u201d, a spus ea.<\/p>\n<h2 id=\"chapter-0\">\u201eLozinci care deranjeaz\u0103\u201d<\/h2>\n<p id=\"p-4\">\u201eAu mai venit cu ni\u0219te lozinci care efectiv deranjeaz\u0103. \u00abTrebuie s\u0103 aliniem taxele \u0219i impozitele la cele europene\u00bb. Dar am aliniat \u0219i salariile \u0219i pensiile?. Deci c\u00e2nd e vorba s\u0103 iei, e\u0219ti primul\u201d, a spus D\u0103ncil\u0103.<\/p>\n<p id=\"p-5\">\u201eCre\u0219terea pre\u021burilor \u0219i infla\u021bia au dus la sc\u0103derea puterii de cump\u0103rare\u201d<\/p>\n<p id=\"p-6\">Fostul premier a sus\u021binut c\u0103 politica de austeritate \u0219i \u00eenghe\u021barea salariilor \u0219i pensiilor afecteaz\u0103 consumul \u0219i economia.<\/p>\n<p id=\"p-7\">\u201eToate aceste m\u0103suri, este economie de clasa a VII-a: cre\u0219terea pre\u021burilor, cre\u0219terea infla\u021biei. Faptul c\u0103 au \u00eenghe\u021bat salarii, pensii \u0219i pre\u021burile au crescut at\u00e2t de mult a dus la sc\u0103derea puterii de cump\u0103rare. Deci ponderea consumului \u00een produsul intern brut a sc\u0103zut foarte mult. Acum, dac\u0103 vrei \u00een continuare s\u0103 mergi pe aceast\u0103 politic\u0103 de austeritate, ce vei face din punct de vedere economic? E o abordare foarte greu de \u00een\u021beles\u201d, a declarat D\u0103ncil\u0103.<\/p>\n<h2 id=\"chapter-1\">D\u0103ncil\u0103: \u201eUn program de guvernare nu este o poveste\u201d<\/h2>\n<p id=\"p-8\">Viorica D\u0103ncil\u0103 a criticat \u0219i modul \u00een care Guvernul Bolojan \u00ee\u0219i pune \u00een aplicare programul de guvernare, sus\u021bin\u00e2nd c\u0103 m\u0103surile adoptate nu ar fi fost prev\u0103zute \u00een forma prezentat\u0103 ini\u021bial.<\/p>\n<p id=\"p-9\">\u201eUn program de guvernare nu este o poveste. Un program de guvernare nu este facultativ, este obligatoriu. Au venit cu o poveste frumoas\u0103 pe care rom\u00e2nii mul\u021bi au crezut-o. Trebuie s\u0103 v\u0103 spun c\u0103 \u0219i eu la \u00eenceput am crezut c\u0103 domnul Bolojan va fi un premier bun. Av\u00e2nd \u00een vedere c\u0103 \u0219i domnul Ciolacu \u0219i doamna Lasconi \u0219i to\u021bi \u00eel voiau prim-ministru. \u0218i m-am g\u00e2ndit c\u0103 d\u00e2nsul va aduce un plus, are experien\u021b\u0103. Programul de guvernare a fost o poveste \u00een care, a\u0219a cum a\u021bi spus, nimic din ceea ce a f\u0103cut nu era prev\u0103zut a fost pus \u00een sertar \u0219i ne-am trezit cu alte lucruri \u201d, a declarat D\u0103ncil\u0103.<\/p>\n<p id=\"p-10\">Potrivit lui D\u0103ncil\u0103, programul de guvernare ar trebui s\u0103 fie un instrument concret, cu termene \u0219i surse de finan\u021bare clar stabilite.<\/p>\n<p id=\"p-11\">\u201eUn program de guvernare trebuie s\u0103 fie o foaie de parcurs: dat\u0103 de \u00eencepere, de finalizare \u0219i proiec\u021bie bugetar\u0103 pentru fiecare proiect\u201d, a afirmat fostul premier.<\/p>\n","protected":false},"excerpt":{"rendered":"<p>Viorica D\u0103ncil\u0103 a criticat discu\u021biile privind legea salariz\u0103rii, despre care spune c\u0103 au fost folosite pentru a acoperi alte probleme. \u201eUita\u021bi-v\u0103 c\u00e2t\u0103 \u00eenver\u0219unare a fost cu legea salariz\u0103rii, c\u0103 pierdem &hellip; <a href=\"https:\/\/microscopemedia.com\/?p=710939\" class=\"more-link\">Read More<\/a><\/p>\n","protected":false},"author":1,"featured_media":710940,"comment_status":"closed","ping_status":"closed","sticky":false,"template":"Default","format":"standard","meta":[],"categories":[1],"tags":[],"_links":{"self":[{"href":"https:\/\/microscopemedia.com\/index.php?rest_route=\/wp\/v2\/posts\/710939"}],"collection":[{"href":"https:\/\/microscopemedia.com\/index.php?rest_route=\/wp\/v2\/posts"}],"about":[{"href":"https:\/\/microscopemedia.com\/index.php?rest_route=\/wp\/v2\/types\/post"}],"author":[{"embeddable":true,"href":"https:\/\/microscopemedia.com\/index.php?rest_route=\/wp\/v2\/users\/1"}],"replies":[{"embeddable":true,"href":"https:\/\/microscopemedia.com\/index.php?rest_route=%2Fwp%2Fv2%2Fcomments&post=710939"}],"version-history":[{"count":0,"href":"https:\/\/microscopemedia.com\/index.php?rest_route=\/wp\/v2\/posts\/710939\/revisions"}],"wp:featuredmedia":[{"embeddable":true,"href":"https:\/\/microscopemedia.com\/index.php?rest_route=\/wp\/v2\/media\/710940"}],"wp:attachment":[{"href":"https:\/\/microscopemedia.com\/index.php?rest_route=%2Fwp%2Fv2%2Fmedia&parent=710939"}],"wp:term":[{"taxonomy":"category","embeddable":true,"href":"https:\/\/microscopemedia.com\/index.php?rest_route=%2Fwp%2Fv2%2Fcategories&post=710939"},{"taxonomy":"post_tag","embeddable":true,"href":"https:\/\/microscopemedia.com\/index.php?rest_route=%2Fwp%2Fv2%2Ftags&post=710939"}],"curies":[{"name":"wp","href":"https:\/\/api.w.org\/{rel}","templated":true}]}}