{"id":710941,"date":"2026-08-31T19:06:03","date_gmt":"2026-08-31T19:06:03","guid":{"rendered":"https:\/\/microscopemedia.com\/?p=710941"},"modified":"2026-08-31T19:06:03","modified_gmt":"2026-08-31T19:06:03","slug":"scandal-la-new-york-inaintea-met-gala-expozitia-dedicata-lui-john-galliano-anulata-dupa-reactii-privind-declaratiile-sale-antisemite","status":"publish","type":"post","link":"https:\/\/microscopemedia.com\/?p=710941","title":{"rendered":"Scandal la New York \u00eenaintea Met Gala. Expozi\u021bia dedicat\u0103 lui John Galliano, anulat\u0103 dup\u0103 reac\u021bii privind declara\u021biile sale antisemite"},"content":{"rendered":"<div class=\"sgb-google-buttons\">\n<div class=\"display-flex justify-center google-logo\"><img decoding=\"async\" loading=\"lazy\" class=\"mg-x-auto\" width=\"30\" height=\"30\" src=\"https:\/\/microscopemedia.com\/wp-content\/uploads\/2026\/08\/scandal-la-new-york-inaintea-met-gala-expozitia-dedicata-lui-john-galliano-anulata-dupa-reactii-privind-declaratiile-sale-antisemite.png\" alt><\/div>\n<\/p><\/div>\n<p class=\"PDq2pG_selectionAnchorContainer\" data-start=\"1585\" data-end=\"1729\" id=\"p-0\">Expozi\u021bia \u201eJohn Galliano: Horizons\u201d era programat\u0103 s\u0103 se desf\u0103\u0219oare timp de nou\u0103 luni \u0219i urma s\u0103 fie lansat\u0103 \u00een contextul Met Gala din luna mai, relateaz\u0103 publica\u021bia <a href=\"https:\/\/www.lemonde.fr\/en\/international\/article\/2026\/08\/31\/galliano-pulls-his-met-gala-exhibition-after-antisemitism-backlash_6757022_4.html\" target=\"_blank\" rel=\"noopener\">Le Monde<\/a>.<\/p>\n<p data-start=\"1731\" data-end=\"1898\" id=\"p-1\">Proiectul a provocat \u00eens\u0103 opozi\u021bia mai multor personalit\u0103\u021bi, printre care dealerul de art\u0103 Arne Glimcher \u0219i Julie Menin, pre\u0219edinta Consiliului Municipal din New York.<\/p>\n<p data-start=\"1900\" data-end=\"2054\" id=\"p-2\">Galliano a anun\u021bat pe Instagram c\u0103, dup\u0103 discu\u021bii cu persoanele implicate, a ajuns la concluzia c\u0103 expozi\u021bia nu ar trebui s\u0103 mai aib\u0103 loc \u00een acest moment.<\/p>\n<p data-start=\"2056\" data-end=\"2277\" id=\"p-3\">\u201eR\u0103m\u00e2n pe deplin responsabil pentru durerea provocat\u0103 de cuvintele mele din trecut, \u00een special pentru suferin\u021ba provocat\u0103 comunit\u0103\u021bilor evreiasc\u0103 \u0219i asiatic\u0103, \u0219i \u00eemi pare \u00een continuare profund r\u0103u\u201d, a transmis designerul.<\/p>\n<p data-start=\"2279\" data-end=\"2581\" id=\"p-4\">Galliano a explicat c\u0103 nu dore\u0219te ca disputa din jurul s\u0103u s\u0103 pun\u0103 Metropolitan Museum \u00eentr-o situa\u021bie dificil\u0103 sau s\u0103 distrag\u0103 aten\u021bia de la activitatea Costume Institute. El a recunoscut, totodat\u0103, c\u0103 o expozi\u021bie organizat\u0103 pentru celebrarea crea\u021biei sale ar putea fi dureroas\u0103 pentru unele persoane.<\/p>\n<h2 data-section-id=\"zm15e5\" data-start=\"2583\" data-end=\"2633\" id=\"chapter-0\">Scandalul din 2011 i-a costat postul de la Dior<\/h2>\n<p data-start=\"2635\" data-end=\"2901\" id=\"p-5\">Controversa \u00ee\u0219i are originea \u00een incidente petrecute la Paris. \u00cen 2011, un tribunal francez l-a condamnat pe Galliano pentru insulte rasiste \u0219i antisemite, dup\u0103 incidente \u00eentr-un bar \u00een care designerul a adresat remarci jignitoare unor persoane evreie\u0219ti \u0219i asiatice.<\/p>\n<p data-start=\"2903\" data-end=\"3100\" id=\"p-6\">Scandalul a avut consecin\u021be majore asupra carierei sale. Galliano a fost concediat din func\u021bia de director de crea\u021bie al Dior, una dintre cele mai importante pozi\u021bii din industria mondial\u0103 a modei.<\/p>\n<p data-start=\"3102\" data-end=\"3319\" id=\"p-7\">Designerul a f\u0103cut referire acum \u0219i la procesul de recuperare prin care a trecut ulterior, mul\u021bumindu-le celor care l-au sprijinit \u00een cei 15 ani de sobrietate \u0219i recuperare dup\u0103 dependen\u021ba de alcool \u0219i alte substan\u021be.<\/p>\n<h2 data-section-id=\"13k7b1l\" data-start=\"3321\" data-end=\"3371\" id=\"chapter-1\">Metropolitan Museum va preg\u0103ti o alt\u0103 expozi\u021bie<\/h2>\n<p data-start=\"3373\" data-end=\"3541\" id=\"p-8\">Metropolitan Museum of Art a confirmat c\u0103 proiectul dedicat lui Galliano nu va mai avea loc conform planului \u0219i a anun\u021bat c\u0103 o alt\u0103 expozi\u021bie va fi prezentat\u0103 ulterior.<\/p>\n<p data-start=\"3543\" data-end=\"3794\" id=\"p-9\">Andrew Bolton, curatorul responsabil de Costume Institute, a sus\u021binut decizia, afirm\u00e2nd c\u0103 muzeele au responsabilitatea de a examina episoadele istorice dificile cu rigoare \u0219i transparen\u021b\u0103, dar \u0219i de a \u021bine cont de suferin\u021ba \u0219i \u00eengrijorarea provocate.<\/p>\n<p data-start=\"3796\" data-end=\"3972\" id=\"p-10\">Anna Wintour, membr\u0103 \u00een conducerea Met \u0219i una dintre cele mai influente personalit\u0103\u021bi ale industriei modei, \u0219i-a exprimat, la r\u00e2ndul s\u0103u, sprijinul pentru decizia designerului.<\/p>\n<p data-start=\"3974\" data-end=\"4209\" id=\"p-11\">Dup\u0103 plecarea de la Dior, Galliano \u0219i-a reconstruit treptat cariera \u0219i a condus timp de un deceniu crea\u021bia Maison Margiela, p\u00e2n\u0103 \u00een 2024. \u00cen martie 2026, designerul a semnat un contract de crea\u021bie pe doi ani cu retailerul spaniol Zara.<\/p>\n","protected":false},"excerpt":{"rendered":"<p>Expozi\u021bia \u201eJohn Galliano: Horizons\u201d era programat\u0103 s\u0103 se desf\u0103\u0219oare timp de nou\u0103 luni \u0219i urma s\u0103 fie lansat\u0103 \u00een contextul Met Gala din luna mai, relateaz\u0103 publica\u021bia Le Monde. Proiectul &hellip; <a href=\"https:\/\/microscopemedia.com\/?p=710941\" class=\"more-link\">Read More<\/a><\/p>\n","protected":false},"author":1,"featured_media":710942,"comment_status":"closed","ping_status":"closed","sticky":false,"template":"Default","format":"standard","meta":[],"categories":[1],"tags":[],"_links":{"self":[{"href":"https:\/\/microscopemedia.com\/index.php?rest_route=\/wp\/v2\/posts\/710941"}],"collection":[{"href":"https:\/\/microscopemedia.com\/index.php?rest_route=\/wp\/v2\/posts"}],"about":[{"href":"https:\/\/microscopemedia.com\/index.php?rest_route=\/wp\/v2\/types\/post"}],"author":[{"embeddable":true,"href":"https:\/\/microscopemedia.com\/index.php?rest_route=\/wp\/v2\/users\/1"}],"replies":[{"embeddable":true,"href":"https:\/\/microscopemedia.com\/index.php?rest_route=%2Fwp%2Fv2%2Fcomments&post=710941"}],"version-history":[{"count":0,"href":"https:\/\/microscopemedia.com\/index.php?rest_route=\/wp\/v2\/posts\/710941\/revisions"}],"wp:featuredmedia":[{"embeddable":true,"href":"https:\/\/microscopemedia.com\/index.php?rest_route=\/wp\/v2\/media\/710942"}],"wp:attachment":[{"href":"https:\/\/microscopemedia.com\/index.php?rest_route=%2Fwp%2Fv2%2Fmedia&parent=710941"}],"wp:term":[{"taxonomy":"category","embeddable":true,"href":"https:\/\/microscopemedia.com\/index.php?rest_route=%2Fwp%2Fv2%2Fcategories&post=710941"},{"taxonomy":"post_tag","embeddable":true,"href":"https:\/\/microscopemedia.com\/index.php?rest_route=%2Fwp%2Fv2%2Ftags&post=710941"}],"curies":[{"name":"wp","href":"https:\/\/api.w.org\/{rel}","templated":true}]}}