{"id":710943,"date":"2026-08-31T19:16:03","date_gmt":"2026-08-31T19:16:03","guid":{"rendered":"https:\/\/microscopemedia.com\/?p=710943"},"modified":"2026-08-31T19:16:03","modified_gmt":"2026-08-31T19:16:03","slug":"avertismentul-lui-peter-magyar-pentru-ue-trebuie-sa-decida-daca-vrea-doar-sa-supravietuiasca-sau-sa-castige","status":"publish","type":"post","link":"https:\/\/microscopemedia.com\/?p=710943","title":{"rendered":"Avertismentul lui P\u00e9ter Magyar pentru UE: Trebuie s\u0103 decid\u0103 dac\u0103 vrea \u201edoar s\u0103 supravie\u021buiasc\u0103 sau s\u0103 c\u00e2\u0219tige\u201d"},"content":{"rendered":"<div class=\"sgb-google-buttons\">\n<div class=\"display-flex justify-center google-logo\"><img decoding=\"async\" loading=\"lazy\" class=\"mg-x-auto\" width=\"30\" height=\"30\" src=\"https:\/\/microscopemedia.com\/wp-content\/uploads\/2026\/08\/avertismentul-lui-peter-magyar-pentru-ue-trebuie-sa-decida-daca-vrea-doar-sa-supravietuiasca-sau-sa-castige.png\" alt><\/div>\n<\/p><\/div>\n<p id=\"p-0\">Magyar a f\u0103cut declara\u021biile la Forumul Strategic de la Bled, unde a participat la discu\u021bii despre cooperarea regional\u0103 \u0219i competitivitate al\u0103turi de premierul Sloveniei, Janez Jan\u0161a, premierul Croa\u021biei, Andrej Plenkovi\u0107, \u0219i premierul Cehiei, Andrej Babi\u0161, potrivit <a href=\"https:\/\/www.euronews.com\/my-europe\/2026\/08\/31\/magyar-says-eu-must-decide-whether-to-survive-or-win-and-slams-brussels-lack-of-leadership\" target=\"_blank\" rel=\"noopener\">Euronews<\/a>.<\/p>\n<h2 id=\"chapter-0\">Magyar acuz\u0103 UE de lips\u0103 de leadership<\/h2>\n<p id=\"p-1\">\u201eExist\u0103, ca s\u0103 fiu sincer, o lips\u0103 de leadership politic \u00een Uniunea European\u0103\u201d, a spus Magyar, indic\u00e2nd birocra\u021bia UE, despre care afirm\u0103 c\u0103 \u00eempiedic\u0103 luarea unor m\u0103suri.<\/p>\n<p id=\"p-2\">\u201eMi s-a spus de c\u0103tre un membru al Consiliului European s\u0103 nu m\u0103 ocup deloc de birocra\u021bie, s\u0103 nu le r\u0103spund, pentru c\u0103 vor distruge ini\u021biativele. Le vor \u00eenghi\u021bi. \u0218i nu este un semn bun. Cred c\u0103 ar trebui s\u0103 ne concentr\u0103m din nou asupra realit\u0103\u021bii\u201d, a declarat premierul ungar.<\/p>\n<p id=\"p-3\">Magyar a sus\u021binut c\u0103, \u00een timp ce UE se concentreaz\u0103 asupra unor chestiuni institu\u021bionale, China se preg\u0103te\u0219te s\u0103 finan\u021beze centrale nucleare \u0219i fabrici de automobile \u00een Europa.<\/p>\n<p id=\"p-4\">\u201eExist\u0103 deja \u0219i la Bruxelles sentimentul c\u0103 trebuie s\u0103 ne schimb\u0103m \u0219i, \u00een opinia mea, ar trebui s\u0103 decidem dac\u0103 Uniunea European\u0103 vrea doar s\u0103 supravie\u021buiasc\u0103 sau s\u0103 c\u00e2\u0219tige\u201d, a spus Magyar.<\/p>\n<h2 id=\"chapter-1\">Critici la adresa Bruxelles-ului pentru amenda privind migra\u021bia<\/h2>\n<p id=\"p-5\">Premierul ungar, care face parte din aceea\u0219i familie politic\u0103 de centru-dreapta, Partidul Popular European, ca pre\u0219edinta Comisiei Europene, Ursula von der Leyen, a criticat \u0219i amenda zilnic\u0103 impus\u0103 Ungariei \u00een dosarul migra\u021biei.<\/p>\n<p id=\"p-6\">Bruxelles-ul a amendat Ungaria cu 200 de milioane de euro, la care se adaug\u0103 o penalizare zilnic\u0103, \u00een 2024, dup\u0103 ce guvernul Viktor Orb\u00e1n nu a pus \u00een aplicare o hot\u0103r\u00e2re din 2020 a Cur\u021bii de Justi\u021bie a Uniunii Europene privind migra\u021bia. Instan\u021ba a stabilit c\u0103 Ungaria a \u00eenc\u0103lcat legisla\u021bia UE prin faptul c\u0103 nu a garantat solicitan\u021bilor de azil dreptul la un tratament echitabil.<\/p>\n<p id=\"p-7\">\u201eEste destul de dificil s\u0103 le explic\u0103m ungurilor de ce Ungaria este tratat\u0103 at\u00e2t de nedrept la Bruxelles \u00een aceste chestiuni. Avem o hot\u0103r\u00e2re a instan\u021bei; trebuie s\u0103 pl\u0103tim un milion de euro pe zi doar pentru ap\u0103rarea frontierelor comune europene. Nu este corect \u0219i nimeni nu este preg\u0103tit s\u0103 rezolve aceast\u0103 problem\u0103\u201d, a declarat Magyar.<\/p>\n<h2 id=\"chapter-2\">Aproape un miliard de euro, amenzi pentru Ungaria<\/h2>\n<p id=\"p-8\">\u00cen timpul guvern\u0103rii lui Orb\u00e1n, Ungaria a construit un gard la grani\u021ba cu Serbia pentru a \u00eempiedica intrarea migran\u021bilor \u00een \u021bar\u0103. Cererile de azil trebuiau depuse la consulatul Ungariei din Belgrad, iar marea majoritate au fost respinse. Din aceast\u0103 cauz\u0103, Ungaria a fost obligat\u0103 s\u0103 pl\u0103teasc\u0103 amenzi europene de aproape un miliard de euro.<\/p>\n<p id=\"p-9\">\u00cen timpul campaniei electorale, Magyar a promis o resetare complet\u0103 a rela\u021biilor dintre Budapesta \u0219i alia\u021bii occidentali din UE \u0219i NATO.<\/p>\n<p id=\"p-10\">Dup\u0103 formarea guvernului, acesta a ajuns la un acord cu Comisia European\u0103 pentru deblocarea a 16,4 miliarde de euro din fondurile Ungariei \u00eenghe\u021bate anterior. Guvernul s\u0103u a anun\u021bat luni c\u0103 a \u00eendeplinit toate obiectivele legate de Fondul de redresare \u00een valoare de 10 miliarde de euro, prin modificarea legisla\u021biei privind combaterea corup\u021biei \u0219i justi\u021bia.<\/p>\n","protected":false},"excerpt":{"rendered":"<p>Magyar a f\u0103cut declara\u021biile la Forumul Strategic de la Bled, unde a participat la discu\u021bii despre cooperarea regional\u0103 \u0219i competitivitate al\u0103turi de premierul Sloveniei, Janez Jan\u0161a, premierul Croa\u021biei, Andrej Plenkovi\u0107, &hellip; <a href=\"https:\/\/microscopemedia.com\/?p=710943\" class=\"more-link\">Read More<\/a><\/p>\n","protected":false},"author":1,"featured_media":710944,"comment_status":"closed","ping_status":"closed","sticky":false,"template":"Default","format":"standard","meta":[],"categories":[1],"tags":[],"_links":{"self":[{"href":"https:\/\/microscopemedia.com\/index.php?rest_route=\/wp\/v2\/posts\/710943"}],"collection":[{"href":"https:\/\/microscopemedia.com\/index.php?rest_route=\/wp\/v2\/posts"}],"about":[{"href":"https:\/\/microscopemedia.com\/index.php?rest_route=\/wp\/v2\/types\/post"}],"author":[{"embeddable":true,"href":"https:\/\/microscopemedia.com\/index.php?rest_route=\/wp\/v2\/users\/1"}],"replies":[{"embeddable":true,"href":"https:\/\/microscopemedia.com\/index.php?rest_route=%2Fwp%2Fv2%2Fcomments&post=710943"}],"version-history":[{"count":0,"href":"https:\/\/microscopemedia.com\/index.php?rest_route=\/wp\/v2\/posts\/710943\/revisions"}],"wp:featuredmedia":[{"embeddable":true,"href":"https:\/\/microscopemedia.com\/index.php?rest_route=\/wp\/v2\/media\/710944"}],"wp:attachment":[{"href":"https:\/\/microscopemedia.com\/index.php?rest_route=%2Fwp%2Fv2%2Fmedia&parent=710943"}],"wp:term":[{"taxonomy":"category","embeddable":true,"href":"https:\/\/microscopemedia.com\/index.php?rest_route=%2Fwp%2Fv2%2Fcategories&post=710943"},{"taxonomy":"post_tag","embeddable":true,"href":"https:\/\/microscopemedia.com\/index.php?rest_route=%2Fwp%2Fv2%2Ftags&post=710943"}],"curies":[{"name":"wp","href":"https:\/\/api.w.org\/{rel}","templated":true}]}}