{"id":710949,"date":"2026-08-31T20:06:03","date_gmt":"2026-08-31T20:06:03","guid":{"rendered":"https:\/\/microscopemedia.com\/?p=710949"},"modified":"2026-08-31T20:06:03","modified_gmt":"2026-08-31T20:06:03","slug":"dollyfest-un-festival-in-onoarea-lui-dolly-parton-va-avea-loc-la-nashville-si-londra","status":"publish","type":"post","link":"https:\/\/microscopemedia.com\/?p=710949","title":{"rendered":"\u201eDollyFest\u201d, un festival \u00een onoarea lui Dolly Parton, va avea loc la Nashville \u0219i Londra"},"content":{"rendered":"<div class=\"sgb-google-buttons\">\n<div class=\"display-flex justify-center google-logo\"><img decoding=\"async\" loading=\"lazy\" class=\"mg-x-auto\" width=\"30\" height=\"30\" src=\"https:\/\/microscopemedia.com\/wp-content\/uploads\/2026\/08\/dollyfest-un-festival-in-onoarea-lui-dolly-parton-va-avea-loc-la-nashville-si-londra.png\" alt><\/div>\n<\/p><\/div>\n<p id=\"p-0\">Datele specifice \u00een care va fi organizat evenimentul vor fi dezv\u0103luite ulterior.<\/p>\n<p id=\"p-1\">Conform <a href=\"https:\/\/www.bbc.com\/news\/articles\/c5ywd9q3ywvo\" target=\"_blank\" rel=\"noopener\">BBC<\/a>, Dolly Parton \u00eens\u0103\u0219i a visat la o versiune anterioar\u0103 a evenimentului, \u00een care urma s\u0103 g\u0103zduiasc\u0103 \u0219i s\u0103 c\u00e2nte al\u0103turi de al\u021bi arti\u0219ti.<\/p>\n<p id=\"p-2\">\u00cens\u0103, evenimentul ini\u021bial din ianuarie 2026 a fost anulat \u00eenainte de a fi anun\u021bat public, din cauza problemelor de s\u0103n\u0103tate ale lui Parton, au declarat reprezentan\u021bii acesteia.<\/p>\n<p id=\"p-3\">\u201eDOLLYFEST va fi petrecerea vie\u021bii sale pe care a vrut s\u0103 o \u00eemp\u0103rt\u0103\u0219easc\u0103 cu lumea\u201d au ad\u0103ugat ace\u0219tia.<\/p>\n<p id=\"p-4\">DollyFest va \u00eenlocui tradi\u021bionalul eveniment public de comemorare a artistei, care <a href=\"https:\/\/www.mediafax.ro\/cultura-media\/dolly-parton-legenda-muzicii-country-a-murit-la-80-de-ani-23795970\">a murit la v\u00e2rsta de 80 de ani<\/a>, pe 25 august.<\/p>\n<p id=\"p-5\"><span dir=\"auto\">Ea a fost&nbsp;<\/span><span dir=\"auto\">\u00eenmorm\u00e2ntat\u0103<\/span><span dir=\"auto\"> vineri, <a href=\"https:\/\/www.mediafax.ro\/stirile-zilei\/dolly-parton-a-fost-inmormantata-alaturi-de-sotul-ei-anuntul-a-fost-facut-de-stranepoata-cantaretei-23799292\">la o \u00eenmorm\u00e2ntare<\/a> privat\u0103 \u00een familie, la Nashville. Artista a fost a\u0219ezat\u0103 l\u00e2ng\u0103 regretatul ei so\u021b, Carl Dean, la Woodlawn Memorial Park and Mausoleum din ora\u0219ul din Tennessee, a declarat str\u0103nepoata sa.<\/span><\/p>\n<p id=\"p-6\">Organizatorul DollyFest, Danny Nozell, a declarat c\u0103 Parton nu \u0219i-a dorit o comemorare tradi\u021bional\u0103.<\/p>\n<p id=\"p-7\">\u201eNi se pare mai potrivit s\u0103 lu\u0103m o pauz\u0103, s\u0103 l\u0103s\u0103m toate omagiile care au sens imediat s\u0103 apar\u0103 \u00een mod natural \u0219i apoi s\u0103 vedem prin ce trece acest concept \u00een stil festivalier, care a fost cu adev\u0103rat visat de Dolly\u201d, a spus Nozell, potrivit sursei.<\/p>\n<p id=\"p-8\">\u201eEste ceva autentic pentru ea, ceva ce mi se pare potrivit \u0219i ceva la care arti\u0219tii \u0219i fanii din \u00eentreaga lume pot participa, oferind \u00een acela\u0219i timp tuturor timp s\u0103 jeleasc\u0103 \u0219i s\u0103 fac\u0103 planuri\u201d, a ad\u0103ugat el.<\/p>\n<p id=\"p-9\">De la moartea ei, <a href=\"https:\/\/www.mediafax.ro\/life-entertaiment\/lumea-muzicii-o-plange-pe-dolly-parton-taylor-swift-o-lume-fara-dolly-nu-pare-posibila-23796134\">omagiile emo\u021bionante din partea vedetelor<\/a>, politicienilor \u0219i nenum\u0103ra\u021bilor fani au inundat re\u021belele de socializare.<\/p>\n","protected":false},"excerpt":{"rendered":"<p>Datele specifice \u00een care va fi organizat evenimentul vor fi dezv\u0103luite ulterior. Conform BBC, Dolly Parton \u00eens\u0103\u0219i a visat la o versiune anterioar\u0103 a evenimentului, \u00een care urma s\u0103 g\u0103zduiasc\u0103 &hellip; <a href=\"https:\/\/microscopemedia.com\/?p=710949\" class=\"more-link\">Read More<\/a><\/p>\n","protected":false},"author":1,"featured_media":710950,"comment_status":"closed","ping_status":"closed","sticky":false,"template":"Default","format":"standard","meta":[],"categories":[1],"tags":[],"_links":{"self":[{"href":"https:\/\/microscopemedia.com\/index.php?rest_route=\/wp\/v2\/posts\/710949"}],"collection":[{"href":"https:\/\/microscopemedia.com\/index.php?rest_route=\/wp\/v2\/posts"}],"about":[{"href":"https:\/\/microscopemedia.com\/index.php?rest_route=\/wp\/v2\/types\/post"}],"author":[{"embeddable":true,"href":"https:\/\/microscopemedia.com\/index.php?rest_route=\/wp\/v2\/users\/1"}],"replies":[{"embeddable":true,"href":"https:\/\/microscopemedia.com\/index.php?rest_route=%2Fwp%2Fv2%2Fcomments&post=710949"}],"version-history":[{"count":0,"href":"https:\/\/microscopemedia.com\/index.php?rest_route=\/wp\/v2\/posts\/710949\/revisions"}],"wp:featuredmedia":[{"embeddable":true,"href":"https:\/\/microscopemedia.com\/index.php?rest_route=\/wp\/v2\/media\/710950"}],"wp:attachment":[{"href":"https:\/\/microscopemedia.com\/index.php?rest_route=%2Fwp%2Fv2%2Fmedia&parent=710949"}],"wp:term":[{"taxonomy":"category","embeddable":true,"href":"https:\/\/microscopemedia.com\/index.php?rest_route=%2Fwp%2Fv2%2Fcategories&post=710949"},{"taxonomy":"post_tag","embeddable":true,"href":"https:\/\/microscopemedia.com\/index.php?rest_route=%2Fwp%2Fv2%2Ftags&post=710949"}],"curies":[{"name":"wp","href":"https:\/\/api.w.org\/{rel}","templated":true}]}}